{"id":24100,"date":"2024-02-22T00:03:41","date_gmt":"2024-02-22T03:03:41","guid":{"rendered":"https:\/\/revistaepocadigital.com.ar\/?p=24100"},"modified":"2024-02-23T00:45:56","modified_gmt":"2024-02-23T03:45:56","slug":"juan-bocca-otra-vez-en-la-seleccion-argentina-de-basquet","status":"publish","type":"post","link":"https:\/\/revistaepocadigital.com.ar\/?p=24100","title":{"rendered":"Juan Bocca en la selecci\u00f3n argentina de basquet con las mejores figuras"},"content":{"rendered":"<div>\n<div class=\"x1cy8zhl x78zum5 x1q0g3np xod5an3 x1pi30zi x1swvt13 xz9dl7a\">\n<div class=\"x1iyjqo2\">\n<div class=\"x78zum5 xdt5ytf xz62fqu x16ldp7u\">\n<div class=\"xu06os2 x1ok221b\"><span class=\"x193iq5w xeuugli x13faqbe x1vvkbs x1xmvt09 x1lliihq x1s928wv xhkezso x1gmr53x x1cpjm7i x1fgarty x1943h6x x4zkp8e x676frb x1nxh6w3 x1sibtaa xo1l8bm xi81zsa x1yc453h\" dir=\"auto\"><span id=\":riu:\"><span class=\"x4k7w5x x1h91t0o x1h9r5lt x1jfb8zj xv2umb2 x1beo9mf xaigb6o x12ejxvf x3igimt xarpa2k xedcshv x1lytzrv x1t2pt76 x7ja8zs x1qrby5j\"><a class=\"x1i10hfl xjbqb8w x1ejq31n xd10rxx x1sy0etr x17r0tee x972fbf xcfux6l x1qhh985 xm0m39n x9f619 x1ypdohk xt0psk2 xe8uvvx xdj266r x11i5rnm xat24cr x1mh8g0r xexx8yu x4uap5 x18d9i69 xkhd6sd x16tdsg8 x1hl2dhg xggy1nq x1a2a7pz x1heor9g xt0b8zv xo1l8bm\" tabindex=\"0\" role=\"link\" href=\"https:\/\/www.facebook.com\/Deportes.Exaltacion\/posts\/pfbid0RfXUei8ss8JCFMMzRf1pHQKYfrEB1gt3PMX2bqByQR6muh2YGf5RzgBQ3TGZdGKCl?__cft__[0]=AZW9KzJOHrHkv5plz-0aQ-SzQg3xbod0DPxFqTK1590-hr3Af9zTm46T0OjPT3bURR-BsSALpssgUh7sh35Zk4V2Gj0LoAY3WMAdWRJ_OeFJiCjM6QFsZVPwVVB48xrezXi4rZ_zEqmvDHQdk9sKhTmJh2BWLwChcbbtXwEto_IcY3ckrEAoZYKHBnSTrXTuHZo&amp;__tn__=%2CO%2CP-R\"><span class=\"x1rg5ohu x6ikm8r x10wlt62 x16dsc37 xt0b8zv\" aria-labelledby=\":rj5:\">\u00a0NUEVO GRAN RECONOCIMIENTO PARA EL CAPILLENSE, EN EL PLANTEL JUNTO A LOS MEJORES JUGADORES ARGENTINOS.<\/span><\/a><\/span><\/span><\/span><\/div>\n<div class=\"xu06os2 x1ok221b\"><\/div>\n<div>Juan Bocca junto a La Selecci\u00f3n Argentina de B\u00e1squet mayor que debut\u00f3 con victoria ante Chile, en el Clasificatorio a la AmeriCup 2025, en el Polideportivo Islas Malvinas de Mar del Plata. El encuentro, correspondiente a la primera fecha del grupo A.<\/div>\n<\/div>\n<\/div>\n<\/div>\n<\/div>\n<p><!--more--><\/p>\n<div class=\"post_details\"><\/div>\n<div><img loading=\"lazy\" decoding=\"async\" class=\"aligncenter size-full wp-image-24112\" src=\"https:\/\/revistaepocadigital.com.ar\/wp-content\/uploads\/2024\/02\/BOCCA-SELECC-24-1.jpg\" alt=\"\" width=\"710\" height=\"675\" srcset=\"https:\/\/revistaepocadigital.com.ar\/wp-content\/uploads\/2024\/02\/BOCCA-SELECC-24-1.jpg 710w, https:\/\/revistaepocadigital.com.ar\/wp-content\/uploads\/2024\/02\/BOCCA-SELECC-24-1-300x285.jpg 300w, https:\/\/revistaepocadigital.com.ar\/wp-content\/uploads\/2024\/02\/BOCCA-SELECC-24-1-696x662.jpg 696w, https:\/\/revistaepocadigital.com.ar\/wp-content\/uploads\/2024\/02\/BOCCA-SELECC-24-1-442x420.jpg 442w\" sizes=\"auto, (max-width: 710px) 100vw, 710px\" \/><\/div>\n<div><em>El pibe capillense junto a otros juveniles, celebra el triunfo ante Chile.<\/em><\/div>\n<div><\/div>\n<div class=\"itemBody\">\n<p>Por la primera ventana clasificatoria de cara a la AmeriCup 2025, la Selecci\u00f3n Nacional super\u00f3 con comodidad a Chile por 90 a 78, en un encuentro disputado en el Polideportivo Islas Malvinas de la ciudad de Mar del Plata. La carta de gol m\u00e1s preponderante fue Nicol\u00e1s Brussino con 19 puntos 5\/10 en triples, mientras que Gabriel Deck (17 puntos y 10 rebotes), Facundo Campazzo (15 puntos y 8 asistencias), Lucio Redivo (12 puntos) y Marcos D\u00b4Elia (11) acompa\u00f1aron en la faceta ofensiva albiceleste.<\/p>\n<p>Fue un comienzo de partido auspicioso para Hern\u00e1n Mandole y sus dirigidos, con los due\u00f1os de casa imprimiendo su caracter\u00edstico ritmo vertiginoso para neutralizar las estrategias contrarias y para sacar r\u00e9dito del dinamismo de las transiciones. La circulaci\u00f3n del bal\u00f3n y el juego asociado del per\u00edmetro abri\u00f3 los espacios en la defensa para que estandartes como Facundo Campazzo, Lucio Redivo y Nicolas Brussino castigaran con libertad desde 6,75 (5\/8 en el primer cuarto).<\/p>\n<p>En el segundo segmento la situaci\u00f3n se revirti\u00f3, con Manuel Suarez ofreci\u00e9ndose como una soluci\u00f3n para el profesor C\u00f3rdoba y el resto de sus compatriotas. La visita jug\u00f3 mucho m\u00e1s suelto que el parcial anterior y desde los rebotes ofensivos (7) generaron varias acciones de segundas oportunidades para emparejar el marcador a menos de un d\u00edgito de diferencia (50-43).<\/p>\n<p>Al regreso de los vestuarios, la mayor demostr\u00f3 mayor conformidad producto de la desesperaci\u00f3n de Chile por querer igualar de manera apresurada el desarrollo del cotejo y as\u00ed llegar con algunas posibilidades dem\u00e1s al cierre de la jornada. La brecha continu\u00f3 expandi\u00e9ndose conforme transcurrieron los minutos, con Argentina ejerciendo una presi\u00f3n a todos los sectores del campo para asegurar el triunfo por 90 a 78.<\/p>\n<p>Durante la jornada del viernes, la delegaci\u00f3n partir\u00e1 rumbo a Chile para cerrar la primera ventana clasificatoria. El cruce ante el combinado local se jugar\u00e1 el pr\u00f3ximo domingo 25 de febrero a partir de las 21.20hs, en Coliseo Municipal de Valdivia. Cabe recordar que Argentina integra el Grupo A junto a Colombia, Venezuela y a Chile.<\/p>\n<p>La segunda ventana est\u00e1 prevista para el viernes 22 y lunes 25 de noviembre, con la Selecci\u00f3n recibiendo a Venezuela y Colombia. En febrero 2025 concluir\u00e1 su participaci\u00f3n en la zona en condici\u00f3n de visitante, enfrentando el jueves 20 a Venezuela y el domingo 23 a Colombia.<\/p>\n<p>Los tres mejores equipos del Grupo A, B y D junto a los dos mejores del Grupo C y el pa\u00eds anfitri\u00f3n obtendr\u00e1n su lugar en la AmeriCup 2025, certamen que se disputar\u00e1 del 23 al 31 de agosto en Managua, Nicaragua.<\/p>\n<p>Fotos: Gentileza FIBA<\/p>\n<\/div>\n<p>&nbsp;<\/p>\n<p style=\"text-align: center;\"><strong>&#8212;&#8212;&#8212;&#8212;&#8212;&#8212;&#8212;&#8212;&#8212;&#8212;&#8212;&#8212;&#8212;-<\/strong><\/p>\n<div>\n<div class=\"\" dir=\"auto\">\n<div id=\":riv:\" class=\"x1iorvi4 x1pi30zi x1l90r2v x1swvt13\" data-ad-comet-preview=\"message\" data-ad-preview=\"message\">\n<div class=\"x78zum5 xdt5ytf xz62fqu x16ldp7u\">\n<div class=\"xu06os2 x1ok221b\">\n<div class=\"x11i5rnm xat24cr x1mh8g0r x1vvkbs xtlvy1s x126k92a\">\n<div dir=\"auto\">Argentina integra el Grupo A junto a Chile, Colombia y Venezuela. El Clasificatorio tiene su segunda ventana estipulada para noviembre (viernes 22 vs Venezuela y lunes 25 vs Colombia) donde la Selecci\u00f3n ser\u00e1 local. En tanto en febrero 2025, en condici\u00f3n de visitante, se cerrar\u00e1 el grupo enfrentando el jueves 20 a Venezuela y el domingo 23 a Colombia.<\/div>\n<div dir=\"auto\"><\/div>\n<\/div>\n<div class=\"x11i5rnm xat24cr x1mh8g0r x1vvkbs xtlvy1s x126k92a\">\n<div dir=\"auto\">Los tres mejores equipos del Grupo A, B y D junto a los dos mejores del Grupo C y el pa\u00eds anfitri\u00f3n se clasificar\u00e1n al torneo. La AmeriCup 2025 se disputar\u00e1 del 23 al 31 de agosto en Managua, Nicaragua.<\/div>\n<\/div>\n<div dir=\"auto\"><\/div>\n<div class=\"x11i5rnm xat24cr x1mh8g0r x1vvkbs xtlvy1s x126k92a\">\n<div dir=\"auto\">El plantel del seleccionado argentino.<\/div>\n<div dir=\"auto\"><\/div>\n<\/div>\n<div class=\"x11i5rnm xat24cr x1mh8g0r x1vvkbs xtlvy1s x126k92a\">\n<div dir=\"auto\">Bocca, Juan &#8211; Monbus Obradoiro, Espa\u00f1a<\/div>\n<\/div>\n<div class=\"x11i5rnm xat24cr x1mh8g0r x1vvkbs xtlvy1s x126k92a\">\n<div dir=\"auto\">Bolmaro, Leandro &#8211; Bayern Munich, Alemania<\/div>\n<\/div>\n<div class=\"x11i5rnm xat24cr x1mh8g0r x1vvkbs xtlvy1s x126k92a\">\n<div dir=\"auto\">Bressan, Gonzalo &#8211; Castell\u00f3, Espa\u00f1a<\/div>\n<\/div>\n<div class=\"x11i5rnm xat24cr x1mh8g0r x1vvkbs xtlvy1s x126k92a\">\n<div dir=\"auto\">Brussino, Nicol\u00e1s &#8211; Gran Canaria, Espa\u00f1a<\/div>\n<\/div>\n<div class=\"x11i5rnm xat24cr x1mh8g0r x1vvkbs xtlvy1s x126k92a\">\n<div dir=\"auto\">Campazzo, Facundo &#8211; Real Madrid, Espa\u00f1a<\/div>\n<\/div>\n<div class=\"x11i5rnm xat24cr x1mh8g0r x1vvkbs xtlvy1s x126k92a\">\n<div dir=\"auto\">Corbal\u00e1n, Gonzalo &#8211; San Pablo Burgos, Espa\u00f1a<\/div>\n<\/div>\n<div class=\"x11i5rnm xat24cr x1mh8g0r x1vvkbs xtlvy1s x126k92a\">\n<div dir=\"auto\">Deck, Gabriel &#8211; Real Madrid, Espa\u00f1a<\/div>\n<\/div>\n<div class=\"x11i5rnm xat24cr x1mh8g0r x1vvkbs xtlvy1s x126k92a\">\n<div dir=\"auto\">Del\u00eda, Marcos &#8211; APU Udinese, Italia<\/div>\n<\/div>\n<div class=\"x11i5rnm xat24cr x1mh8g0r x1vvkbs xtlvy1s x126k92a\">\n<div dir=\"auto\">Fern\u00e1ndez, Juan &#8211; Breog\u00e1n, Espa\u00f1a<\/div>\n<\/div>\n<div class=\"x11i5rnm xat24cr x1mh8g0r x1vvkbs xtlvy1s x126k92a\">\n<div dir=\"auto\">Giovannetti, Lucas &#8211; Movistar Estudiantes, Espa\u00f1a<\/div>\n<\/div>\n<div class=\"x11i5rnm xat24cr x1mh8g0r x1vvkbs xtlvy1s x126k92a\">\n<div dir=\"auto\">Marcos, Juan Ignacio &#8211; Girona, Espa\u00f1a<\/div>\n<\/div>\n<div class=\"x11i5rnm xat24cr x1mh8g0r x1vvkbs xtlvy1s x126k92a\">\n<div dir=\"auto\">Redivo, Lucio &#8211; UEB Cividale, Italia<\/div>\n<\/div>\n<\/div>\n<\/div>\n<\/div>\n<\/div>\n<\/div>\n<p><img loading=\"lazy\" decoding=\"async\" class=\"aligncenter size-full wp-image-24101\" src=\"https:\/\/revistaepocadigital.com.ar\/wp-content\/uploads\/2024\/02\/bocca-j.jpg\" alt=\"\" width=\"322\" height=\"400\" srcset=\"https:\/\/revistaepocadigital.com.ar\/wp-content\/uploads\/2024\/02\/bocca-j.jpg 322w, https:\/\/revistaepocadigital.com.ar\/wp-content\/uploads\/2024\/02\/bocca-j-242x300.jpg 242w\" sizes=\"auto, (max-width: 322px) 100vw, 322px\" \/><\/p>\n","protected":false},"excerpt":{"rendered":"<p>\u00a0NUEVO GRAN RECONOCIMIENTO PARA EL CAPILLENSE, EN EL PLANTEL JUNTO A LOS MEJORES JUGADORES ARGENTINOS. Juan Bocca junto a La Selecci\u00f3n Argentina de B\u00e1squet mayor que debut\u00f3 con victoria ante Chile, en el Clasificatorio a la AmeriCup 2025, en el Polideportivo Islas Malvinas de Mar del Plata. El encuentro, correspondiente a la primera fecha del [&hellip;]<\/p>\n","protected":false},"author":3,"featured_media":24112,"comment_status":"open","ping_status":"open","sticky":false,"template":"","format":"standard","meta":{"footnotes":"","jetpack_publicize_message":"","jetpack_publicize_feature_enabled":true,"jetpack_social_post_already_shared":true,"jetpack_social_options":{"image_generator_settings":{"template":"highway","default_image_id":0,"font":"","enabled":false},"version":2}},"categories":[9],"tags":[102,101],"class_list":["post-24100","post","type-post","status-publish","format-standard","has-post-thumbnail","hentry","category-deportes","tag-basquet","tag-bocca"],"jetpack_publicize_connections":[],"jetpack_featured_media_url":"https:\/\/revistaepocadigital.com.ar\/wp-content\/uploads\/2024\/02\/BOCCA-SELECC-24-1.jpg","jetpack_likes_enabled":true,"_links":{"self":[{"href":"https:\/\/revistaepocadigital.com.ar\/index.php?rest_route=\/wp\/v2\/posts\/24100","targetHints":{"allow":["GET"]}}],"collection":[{"href":"https:\/\/revistaepocadigital.com.ar\/index.php?rest_route=\/wp\/v2\/posts"}],"about":[{"href":"https:\/\/revistaepocadigital.com.ar\/index.php?rest_route=\/wp\/v2\/types\/post"}],"author":[{"embeddable":true,"href":"https:\/\/revistaepocadigital.com.ar\/index.php?rest_route=\/wp\/v2\/users\/3"}],"replies":[{"embeddable":true,"href":"https:\/\/revistaepocadigital.com.ar\/index.php?rest_route=%2Fwp%2Fv2%2Fcomments&post=24100"}],"version-history":[{"count":0,"href":"https:\/\/revistaepocadigital.com.ar\/index.php?rest_route=\/wp\/v2\/posts\/24100\/revisions"}],"wp:featuredmedia":[{"embeddable":true,"href":"https:\/\/revistaepocadigital.com.ar\/index.php?rest_route=\/wp\/v2\/media\/24112"}],"wp:attachment":[{"href":"https:\/\/revistaepocadigital.com.ar\/index.php?rest_route=%2Fwp%2Fv2%2Fmedia&parent=24100"}],"wp:term":[{"taxonomy":"category","embeddable":true,"href":"https:\/\/revistaepocadigital.com.ar\/index.php?rest_route=%2Fwp%2Fv2%2Fcategories&post=24100"},{"taxonomy":"post_tag","embeddable":true,"href":"https:\/\/revistaepocadigital.com.ar\/index.php?rest_route=%2Fwp%2Fv2%2Ftags&post=24100"}],"curies":[{"name":"wp","href":"https:\/\/api.w.org\/{rel}","templated":true}]}}