{"id":24104,"date":"2024-02-25T00:17:09","date_gmt":"2024-02-25T03:17:09","guid":{"rendered":"https:\/\/revistaepocadigital.com.ar\/?p=24104"},"modified":"2024-02-27T02:21:40","modified_gmt":"2024-02-27T05:21:40","slug":"viene-un-bono-para-los-jubilados-que-cobran-la-minima-sera-de-70-mil-pesos","status":"publish","type":"post","link":"https:\/\/revistaepocadigital.com.ar\/?p=24104","title":{"rendered":"Viene un bono para los jubilados que cobran la m\u00ednima. Ser\u00e1 de 70 mil pesos"},"content":{"rendered":"<header class=\"article-header-wrapper\">\n<div class=\"article-header \">\n<h2 class=\"article-subheadline left \">Lo confirm\u00f3 el ministro de econom\u00eda Luis Caputo.<!--more--><\/h2>\n<h4 class=\"article-subheadline left \">Anses pagar\u00e1 cerca de 205.000 pesos a los haberes m\u00e1s bajos.<\/h4>\n<\/div>\n<\/header>\n<article class=\"article\">\n<div class=\"body-article\">\n<div class=\"jwplayer-ctn\">\n<div>\n<div id=\"XSNADZK765GRHG4VC4M6RTREXI\" class=\"jwplayer jw-reset jw-state-idle jw-stretch-uniform jw-flag-aspect-mode jw-breakpoint-3 jw-floating-dismissible jw-flag-user-inactive\" tabindex=\"0\" role=\"application\" aria-label=\"Reproductor de Video\" aria-describedby=\"jw-XSNADZK765GRHG4VC4M6RTREXI-shortcuts-tooltip-explanation\" data-compass-listening=\"true\">\n<div class=\"jw-wrapper jw-reset\">\n<div class=\"jw-contract-trigger\"><\/div>\n<\/div>\n<\/div>\n<\/div>\n<\/div>\n<p class=\"paragraph\" data-mrf-recirculation=\"Links inline\">El Gobierno confirm\u00f3 que pagar\u00e1 un\u00a0<b>bono de 70.000 pesos<\/b>\u00a0<b>a los jubilados\u00a0<\/b>que cobren la m\u00ednima en marzo, cuando tendr\u00e1 lugar el aumento autom\u00e1tico de movilidad previsional. As\u00ed, la m\u00ednima ser\u00e1 cercana a los\u00a0<b>205.000 pesos\u00a0<\/b>el mes pr\u00f3ximo. As\u00ed lo confirm\u00f3 el ministro de Econom\u00eda<b>\u00a0Luis Caputo<\/b>.<\/p>\n<div class=\"news-module\" data-mrf-recirculation=\"IL_1E_I73CLQJioITKu5WDlNA\" data-testid=\"text-html\" data-mrf-experience=\"IL_1E_I73CLQJioITKu5WDlNA\">\n<div class=\"recommended-card__info\">\n<div class=\"recommended-card__info-button recommended-card__info-button--deportes\">Quienes cobren por encima de la jubilaci\u00f3n m\u00ednima pero por debajo de los $205.000, <b>cobrar\u00e1n tambi\u00e9n un bono pero en forma proporcional<\/b>\u00a0hasta alcanzar ese monto. De esa forma,\u00a0<b>ning\u00fan jubilado cobrar\u00e1 menos de $205.000<\/b>.<\/div>\n<\/div>\n<\/div>\n<div class=\"inline ad-wrapper\">\n<div class=\"dfpAd ad-inline\">\n<div id=\"infobae\/economia\/nota\/inline\" class=\"infobae\/economia\/nota\/inline arcad\" data-google-query-id=\"CLa-oP_7vYQDFdSNlQIdliQHNw\">\n<div id=\"google_ads_iframe_\/1058609\/infobae\/economia\/nota\/inline_0__container__\"><\/div>\n<\/div>\n<\/div>\n<\/div>\n<p class=\"paragraph\" data-mrf-recirculation=\"Links inline\">El incremento sobre los haberes que pagar\u00e1 la Anses de acuerdo a la f\u00f3rmula trimestral ser\u00e1 de 27 por ciento y el bono, seg\u00fan explic\u00f3 el ministro en una entrevista a<i>\u00a0TN<\/i>, tendr\u00e1 el mismo incremento: \u201cEl bono va a subir otro 30%, era de $55.000 y va a quedar en $70.000. Con ese aumento, la jubilaci\u00f3n m\u00ednima va a quedar en $205.000\u201d.<\/p>\n<div class=\"news-module\" data-mrf-recirculation=\"IL_e2SkMtqaS8ePd03SsJr4IQ\" data-testid=\"text-html\" data-mrf-experience=\"IL_e2SkMtqaS8ePd03SsJr4IQ\">\n<div class=\"recommended-card__info\">\n<div class=\"recommended-card__info-button recommended-card__info-button--deportes\">El gobierno dispuso un aumento del <b>27,18%\u00a0<\/b>en marzo para las jubilaciones. De esta manera, el haber m\u00ednimo alcanzar\u00e1 los\u00a0<b>$134.445<\/b>, aunque el porcentaje de incremento ser\u00e1 igual para todos los niveles de ingresos de jubilados y pensionados<b>.\u00a0<\/b>A esta cifra\u00a0<b>se le sumar\u00e1 el bono<\/b>\u00a0con el esquema mencionado.<\/div>\n<\/div>\n<\/div>\n<div class=\"blockquote\">\n<blockquote class=\"color_figcaption\"><p>\u201cEl bono va a subir otro 30%, era de $55.000 y va a quedar en $70.000. Con ese aumento, la jubilaci\u00f3n m\u00ednima va a quedar en $205.000\u2033 (Caputo)<\/p><\/blockquote>\n<\/div>\n<p class=\"paragraph\" data-mrf-recirculation=\"Links inline\">La normativa fue publicada (21-2) a trav\u00e9s de la Resoluci\u00f3n 38\/2024 publicada en el Bolet\u00edn Oficial y representa una nueva p\u00e9rdida en los haberes jubilatorios cuyo aumento corre detr\u00e1s de una inflaci\u00f3n acumulada del 51,3% solo en diciembre y enero y que amenaza con alcanzar el 70% con el Indice de Precios al Consumidor de febrero.<\/p>\n<div class=\"news-module\" data-mrf-recirculation=\"IL_jywDmRSiRkuNMDCXjrDR7g\" data-testid=\"text-html\" data-mrf-experience=\"IL_jywDmRSiRkuNMDCXjrDR7g\">\n<div class=\"recommended-card__info\"><span class=\"recommended-card__info-interest-you\">nota fuent: infobae.com<\/span><\/div>\n<\/div>\n<\/div>\n<\/article>\n","protected":false},"excerpt":{"rendered":"<p>Lo confirm\u00f3 el ministro de econom\u00eda Luis Caputo.<\/p>\n","protected":false},"author":3,"featured_media":24106,"comment_status":"open","ping_status":"open","sticky":false,"template":"","format":"standard","meta":{"footnotes":"","jetpack_publicize_message":"","jetpack_publicize_feature_enabled":true,"jetpack_social_post_already_shared":true,"jetpack_social_options":{"image_generator_settings":{"template":"highway","default_image_id":0,"font":"","enabled":false},"version":2}},"categories":[13],"tags":[1084,207],"class_list":["post-24104","post","type-post","status-publish","format-standard","has-post-thumbnail","hentry","category-interes-general","tag-bono","tag-jubilados"],"jetpack_publicize_connections":[],"jetpack_featured_media_url":"https:\/\/revistaepocadigital.com.ar\/wp-content\/uploads\/2024\/02\/bono-jubila-1.jpg","jetpack_likes_enabled":true,"_links":{"self":[{"href":"https:\/\/revistaepocadigital.com.ar\/index.php?rest_route=\/wp\/v2\/posts\/24104","targetHints":{"allow":["GET"]}}],"collection":[{"href":"https:\/\/revistaepocadigital.com.ar\/index.php?rest_route=\/wp\/v2\/posts"}],"about":[{"href":"https:\/\/revistaepocadigital.com.ar\/index.php?rest_route=\/wp\/v2\/types\/post"}],"author":[{"embeddable":true,"href":"https:\/\/revistaepocadigital.com.ar\/index.php?rest_route=\/wp\/v2\/users\/3"}],"replies":[{"embeddable":true,"href":"https:\/\/revistaepocadigital.com.ar\/index.php?rest_route=%2Fwp%2Fv2%2Fcomments&post=24104"}],"version-history":[{"count":0,"href":"https:\/\/revistaepocadigital.com.ar\/index.php?rest_route=\/wp\/v2\/posts\/24104\/revisions"}],"wp:featuredmedia":[{"embeddable":true,"href":"https:\/\/revistaepocadigital.com.ar\/index.php?rest_route=\/wp\/v2\/media\/24106"}],"wp:attachment":[{"href":"https:\/\/revistaepocadigital.com.ar\/index.php?rest_route=%2Fwp%2Fv2%2Fmedia&parent=24104"}],"wp:term":[{"taxonomy":"category","embeddable":true,"href":"https:\/\/revistaepocadigital.com.ar\/index.php?rest_route=%2Fwp%2Fv2%2Fcategories&post=24104"},{"taxonomy":"post_tag","embeddable":true,"href":"https:\/\/revistaepocadigital.com.ar\/index.php?rest_route=%2Fwp%2Fv2%2Ftags&post=24104"}],"curies":[{"name":"wp","href":"https:\/\/api.w.org\/{rel}","templated":true}]}}