{"id":24125,"date":"2024-02-24T11:11:22","date_gmt":"2024-02-24T14:11:22","guid":{"rendered":"https:\/\/revistaepocadigital.com.ar\/?p=24125"},"modified":"2024-02-27T02:15:26","modified_gmt":"2024-02-27T05:15:26","slug":"los-mecanicos-en-su-dia","status":"publish","type":"post","link":"https:\/\/revistaepocadigital.com.ar\/?p=24125","title":{"rendered":"Los mec\u00e1nicos en su d\u00eda"},"content":{"rendered":"<p><strong>FELIZ DIA DEL MEC\u00c1NICO!<\/strong><br \/>\n<!--more--><\/p>\n<p>Cada 24 de febrero es celebrado el D\u00eda del Mec\u00e1nico. Personajes que forman parte de la vida de millones de personas usuarias de veh\u00edculos.<\/p>\n<p>Para todos y en especial para los mec\u00e1nicos de Exaltaci\u00f3n de la Cruz, el saludo de EPOCA!<\/p>\n<p>&nbsp;<\/p>\n<blockquote class=\"twitter-tweet\" data-width=\"550\" data-dnt=\"true\">\n<p lang=\"es\" dir=\"ltr\">Feliz d\u00eda del <a href=\"https:\/\/twitter.com\/hashtag\/Mecanico?src=hash&amp;ref_src=twsrc%5Etfw\">#Mecanico<\/a> <br \/>Feliz d\u00eda para mi \ud83d\ude4b\u200d\u2642\ufe0f <a href=\"https:\/\/t.co\/QDdxRJKzyt\">pic.twitter.com\/QDdxRJKzyt<\/a><\/p>\n<p>&mdash; Diego Luciano (@Diego_Luciano_) <a href=\"https:\/\/twitter.com\/Diego_Luciano_\/status\/1761390222011429183?ref_src=twsrc%5Etfw\">February 24, 2024<\/a><\/p><\/blockquote>\n<p><script async src=\"https:\/\/platform.twitter.com\/widgets.js\" charset=\"utf-8\"><\/script><\/p>\n<p><img loading=\"lazy\" decoding=\"async\" class=\"aligncenter size-full wp-image-24126\" src=\"https:\/\/revistaepocadigital.com.ar\/wp-content\/uploads\/2024\/02\/dia-meca.jpg\" alt=\"\" width=\"434\" height=\"614\" srcset=\"https:\/\/revistaepocadigital.com.ar\/wp-content\/uploads\/2024\/02\/dia-meca.jpg 434w, https:\/\/revistaepocadigital.com.ar\/wp-content\/uploads\/2024\/02\/dia-meca-212x300.jpg 212w, https:\/\/revistaepocadigital.com.ar\/wp-content\/uploads\/2024\/02\/dia-meca-297x420.jpg 297w\" sizes=\"auto, (max-width: 434px) 100vw, 434px\" \/><\/p>\n","protected":false},"excerpt":{"rendered":"<p>FELIZ DIA DEL MEC\u00c1NICO!<\/p>\n","protected":false},"author":4,"featured_media":24126,"comment_status":"open","ping_status":"open","sticky":false,"template":"","format":"standard","meta":{"footnotes":"","jetpack_publicize_message":"","jetpack_publicize_feature_enabled":true,"jetpack_social_post_already_shared":true,"jetpack_social_options":{"image_generator_settings":{"template":"highway","default_image_id":0,"font":"","enabled":false},"version":2}},"categories":[14],"tags":[2647],"class_list":["post-24125","post","type-post","status-publish","format-standard","has-post-thumbnail","hentry","category-la-gente","tag-dia-del-mecanico"],"jetpack_publicize_connections":[],"jetpack_featured_media_url":"https:\/\/revistaepocadigital.com.ar\/wp-content\/uploads\/2024\/02\/dia-meca.jpg","jetpack_likes_enabled":true,"_links":{"self":[{"href":"https:\/\/revistaepocadigital.com.ar\/index.php?rest_route=\/wp\/v2\/posts\/24125","targetHints":{"allow":["GET"]}}],"collection":[{"href":"https:\/\/revistaepocadigital.com.ar\/index.php?rest_route=\/wp\/v2\/posts"}],"about":[{"href":"https:\/\/revistaepocadigital.com.ar\/index.php?rest_route=\/wp\/v2\/types\/post"}],"author":[{"embeddable":true,"href":"https:\/\/revistaepocadigital.com.ar\/index.php?rest_route=\/wp\/v2\/users\/4"}],"replies":[{"embeddable":true,"href":"https:\/\/revistaepocadigital.com.ar\/index.php?rest_route=%2Fwp%2Fv2%2Fcomments&post=24125"}],"version-history":[{"count":0,"href":"https:\/\/revistaepocadigital.com.ar\/index.php?rest_route=\/wp\/v2\/posts\/24125\/revisions"}],"wp:featuredmedia":[{"embeddable":true,"href":"https:\/\/revistaepocadigital.com.ar\/index.php?rest_route=\/wp\/v2\/media\/24126"}],"wp:attachment":[{"href":"https:\/\/revistaepocadigital.com.ar\/index.php?rest_route=%2Fwp%2Fv2%2Fmedia&parent=24125"}],"wp:term":[{"taxonomy":"category","embeddable":true,"href":"https:\/\/revistaepocadigital.com.ar\/index.php?rest_route=%2Fwp%2Fv2%2Fcategories&post=24125"},{"taxonomy":"post_tag","embeddable":true,"href":"https:\/\/revistaepocadigital.com.ar\/index.php?rest_route=%2Fwp%2Fv2%2Ftags&post=24125"}],"curies":[{"name":"wp","href":"https:\/\/api.w.org\/{rel}","templated":true}]}}