{"id":24128,"date":"2024-02-24T11:26:31","date_gmt":"2024-02-24T14:26:31","guid":{"rendered":"https:\/\/revistaepocadigital.com.ar\/?p=24128"},"modified":"2024-02-24T11:36:04","modified_gmt":"2024-02-24T14:36:04","slug":"anses-quienes-cobran-el-lunes-26-de-febrero","status":"publish","type":"post","link":"https:\/\/revistaepocadigital.com.ar\/?p=24128","title":{"rendered":"ANSES. QUIENES COBRAN EL LUNES 26 DE FEBRERO"},"content":{"rendered":"<p class=\"yiv3960563920MsoNormal\" style=\"text-align: left;\" align=\"center\"><b>INFORMACI\u00d3N \u00daTIL.<\/b><!--more--><\/p>\n<p class=\"yiv3960563920MsoNormal\"><strong>Se informa que el\u00a0<\/strong><strong>lunes 26<\/strong><strong>\u00a0contin\u00faan los pagos de<\/strong><b>\u00a0<\/b><strong>jubilaciones y pensiones que superan los haberes m\u00ednimos y la Prestaci\u00f3n por Desempleo, mientras que finalizan los de la Asignaci\u00f3n por Embarazo.<\/strong><\/p>\n<p class=\"yiv3960563920MsoNormal\"><b>Jubilaciones\u00a0y\u00a0pensiones que superan el haber m\u00ednimo<\/b><\/p>\n<p class=\"yiv3960563920MsoNormal\">Titulares con documentos terminados en\u00a0<b>2 y 3<\/b>.<b><\/b><\/p>\n<p class=\"yiv3960563920MsoNormal\"><b>\u00a0<\/b><\/p>\n<p class=\"yiv3960563920MsoNormal\"><b>Asignaci\u00f3n por Embarazo<\/b><\/p>\n<p class=\"yiv3960563920MsoNormal\">Titulares con documentos concluidos en\u00a0<b>9<\/b>.<\/p>\n<p class=\"yiv3960563920MsoNormal\"><b>Prestaci\u00f3n por Desempleo<\/b><\/p>\n<p class=\"yiv3960563920MsoNormal\">Titulares con documentos finalizados en\u00a0<b>2<\/b>\u00a0y\u00a0<b>3<\/b>.<b><\/b><\/p>\n<p class=\"yiv3960563920MsoNormal\"><strong>\u00a0<\/strong><\/p>\n","protected":false},"excerpt":{"rendered":"<p>INFORMACI\u00d3N \u00daTIL.<\/p>\n","protected":false},"author":3,"featured_media":0,"comment_status":"open","ping_status":"open","sticky":false,"template":"","format":"standard","meta":{"footnotes":"","jetpack_publicize_message":"","jetpack_publicize_feature_enabled":true,"jetpack_social_post_already_shared":true,"jetpack_social_options":{"image_generator_settings":{"template":"highway","default_image_id":0,"font":"","enabled":false},"version":2}},"categories":[11],"tags":[21,2648],"class_list":["post-24128","post","type-post","status-publish","format-standard","hentry","category-entidades","tag-anses","tag-pago-jubilaciones"],"jetpack_publicize_connections":[],"jetpack_featured_media_url":"","jetpack_likes_enabled":true,"_links":{"self":[{"href":"https:\/\/revistaepocadigital.com.ar\/index.php?rest_route=\/wp\/v2\/posts\/24128","targetHints":{"allow":["GET"]}}],"collection":[{"href":"https:\/\/revistaepocadigital.com.ar\/index.php?rest_route=\/wp\/v2\/posts"}],"about":[{"href":"https:\/\/revistaepocadigital.com.ar\/index.php?rest_route=\/wp\/v2\/types\/post"}],"author":[{"embeddable":true,"href":"https:\/\/revistaepocadigital.com.ar\/index.php?rest_route=\/wp\/v2\/users\/3"}],"replies":[{"embeddable":true,"href":"https:\/\/revistaepocadigital.com.ar\/index.php?rest_route=%2Fwp%2Fv2%2Fcomments&post=24128"}],"version-history":[{"count":0,"href":"https:\/\/revistaepocadigital.com.ar\/index.php?rest_route=\/wp\/v2\/posts\/24128\/revisions"}],"wp:attachment":[{"href":"https:\/\/revistaepocadigital.com.ar\/index.php?rest_route=%2Fwp%2Fv2%2Fmedia&parent=24128"}],"wp:term":[{"taxonomy":"category","embeddable":true,"href":"https:\/\/revistaepocadigital.com.ar\/index.php?rest_route=%2Fwp%2Fv2%2Fcategories&post=24128"},{"taxonomy":"post_tag","embeddable":true,"href":"https:\/\/revistaepocadigital.com.ar\/index.php?rest_route=%2Fwp%2Fv2%2Ftags&post=24128"}],"curies":[{"name":"wp","href":"https:\/\/api.w.org\/{rel}","templated":true}]}}