{"id":24159,"date":"2024-02-28T02:00:38","date_gmt":"2024-02-28T05:00:38","guid":{"rendered":"https:\/\/revistaepocadigital.com.ar\/?p=24159"},"modified":"2024-02-28T22:38:24","modified_gmt":"2024-02-29T01:38:24","slug":"alan-boncompagni-por-el-titulo-en-chile","status":"publish","type":"post","link":"https:\/\/revistaepocadigital.com.ar\/?p=24159","title":{"rendered":"Alan Boncompagni lo dio todo en Chile pero no le alcanz\u00f3"},"content":{"rendered":"<p><strong>EL ASCENDENTE BOXEADOR CAPILLENSE, EN IQUIQUE, CHILE PELE\u00d3 POR UN T\u00cdTULO. CAY\u00d3 DERROTADO POR PUNTOS EN FALLO UN\u00c1NIME, AL CABO DE LOS 10 ROUNDS PREVISTOS.<\/strong><br \/>\n<!--more--><!--more--><\/p>\n<p>Se enfrent\u00f3\u00a0 al chileno Patricio Carri\u00f3n. Estuvo en juego el t\u00edtulo<strong> Feconsur S\u00faper Ligero del Consejo Mundial de Boxeo<\/strong>.<\/p>\n<div class=\"x11i5rnm xat24cr x1mh8g0r x1vvkbs xtlvy1s x126k92a\">\n<div dir=\"auto\">La disputa por el t\u00edtulo Sudamericano de boxeo se llev\u00f3 a cabo en el Arenas Cavancha con entrada liberada para el p\u00fablico, instancia organizada por la Fundaci\u00f3n Collahuasi.<\/div>\n<\/div>\n<div class=\"x11i5rnm xat24cr x1mh8g0r x1vvkbs xtlvy1s x126k92a\">\n<div dir=\"auto\">El cintur\u00f3n que se disput\u00f3 es el Titulo Internacional FENCOSUR del Consejo Mundial de Boxeo CMB en la Categor\u00eda S\u00faper Ligero<\/div>\n<div dir=\"auto\">El boxeador iquique\u00f1o, Patricio Carrion Flores con m\u00e1s de 7 a\u00f1os de experiencia en la disciplina, disput\u00f3 y resolvi\u00f3 con victoria para alcanzar su primer t\u00edtulo internacional y justo en pleno coraz\u00f3n de Playa Cavancha, ante su rival el argentino, Alan Nahuel Boncompagni, proveniente de la ciudad de Capilla del Se\u00f1or, provincia de Buenos Aires.<\/div>\n<\/div>\n<p>&nbsp;<\/p>\n<figure id=\"attachment_24189\" aria-describedby=\"caption-attachment-24189\" style=\"width: 640px\" class=\"wp-caption aligncenter\"><img loading=\"lazy\" decoding=\"async\" class=\"size-full wp-image-24189\" src=\"https:\/\/revistaepocadigital.com.ar\/wp-content\/uploads\/2024\/02\/BON-CHI.jpg\" alt=\"\" width=\"640\" height=\"404\" srcset=\"https:\/\/revistaepocadigital.com.ar\/wp-content\/uploads\/2024\/02\/BON-CHI.jpg 640w, https:\/\/revistaepocadigital.com.ar\/wp-content\/uploads\/2024\/02\/BON-CHI-300x189.jpg 300w\" sizes=\"auto, (max-width: 640px) 100vw, 640px\" \/><figcaption id=\"caption-attachment-24189\" class=\"wp-caption-text\">Un pasaje de la dura pelea entre Boncompagni y Carri\u00f3n.<\/figcaption><\/figure>\n<p>&nbsp;<\/p>\n<p><a href=\"https:\/\/revistaepocadigital.com.ar\/wp-content\/uploads\/2024\/02\/IMG_0423.mov\">IMG_0423<\/a><\/p>\n<p>&nbsp;<\/p>\n<p>&nbsp;<\/p>\n<p>&nbsp;<\/p>\n<p>&nbsp;<\/p>\n<p>Su padre Gustavo, incondicional, un gran respaldo para el p\u00fagil capillense reflej\u00f3 sus emociones en un mensaje en la red social Facebook.<\/p>\n<p><img loading=\"lazy\" decoding=\"async\" class=\"aligncenter size-full wp-image-24161\" src=\"https:\/\/revistaepocadigital.com.ar\/wp-content\/uploads\/2024\/02\/bonco2.jpg\" alt=\"\" width=\"436\" height=\"640\" srcset=\"https:\/\/revistaepocadigital.com.ar\/wp-content\/uploads\/2024\/02\/bonco2.jpg 436w, https:\/\/revistaepocadigital.com.ar\/wp-content\/uploads\/2024\/02\/bonco2-204x300.jpg 204w, https:\/\/revistaepocadigital.com.ar\/wp-content\/uploads\/2024\/02\/bonco2-286x420.jpg 286w\" sizes=\"auto, (max-width: 436px) 100vw, 436px\" \/><\/p>\n","protected":false},"excerpt":{"rendered":"<p>EL ASCENDENTE BOXEADOR CAPILLENSE, EN IQUIQUE, CHILE PELE\u00d3 POR UN T\u00cdTULO. CAY\u00d3 DERROTADO POR PUNTOS EN FALLO UN\u00c1NIME, AL CABO DE LOS 10 ROUNDS PREVISTOS.<\/p>\n","protected":false},"author":4,"featured_media":24188,"comment_status":"open","ping_status":"open","sticky":false,"template":"","format":"standard","meta":{"footnotes":"","jetpack_publicize_message":"","jetpack_publicize_feature_enabled":true,"jetpack_social_post_already_shared":true,"jetpack_social_options":{"image_generator_settings":{"template":"highway","default_image_id":0,"font":"","enabled":false},"version":2}},"categories":[15],"tags":[117,2650,2651,37],"class_list":["post-24159","post","type-post","status-publish","format-standard","has-post-thumbnail","hentry","category-lo-que-tenes-que-saber","tag-boncompagni","tag-box","tag-chile","tag-destacada"],"jetpack_publicize_connections":[],"jetpack_featured_media_url":"https:\/\/revistaepocadigital.com.ar\/wp-content\/uploads\/2024\/02\/BONCO-CHI.jpg","jetpack_likes_enabled":true,"_links":{"self":[{"href":"https:\/\/revistaepocadigital.com.ar\/index.php?rest_route=\/wp\/v2\/posts\/24159","targetHints":{"allow":["GET"]}}],"collection":[{"href":"https:\/\/revistaepocadigital.com.ar\/index.php?rest_route=\/wp\/v2\/posts"}],"about":[{"href":"https:\/\/revistaepocadigital.com.ar\/index.php?rest_route=\/wp\/v2\/types\/post"}],"author":[{"embeddable":true,"href":"https:\/\/revistaepocadigital.com.ar\/index.php?rest_route=\/wp\/v2\/users\/4"}],"replies":[{"embeddable":true,"href":"https:\/\/revistaepocadigital.com.ar\/index.php?rest_route=%2Fwp%2Fv2%2Fcomments&post=24159"}],"version-history":[{"count":0,"href":"https:\/\/revistaepocadigital.com.ar\/index.php?rest_route=\/wp\/v2\/posts\/24159\/revisions"}],"wp:featuredmedia":[{"embeddable":true,"href":"https:\/\/revistaepocadigital.com.ar\/index.php?rest_route=\/wp\/v2\/media\/24188"}],"wp:attachment":[{"href":"https:\/\/revistaepocadigital.com.ar\/index.php?rest_route=%2Fwp%2Fv2%2Fmedia&parent=24159"}],"wp:term":[{"taxonomy":"category","embeddable":true,"href":"https:\/\/revistaepocadigital.com.ar\/index.php?rest_route=%2Fwp%2Fv2%2Fcategories&post=24159"},{"taxonomy":"post_tag","embeddable":true,"href":"https:\/\/revistaepocadigital.com.ar\/index.php?rest_route=%2Fwp%2Fv2%2Ftags&post=24159"}],"curies":[{"name":"wp","href":"https:\/\/api.w.org\/{rel}","templated":true}]}}