{"id":2417,"date":"2019-05-17T00:08:40","date_gmt":"2019-05-17T03:08:40","guid":{"rendered":"https:\/\/revistaepocadigital.com.ar\/?p=2417"},"modified":"2019-05-17T00:08:40","modified_gmt":"2019-05-17T03:08:40","slug":"la-ordenanza-que-puso-en-emergencia-la-infraestuctura-en-exaltacion-de-la-cruz","status":"publish","type":"post","link":"https:\/\/revistaepocadigital.com.ar\/?p=2417","title":{"rendered":"LA ORDENANZA QUE PUSO EN EMERGENCIA LA INFRAESTUCTURA EN EXALTACI\u00d3N DE LA CRUZ."},"content":{"rendered":"<p><strong>CAMBIEMOS PRESENT\u00d3 EL PROYECTO.<\/strong><!--more--><\/p>\n<p>Y fue debatido en la reciente sesi\u00f3n del <strong>Concejo Deliberante de Exaltaci\u00f3n de la Cruz,<\/strong> donde a medida que avanzan los d\u00edas y se acerca la primera instancia electoral como es la presentaci\u00f3n de candidatos y listas para las PASO de agosto (el cierre de listas 22 de junio), se acent\u00faan los tironeos pol\u00edticos.<\/p>\n<p>El proyecto contemplado estuvo relacionado con la <strong>ordenanza<\/strong> que habia sido sancioanda en el a\u00f1o 2005, la normativa fij\u00f3 que del aporte de vecinos del distrito se pod\u00eda disponer de un porcentaje del dinero para pagar tasas municipales, para llevar a cabo trabajos de mejoras en algunas calles en distintos puntos exaltarcenses, zanjeos y alumbrado p\u00fablico. La norma fue actualizada en el marco de lo que fue considerada<em> &#8220;emergencia en materia de infraestructura&#8221;<\/em> en el distrito.<\/p>\n<p>La aprobaci\u00f3n del proyecto elevado por <strong>Cambiemos<\/strong>, a la hora de la votaci\u00f3n cont\u00f3 con el respaldo de los bloques de <strong>Unidad Ciudadana y Frente Renovador. Ra\u00fal Sancho<\/strong>, titular del cuerpo, afirm\u00f3 en declaraciones period\u00edsticas que la situaci\u00f3n en las cuestiones mencionadas que afectan a los vecinos es <em>&#8220;urgente&#8221;<\/em> y aludi\u00f3 a distintos puntos del partido, entre otros los barrios aleda\u00f1os a la autov\u00eda 8, adem\u00e1s caminos rurales un reclamo siempre vigente su conservaci\u00f3n, Los Cardales, Diego Gaynor. La nueva ordenanza aprobada reflej\u00f3 un punto clave, fij\u00f3 plazos para llevar adelante los trabajos y que pudieran nuclearse para viabilizar los mismos.<\/p>\n<p>La ordenanza adem\u00e1s fijo que ante la necesidad de efectuar trabajos de mejoras el Ejecutivo municipal, deber\u00e1 adoptar los medios sin discrecionalidad como contemplaba la anterior ordenanza, para llevar adelante las obras. Por otro lado qued\u00f3 fijado en que hasta el 80% de lo abonado por la poblaci\u00f3n de Exaltaci\u00f3n de la Cruz, en concepto de tasas, podr\u00e1 ser derivado para los trabajos mencionados.<\/p>\n<figure id=\"attachment_2422\" aria-describedby=\"caption-attachment-2422\" style=\"width: 484px\" class=\"wp-caption aligncenter\"><img loading=\"lazy\" decoding=\"async\" class=\"size-full wp-image-2422\" src=\"https:\/\/revistaepocadigital.com.ar\/wp-content\/uploads\/2019\/05\/san-hcd.jpg\" alt=\"\" width=\"484\" height=\"450\" srcset=\"https:\/\/revistaepocadigital.com.ar\/wp-content\/uploads\/2019\/05\/san-hcd.jpg 484w, https:\/\/revistaepocadigital.com.ar\/wp-content\/uploads\/2019\/05\/san-hcd-300x279.jpg 300w, https:\/\/revistaepocadigital.com.ar\/wp-content\/uploads\/2019\/05\/san-hcd-452x420.jpg 452w\" sizes=\"auto, (max-width: 484px) 100vw, 484px\" \/><figcaption id=\"caption-attachment-2422\" class=\"wp-caption-text\">Sancho, titular del HCD.<\/figcaption><\/figure>\n<p>A la ordenanza aprobada, <strong>Sancho<\/strong> la consider\u00f3 como <em>&#8220;un paliativo&#8221;<\/em>, y que considera <em>&#8220;as\u00ed no debe funcionar la administraci\u00f3n municipal, lo que corresponde es que el vecino pague sus impuestos y que el municipio tenga fijado un plan de obras&#8221;.<\/em> Requiri\u00f3 Sancho que el municipio deb\u00eda actuar por iniciativa propia para atender necesidades y reclamos de los vecinos, y no aguardar a hacerlo debido a constantes reclamos que sean recibidos. Resalt\u00f3 por otro lado Sancho que en el texto final de la ordenanza, fue modificado el t\u00e9rmino &#8220;emergencia&#8221; por &#8220;urgencia&#8221;, dicha norma como qued\u00f3 dicho databa de 2005 y mencion\u00f3 el titular del HCD que <em>&#8220;estaba un poquito guardada y nosotros<\/em> (Cambiemos) <em>la desempolvamos&#8221;.<\/em><\/p>\n<p>&nbsp;<\/p>\n","protected":false},"excerpt":{"rendered":"<p>CAMBIEMOS PRESENT\u00d3 EL PROYECTO.<\/p>\n","protected":false},"author":4,"featured_media":2421,"comment_status":"open","ping_status":"open","sticky":false,"template":"","format":"standard","meta":{"footnotes":"","jetpack_publicize_message":"","jetpack_publicize_feature_enabled":true,"jetpack_social_post_already_shared":false,"jetpack_social_options":{"image_generator_settings":{"template":"highway","default_image_id":0,"font":"","enabled":false},"version":2}},"categories":[17],"tags":[337,338,179],"class_list":["post-2417","post","type-post","status-publish","format-standard","has-post-thumbnail","hentry","category-politica","tag-emergencia","tag-ordenanza","tag-politica"],"jetpack_publicize_connections":[],"jetpack_featured_media_url":"https:\/\/revistaepocadigital.com.ar\/wp-content\/uploads\/2019\/05\/calle.remanso.jpg","jetpack_likes_enabled":true,"_links":{"self":[{"href":"https:\/\/revistaepocadigital.com.ar\/index.php?rest_route=\/wp\/v2\/posts\/2417","targetHints":{"allow":["GET"]}}],"collection":[{"href":"https:\/\/revistaepocadigital.com.ar\/index.php?rest_route=\/wp\/v2\/posts"}],"about":[{"href":"https:\/\/revistaepocadigital.com.ar\/index.php?rest_route=\/wp\/v2\/types\/post"}],"author":[{"embeddable":true,"href":"https:\/\/revistaepocadigital.com.ar\/index.php?rest_route=\/wp\/v2\/users\/4"}],"replies":[{"embeddable":true,"href":"https:\/\/revistaepocadigital.com.ar\/index.php?rest_route=%2Fwp%2Fv2%2Fcomments&post=2417"}],"version-history":[{"count":0,"href":"https:\/\/revistaepocadigital.com.ar\/index.php?rest_route=\/wp\/v2\/posts\/2417\/revisions"}],"wp:featuredmedia":[{"embeddable":true,"href":"https:\/\/revistaepocadigital.com.ar\/index.php?rest_route=\/wp\/v2\/media\/2421"}],"wp:attachment":[{"href":"https:\/\/revistaepocadigital.com.ar\/index.php?rest_route=%2Fwp%2Fv2%2Fmedia&parent=2417"}],"wp:term":[{"taxonomy":"category","embeddable":true,"href":"https:\/\/revistaepocadigital.com.ar\/index.php?rest_route=%2Fwp%2Fv2%2Fcategories&post=2417"},{"taxonomy":"post_tag","embeddable":true,"href":"https:\/\/revistaepocadigital.com.ar\/index.php?rest_route=%2Fwp%2Fv2%2Ftags&post=2417"}],"curies":[{"name":"wp","href":"https:\/\/api.w.org\/{rel}","templated":true}]}}