{"id":24175,"date":"2024-03-31T00:00:27","date_gmt":"2024-03-31T03:00:27","guid":{"rendered":"https:\/\/revistaepocadigital.com.ar\/?p=24175"},"modified":"2024-03-31T19:54:20","modified_gmt":"2024-03-31T22:54:20","slug":"asamblea-general-ordinaria-de-la-cooperadora-del-instituto-estrada","status":"publish","type":"post","link":"https:\/\/revistaepocadigital.com.ar\/?p=24175","title":{"rendered":"ASAMBLEA GENERAL ORDINARIA DE LA COOPERADORA DEL INSTITUTO ESTRADA"},"content":{"rendered":"<p style=\"text-align: center;\"><strong>ASOCIACI\u00d3N COOPERADORA DEL <\/strong><strong>INSTITUTO JOS\u00c9 MANUEL ESTRADA<\/strong><\/p>\n<p><strong>\u00a0 \u00a0 \u00a0 \u00a0 \u00a0 \u00a0 \u00a0 \u00a0 \u00a0 \u00a0 \u00a0 \u00a0 \u00a0 \u00a0 \u00a0 \u00a0 \u00a0 \u00a0 \u00a0 \u00a0 \u00a0 \u00a0 \u00a0 DE CAPILLA DEL SE\u00d1OR<\/strong><\/p>\n<p style=\"text-align: center;\">-Mateo S. Casco 637, Capilla del Se\u00f1or-<\/p>\n<p style=\"text-align: left;\">\u00a0 \u00a0 \u00a0 \u00a0 \u00a0 \u00a0 \u00a0 \u00a0 \u00a0 \u00a0 \u00a0 \u00a0 \u00a0 \u00a0 \u00a0 \u00a0 \u00a0 \u00a0 \u00a0 \u00a0<strong> \u00a0 \u00a0 \u00a0 \u00a0 \u00a0 \u00a0<\/strong><\/p>\n<p>&nbsp;<\/p>\n<p style=\"text-align: center;\"><strong>Asamblea General Ordinaria<\/strong><\/p>\n<p>Ll\u00e1mese a Asamblea General Ordinaria para el 5 de Abril de 2024, a las 21 horas, en primera convocatoria y 21,30 horas en segunda convocatoria, a realizarse en nuestra sede social de Mateo S. Casco 637 de Capilla del Se\u00f1or, a efectos de tratar el siguiente:<br \/>\nOrden del D\u00eda<br \/>\n1- Elecci\u00f3n de dos (2) Asamble\u00edstas para la firma del Acta.<\/p>\n<p>2- Lectura y Consideraci\u00f3n de la Memoria y Balance General, Cuadro de P\u00e9rdidas y Ganancias e Informe de Comisi\u00f3n Revisora de Cuentas por el Ejercicio finalizado el 31\/12\/2023.<\/p>\n<p>3- Designaci\u00f3n de Junta Escrutadora, compuesta por tres (3) miembros.<\/p>\n<p>4- Elecci\u00f3n de los siguientes cargos de la Comisi\u00f3n Directiva por dos (2) a\u00f1os:<br \/>\n&#8211; Cinco Vocales Titulares.<br \/>\n&#8211; Un Vocal Suplente.<\/p>\n<p>5- Elecci\u00f3n de la Comisi\u00f3n Revisora de Cuentas:<br \/>\n-Tres Revisores de Cuentas Titulares por un (1) a\u00f1o.<br \/>\n-Un Revisor de Cuentas Suplente por un (1) a\u00f1o.<\/p>\n<p>Para participar de la Asamblea los socios deber\u00e1n encontrarse dentro de las condiciones que marca el art. 35\u00ba de nuestro Estatuto.<\/p>\n<p>Ivana V. Martinelli\u00a0 \u00a0 \u00a0 \u00a0 \u00a0 \u00a0 \u00a0 \u00a0 \u00a0 \u00a0 \u00a0 \u00a0 \u00a0 \u00a0 \u00a0 \u00a0 \u00a0 \u00a0 \u00a0 \u00a0 \u00a0 \u00a0 \u00a0 \u00a0 \u00a0 \u00a0 \u00a0 \u00a0 \u00a0 \u00a0 \u00a0 \u00a0 \u00a0 \u00a0Griselda Malvicino<br \/>\nSecretaria\u00a0 \u00a0 \u00a0 \u00a0 \u00a0 \u00a0 \u00a0 \u00a0 \u00a0 \u00a0 \u00a0 \u00a0 \u00a0 \u00a0 \u00a0 \u00a0 \u00a0 \u00a0 \u00a0 \u00a0 \u00a0 \u00a0 \u00a0 \u00a0 \u00a0 \u00a0 \u00a0 \u00a0 \u00a0 \u00a0 \u00a0 \u00a0 \u00a0 \u00a0 \u00a0 \u00a0 \u00a0 \u00a0 \u00a0 \u00a0 \u00a0 \u00a0 \u00a0Presidente<\/p>\n","protected":false},"excerpt":{"rendered":"<p>ASOCIACI\u00d3N COOPERADORA DEL INSTITUTO JOS\u00c9 MANUEL ESTRADA \u00a0 \u00a0 \u00a0 \u00a0 \u00a0 \u00a0 \u00a0 \u00a0 \u00a0 \u00a0 \u00a0 \u00a0 \u00a0 \u00a0 \u00a0 \u00a0 \u00a0 \u00a0 \u00a0 \u00a0 \u00a0 \u00a0 \u00a0 DE CAPILLA DEL SE\u00d1OR -Mateo S. Casco 637, Capilla del Se\u00f1or- \u00a0 \u00a0 \u00a0 \u00a0 \u00a0 \u00a0 \u00a0 \u00a0 \u00a0 \u00a0 \u00a0 \u00a0 \u00a0 \u00a0 [&hellip;]<\/p>\n","protected":false},"author":3,"featured_media":24179,"comment_status":"open","ping_status":"open","sticky":false,"template":"","format":"standard","meta":{"footnotes":"","jetpack_publicize_message":"","jetpack_publicize_feature_enabled":true,"jetpack_social_post_already_shared":true,"jetpack_social_options":{"image_generator_settings":{"template":"highway","default_image_id":0,"font":"","enabled":false},"version":2}},"categories":[14],"tags":[2652],"class_list":["post-24175","post","type-post","status-publish","format-standard","has-post-thumbnail","hentry","category-la-gente","tag-asamble-estrada"],"jetpack_publicize_connections":[],"jetpack_featured_media_url":"https:\/\/revistaepocadigital.com.ar\/wp-content\/uploads\/2024\/02\/instituto-jose-manuel-estrada-banner_1-1.jpg","jetpack_likes_enabled":true,"_links":{"self":[{"href":"https:\/\/revistaepocadigital.com.ar\/index.php?rest_route=\/wp\/v2\/posts\/24175","targetHints":{"allow":["GET"]}}],"collection":[{"href":"https:\/\/revistaepocadigital.com.ar\/index.php?rest_route=\/wp\/v2\/posts"}],"about":[{"href":"https:\/\/revistaepocadigital.com.ar\/index.php?rest_route=\/wp\/v2\/types\/post"}],"author":[{"embeddable":true,"href":"https:\/\/revistaepocadigital.com.ar\/index.php?rest_route=\/wp\/v2\/users\/3"}],"replies":[{"embeddable":true,"href":"https:\/\/revistaepocadigital.com.ar\/index.php?rest_route=%2Fwp%2Fv2%2Fcomments&post=24175"}],"version-history":[{"count":0,"href":"https:\/\/revistaepocadigital.com.ar\/index.php?rest_route=\/wp\/v2\/posts\/24175\/revisions"}],"wp:featuredmedia":[{"embeddable":true,"href":"https:\/\/revistaepocadigital.com.ar\/index.php?rest_route=\/wp\/v2\/media\/24179"}],"wp:attachment":[{"href":"https:\/\/revistaepocadigital.com.ar\/index.php?rest_route=%2Fwp%2Fv2%2Fmedia&parent=24175"}],"wp:term":[{"taxonomy":"category","embeddable":true,"href":"https:\/\/revistaepocadigital.com.ar\/index.php?rest_route=%2Fwp%2Fv2%2Fcategories&post=24175"},{"taxonomy":"post_tag","embeddable":true,"href":"https:\/\/revistaepocadigital.com.ar\/index.php?rest_route=%2Fwp%2Fv2%2Ftags&post=24175"}],"curies":[{"name":"wp","href":"https:\/\/api.w.org\/{rel}","templated":true}]}}