{"id":24205,"date":"2024-02-28T11:04:47","date_gmt":"2024-02-28T14:04:47","guid":{"rendered":"https:\/\/revistaepocadigital.com.ar\/?p=24205"},"modified":"2024-03-01T19:21:18","modified_gmt":"2024-03-01T22:21:18","slug":"calendario-de-pagos-ips-quienes-perciben-haberes-hoy-jueves-29","status":"publish","type":"post","link":"https:\/\/revistaepocadigital.com.ar\/?p=24205","title":{"rendered":"Calendario de pagos IPS. \u00bfQUI\u00c9NES PERCIBEN HABERES?"},"content":{"rendered":"<p dir=\"ltr\"><strong>CALENDARIO DE PAGOS DE FEBRERO.<\/strong><!--more--><\/p>\n<p dir=\"ltr\">\u00a0El Instituto de Previsi\u00f3n Social (IPS) informa que, hoy jueves 29, se inicia el calendario de pagos de febrero para las personas jubiladas y pensionadas de la provincia de Buenos Aires, seg\u00fan cronograma que se detalla a continuaci\u00f3n:<\/p>\n<p dir=\"ltr\">Jueves 29 de febrero:<\/p>\n<ul>\n<li dir=\"ltr\">\n<p dir=\"ltr\">Jubilaciones y pensiones con DNI terminados en: 4, 5, 6, 7, 8 y 9.<\/p>\n<\/li>\n<\/ul>\n<p dir=\"ltr\">\u00a0El organismo previsional record\u00f3 adem\u00e1s que el vencimiento del pago por ventanilla ser\u00e1 hasta el 25 de marzo.<\/p>\n","protected":false},"excerpt":{"rendered":"<p>CALENDARIO DE PAGOS DE FEBRERO.<\/p>\n","protected":false},"author":4,"featured_media":0,"comment_status":"open","ping_status":"open","sticky":false,"template":"","format":"standard","meta":{"footnotes":"","jetpack_publicize_message":"","jetpack_publicize_feature_enabled":true,"jetpack_social_post_already_shared":true,"jetpack_social_options":{"image_generator_settings":{"template":"highway","default_image_id":0,"font":"","enabled":false},"version":2}},"categories":[13],"tags":[2654],"class_list":["post-24205","post","type-post","status-publish","format-standard","hentry","category-interes-general","tag-ips-pagos"],"jetpack_publicize_connections":[],"jetpack_featured_media_url":"","jetpack_likes_enabled":true,"_links":{"self":[{"href":"https:\/\/revistaepocadigital.com.ar\/index.php?rest_route=\/wp\/v2\/posts\/24205","targetHints":{"allow":["GET"]}}],"collection":[{"href":"https:\/\/revistaepocadigital.com.ar\/index.php?rest_route=\/wp\/v2\/posts"}],"about":[{"href":"https:\/\/revistaepocadigital.com.ar\/index.php?rest_route=\/wp\/v2\/types\/post"}],"author":[{"embeddable":true,"href":"https:\/\/revistaepocadigital.com.ar\/index.php?rest_route=\/wp\/v2\/users\/4"}],"replies":[{"embeddable":true,"href":"https:\/\/revistaepocadigital.com.ar\/index.php?rest_route=%2Fwp%2Fv2%2Fcomments&post=24205"}],"version-history":[{"count":0,"href":"https:\/\/revistaepocadigital.com.ar\/index.php?rest_route=\/wp\/v2\/posts\/24205\/revisions"}],"wp:attachment":[{"href":"https:\/\/revistaepocadigital.com.ar\/index.php?rest_route=%2Fwp%2Fv2%2Fmedia&parent=24205"}],"wp:term":[{"taxonomy":"category","embeddable":true,"href":"https:\/\/revistaepocadigital.com.ar\/index.php?rest_route=%2Fwp%2Fv2%2Fcategories&post=24205"},{"taxonomy":"post_tag","embeddable":true,"href":"https:\/\/revistaepocadigital.com.ar\/index.php?rest_route=%2Fwp%2Fv2%2Ftags&post=24205"}],"curies":[{"name":"wp","href":"https:\/\/api.w.org\/{rel}","templated":true}]}}