{"id":24208,"date":"2024-02-29T11:10:29","date_gmt":"2024-02-29T14:10:29","guid":{"rendered":"https:\/\/revistaepocadigital.com.ar\/?p=24208"},"modified":"2024-02-29T11:13:18","modified_gmt":"2024-02-29T14:13:18","slug":"anses-calendario-de-pagos-de-marzo","status":"publish","type":"post","link":"https:\/\/revistaepocadigital.com.ar\/?p=24208","title":{"rendered":"ANSES. CALENDARIO DE PAGOS DE MARZO"},"content":{"rendered":"<p class=\"yiv1633422127MsoNormal\"><strong>Para jubilados, pensionados, titulares de Pensiones No Contributivas (PNC) y de la Asignaci\u00f3n Universal por Hijo, Asignaci\u00f3n por Embarazo y Asignaciones Familiares y Prestaci\u00f3n por Desempleo.<\/strong><!--more--><\/p>\n<p class=\"yiv1633422127MsoNormal\">Adem\u00e1s, el organismo recuerda que, desde ma\u00f1ana, las jubilaciones, pensiones y asignaciones tendr\u00e1n un aumento del\u00a0<b>27,18 por ciento<\/b>\u00a0por la Ley de Movilidad. En cuanto al bono de\u00a0<b>70 mil pesos<\/b>, se pagar\u00e1 desde el martes 5 para titulares de PNC con documentos terminados en 0, 1, 2, 3, 4 y 5. El mi\u00e9rcoles 6 contin\u00faa de manera habitual.<\/p>\n<p class=\"yiv1633422127MsoNormal\" align=\"left\"><b>Jubilaciones y pensiones que no superen un haber m\u00ednimo<\/b><\/p>\n<p class=\"yiv1633422127MsoNormal\" align=\"left\">\u00b7\u00a0\u00a0\u00a0\u00a0\u00a0\u00a0\u00a0\u00a0DNI terminados en 0: 8\u00a0de marzo<\/p>\n<p class=\"yiv1633422127MsoNormal\" align=\"left\">\u00b7\u00a0\u00a0\u00a0\u00a0\u00a0\u00a0\u00a0\u00a0DNI terminados en 1: 11\u00a0de marzo<\/p>\n<p class=\"yiv1633422127MsoNormal\" align=\"left\">\u00b7\u00a0\u00a0\u00a0\u00a0\u00a0\u00a0\u00a0\u00a0DNI terminados en 2: 12\u00a0de marzo<\/p>\n<p class=\"yiv1633422127MsoNormal\" align=\"left\">\u00b7\u00a0\u00a0\u00a0\u00a0\u00a0\u00a0\u00a0\u00a0DNI terminados en 3: 13\u00a0de marzo<\/p>\n<p class=\"yiv1633422127MsoNormal\" align=\"left\">\u00b7\u00a0\u00a0\u00a0\u00a0\u00a0\u00a0\u00a0\u00a0DNI terminados en 4: 14\u00a0de marzo<\/p>\n<p class=\"yiv1633422127MsoNormal\" align=\"left\">\u00b7\u00a0\u00a0\u00a0\u00a0\u00a0\u00a0\u00a0\u00a0DNI terminados en 5: 15\u00a0de marzo<\/p>\n<p class=\"yiv1633422127MsoNormal\" align=\"left\">\u00b7\u00a0\u00a0\u00a0\u00a0\u00a0\u00a0\u00a0\u00a0DNI terminados en 6: 15\u00a0de marzo<\/p>\n<p class=\"yiv1633422127MsoNormal\" align=\"left\">\u00b7\u00a0\u00a0\u00a0\u00a0\u00a0\u00a0\u00a0\u00a0DNI terminados en 7: 18\u00a0de marzo<\/p>\n<p class=\"yiv1633422127MsoNormal\" align=\"left\">\u00b7\u00a0\u00a0\u00a0\u00a0\u00a0\u00a0\u00a0\u00a0DNI terminados en 8: 19\u00a0de marzo<\/p>\n<p class=\"yiv1633422127MsoNormal\" align=\"left\">\u00b7\u00a0\u00a0\u00a0\u00a0\u00a0\u00a0\u00a0\u00a0DNI terminados en 9: 20\u00a0de marzo<\/p>\n<p class=\"yiv1633422127MsoNormal\" align=\"left\"><b>\u00a0<\/b><\/p>\n<p class=\"yiv1633422127MsoNormal\"><b>Jubilaciones y pensiones que superen un haber m\u00ednimo<\/b><\/p>\n<p class=\"yiv1633422127MsoNormal\" align=\"left\">\u00b7\u00a0\u00a0\u00a0\u00a0\u00a0\u00a0\u00a0\u00a0DNI terminados en 0 y 1: 21\u00a0de marzo<\/p>\n<p class=\"yiv1633422127MsoNormal\" align=\"left\">\u00b7\u00a0\u00a0\u00a0\u00a0\u00a0\u00a0\u00a0\u00a0DNI terminados en 2 y 3: 22\u00a0de marzo<\/p>\n<p class=\"yiv1633422127MsoNormal\" align=\"left\">\u00b7\u00a0\u00a0\u00a0\u00a0\u00a0\u00a0\u00a0\u00a0DNI terminados en 4 y 5: 25\u00a0de marzo<\/p>\n<p class=\"yiv1633422127MsoNormal\" align=\"left\">\u00b7\u00a0\u00a0\u00a0\u00a0\u00a0\u00a0\u00a0\u00a0DNI terminados en 6 y 7: 26\u00a0de marzo<\/p>\n<p class=\"yiv1633422127MsoNormal\" align=\"left\">\u00b7\u00a0\u00a0\u00a0\u00a0\u00a0\u00a0\u00a0\u00a0DNI terminados en 8 y 9: 27\u00a0de marzo<\/p>\n<p class=\"yiv1633422127MsoNormal\" align=\"left\"><b>\u00a0<\/b><\/p>\n<p class=\"yiv1633422127MsoNormal\" align=\"left\"><b>Asignaci\u00f3n Universal por Hijo y Asignaci\u00f3n Familiar por Hijo<\/b><\/p>\n<p class=\"yiv1633422127MsoNormal\" align=\"left\">\u00b7\u00a0\u00a0\u00a0\u00a0\u00a0\u00a0\u00a0\u00a0DNI terminados en 0: 8\u00a0de marzo<\/p>\n<p class=\"yiv1633422127MsoNormal\" align=\"left\">\u00b7\u00a0\u00a0\u00a0\u00a0\u00a0\u00a0\u00a0\u00a0DNI terminados en 1: 11\u00a0de marzo<\/p>\n<p class=\"yiv1633422127MsoNormal\" align=\"left\">\u00b7\u00a0\u00a0\u00a0\u00a0\u00a0\u00a0\u00a0\u00a0DNI terminados en 2: 12\u00a0de marzo<\/p>\n<p class=\"yiv1633422127MsoNormal\" align=\"left\">\u00b7\u00a0\u00a0\u00a0\u00a0\u00a0\u00a0\u00a0\u00a0DNI terminados en 3: 13\u00a0de marzo<\/p>\n<p class=\"yiv1633422127MsoNormal\" align=\"left\">\u00b7\u00a0\u00a0\u00a0\u00a0\u00a0\u00a0\u00a0\u00a0DNI terminados en 4: 14\u00a0de marzo<\/p>\n<p class=\"yiv1633422127MsoNormal\" align=\"left\">\u00b7\u00a0\u00a0\u00a0\u00a0\u00a0\u00a0\u00a0\u00a0DNI terminados en 5: 15\u00a0de marzo<\/p>\n<p class=\"yiv1633422127MsoNormal\" align=\"left\">\u00b7\u00a0\u00a0\u00a0\u00a0\u00a0\u00a0\u00a0\u00a0DNI terminados en 6: 18\u00a0de marzo<\/p>\n<p class=\"yiv1633422127MsoNormal\" align=\"left\">\u00b7\u00a0\u00a0\u00a0\u00a0\u00a0\u00a0\u00a0\u00a0DNI terminados en 7: 19\u00a0de marzo<\/p>\n<p class=\"yiv1633422127MsoNormal\" align=\"left\">\u00b7\u00a0\u00a0\u00a0\u00a0\u00a0\u00a0\u00a0\u00a0DNI terminados en 8: 20\u00a0de marzo<\/p>\n<p class=\"yiv1633422127MsoNormal\" align=\"left\">\u00b7\u00a0\u00a0\u00a0\u00a0\u00a0\u00a0\u00a0\u00a0DNI terminados en 9: 21\u00a0de marzo<\/p>\n<p class=\"yiv1633422127MsoNormal\" align=\"left\"><b>\u00a0<\/b><\/p>\n<p class=\"yiv1633422127MsoNormal\" align=\"left\"><b>Asignaci\u00f3n por Embarazo<\/b><\/p>\n<p class=\"yiv1633422127MsoNormal\" align=\"left\">\u00b7\u00a0\u00a0\u00a0\u00a0\u00a0\u00a0\u00a0\u00a0DNI terminados en 0: 11\u00a0de marzo<\/p>\n<p class=\"yiv1633422127MsoNormal\" align=\"left\">\u00b7\u00a0\u00a0\u00a0\u00a0\u00a0\u00a0\u00a0\u00a0DNI terminados en 1: 12\u00a0de marzo<\/p>\n<p class=\"yiv1633422127MsoNormal\" align=\"left\">\u00b7\u00a0\u00a0\u00a0\u00a0\u00a0\u00a0\u00a0\u00a0DNI terminados en 2: 13\u00a0de marzo<\/p>\n<p class=\"yiv1633422127MsoNormal\" align=\"left\">\u00b7\u00a0\u00a0\u00a0\u00a0\u00a0\u00a0\u00a0\u00a0DNI terminados en 3: 14\u00a0de marzo<\/p>\n<p class=\"yiv1633422127MsoNormal\" align=\"left\">\u00b7\u00a0\u00a0\u00a0\u00a0\u00a0\u00a0\u00a0\u00a0DNI terminados en 4: 15\u00a0de marzo<\/p>\n<p class=\"yiv1633422127MsoNormal\" align=\"left\">\u00b7\u00a0\u00a0\u00a0\u00a0\u00a0\u00a0\u00a0\u00a0DNI terminados en 5: 18\u00a0de marzo<\/p>\n<p class=\"yiv1633422127MsoNormal\" align=\"left\">\u00b7\u00a0\u00a0\u00a0\u00a0\u00a0\u00a0\u00a0\u00a0DNI terminados en 6: 19\u00a0de marzo<\/p>\n<p class=\"yiv1633422127MsoNormal\" align=\"left\">\u00b7\u00a0\u00a0\u00a0\u00a0\u00a0\u00a0\u00a0\u00a0DNI terminados en 7: 20\u00a0de marzo<\/p>\n<p class=\"yiv1633422127MsoNormal\" align=\"left\">\u00b7\u00a0\u00a0\u00a0\u00a0\u00a0\u00a0\u00a0\u00a0DNI terminados en 8: 21\u00a0de marzo<\/p>\n<p class=\"yiv1633422127MsoNormal\" align=\"left\">\u00b7\u00a0\u00a0\u00a0\u00a0\u00a0\u00a0\u00a0\u00a0DNI terminados en 9: 22\u00a0de marzo<\/p>\n<p class=\"yiv1633422127MsoNormal\"><b>\u00a0<\/b><\/p>\n<p class=\"yiv1633422127MsoNormal\"><b>Asignaci\u00f3n por Prenatal y Maternidad<\/b><\/p>\n<p class=\"yiv1633422127MsoNormal\" align=\"left\">\u00b7\u00a0\u00a0\u00a0\u00a0\u00a0\u00a0\u00a0\u00a0DNI terminados en 0 y 1: 12\u00a0de marzo<\/p>\n<p class=\"yiv1633422127MsoNormal\" align=\"left\">\u00b7\u00a0\u00a0\u00a0\u00a0\u00a0\u00a0\u00a0\u00a0DNI terminados en 2 y 3: 13\u00a0de marzo<\/p>\n<p class=\"yiv1633422127MsoNormal\" align=\"left\">\u00b7\u00a0\u00a0\u00a0\u00a0\u00a0\u00a0\u00a0\u00a0DNI terminados en 4 y 5: 14\u00a0de marzo<\/p>\n<p class=\"yiv1633422127MsoNormal\" align=\"left\">\u00b7\u00a0\u00a0\u00a0\u00a0\u00a0\u00a0\u00a0\u00a0DNI terminados en 6 y 7: 15\u00a0de marzo<\/p>\n<p class=\"yiv1633422127MsoNormal\" align=\"left\">\u00b7\u00a0\u00a0\u00a0\u00a0\u00a0\u00a0\u00a0\u00a0DNI terminados en 8 y 9: 18\u00a0de marzo<\/p>\n<p class=\"yiv1633422127MsoNormal\"><b>\u00a0<\/b><\/p>\n<p class=\"yiv1633422127MsoNormal\"><b>Asignaciones Pago \u00danico<\/b><\/p>\n<p class=\"yiv1633422127MsoNormal\">\u00b7\u00a0\u00a0\u00a0\u00a0\u00a0\u00a0\u00a0\u00a0Todas las terminaciones de documento: 7\u00a0de marzo al 9 de abril<b><\/b><\/p>\n<p class=\"yiv1633422127MsoNormal\"><b>\u00a0<\/b><\/p>\n<p class=\"yiv1633422127MsoNormal\"><b>Pensiones No Contributivas<\/b><\/p>\n<p class=\"yiv1633422127MsoNormal\" align=\"left\">\u00b7\u00a0\u00a0\u00a0\u00a0\u00a0\u00a0\u00a0\u00a0DNI terminados en 0 y 1: 1\u00a0de marzo<\/p>\n<p class=\"yiv1633422127MsoNormal\" align=\"left\">\u00b7\u00a0\u00a0\u00a0\u00a0\u00a0\u00a0\u00a0\u00a0DNI terminados en 2 y 3: 4\u00a0de marzo<\/p>\n<p class=\"yiv1633422127MsoNormal\" align=\"left\">\u00b7\u00a0\u00a0\u00a0\u00a0\u00a0\u00a0\u00a0\u00a0DNI terminados en 4 y 5: 5\u00a0de marzo<\/p>\n<p class=\"yiv1633422127MsoNormal\" align=\"left\">\u00b7\u00a0\u00a0\u00a0\u00a0\u00a0\u00a0\u00a0\u00a0DNI terminados en 6 y 7: 6\u00a0de marzo<\/p>\n<p class=\"yiv1633422127MsoNormal\" align=\"left\">\u00b7\u00a0\u00a0\u00a0\u00a0\u00a0\u00a0\u00a0\u00a0DNI terminados en 8 y 9: 7\u00a0de marzo<\/p>\n<p class=\"yiv1633422127MsoNormal\"><b>Asignaciones Familiares de Pensiones No Contributivas<\/b><\/p>\n<p class=\"yiv1633422127MsoNormal\">\u00b7\u00a0\u00a0\u00a0\u00a0\u00a0\u00a0\u00a0\u00a0Todas las terminaciones de documento: 8\u00a0de marzo al 9 de abril<\/p>\n<p class=\"yiv1633422127MsoNormal\"><b>\u00a0<\/b><\/p>\n<p class=\"yiv1633422127MsoNormal\"><b>Prestaci\u00f3n por Desempleo<\/b><\/p>\n<p class=\"yiv1633422127MsoNormal\" align=\"left\">\u00b7\u00a0\u00a0\u00a0\u00a0\u00a0\u00a0\u00a0\u00a0DNI terminados en 0 y 1: 21\u00a0de marzo<\/p>\n<p class=\"yiv1633422127MsoNormal\" align=\"left\">\u00b7\u00a0\u00a0\u00a0\u00a0\u00a0\u00a0\u00a0\u00a0DNI terminados en 2 y 3: 22\u00a0de marzo<\/p>\n<p class=\"yiv1633422127MsoNormal\" align=\"left\">\u00b7\u00a0\u00a0\u00a0\u00a0\u00a0\u00a0\u00a0\u00a0DNI terminados en 4 y 5: 25\u00a0de marzo<\/p>\n<p class=\"yiv1633422127MsoNormal\" align=\"left\">\u00b7\u00a0\u00a0\u00a0\u00a0\u00a0\u00a0\u00a0\u00a0DNI terminados en 6 y 7: 26\u00a0de marzo<\/p>\n<p class=\"yiv1633422127MsoNormal\" align=\"left\">\u00b7\u00a0\u00a0\u00a0\u00a0\u00a0\u00a0\u00a0\u00a0DNI terminados en 8 y 9: 27\u00a0de marzo<\/p>\n<p class=\"yiv1633422127MsoListParagraphCxSpFirst\" align=\"right\">\n","protected":false},"excerpt":{"rendered":"<p>Para jubilados, pensionados, titulares de Pensiones No Contributivas (PNC) y de la Asignaci\u00f3n Universal por Hijo, Asignaci\u00f3n por Embarazo y Asignaciones Familiares y Prestaci\u00f3n por Desempleo.<\/p>\n","protected":false},"author":3,"featured_media":24210,"comment_status":"open","ping_status":"open","sticky":false,"template":"","format":"standard","meta":{"footnotes":"","jetpack_publicize_message":"","jetpack_publicize_feature_enabled":true,"jetpack_social_post_already_shared":true,"jetpack_social_options":{"image_generator_settings":{"template":"highway","default_image_id":0,"font":"","enabled":false},"version":2}},"categories":[81],"tags":[2655],"class_list":["post-24208","post","type-post","status-publish","format-standard","has-post-thumbnail","hentry","category-anses","tag-anses-pagos-marzo-2024"],"jetpack_publicize_connections":[],"jetpack_featured_media_url":"https:\/\/revistaepocadigital.com.ar\/wp-content\/uploads\/2024\/02\/ANSES.webp","jetpack_likes_enabled":true,"_links":{"self":[{"href":"https:\/\/revistaepocadigital.com.ar\/index.php?rest_route=\/wp\/v2\/posts\/24208","targetHints":{"allow":["GET"]}}],"collection":[{"href":"https:\/\/revistaepocadigital.com.ar\/index.php?rest_route=\/wp\/v2\/posts"}],"about":[{"href":"https:\/\/revistaepocadigital.com.ar\/index.php?rest_route=\/wp\/v2\/types\/post"}],"author":[{"embeddable":true,"href":"https:\/\/revistaepocadigital.com.ar\/index.php?rest_route=\/wp\/v2\/users\/3"}],"replies":[{"embeddable":true,"href":"https:\/\/revistaepocadigital.com.ar\/index.php?rest_route=%2Fwp%2Fv2%2Fcomments&post=24208"}],"version-history":[{"count":0,"href":"https:\/\/revistaepocadigital.com.ar\/index.php?rest_route=\/wp\/v2\/posts\/24208\/revisions"}],"wp:featuredmedia":[{"embeddable":true,"href":"https:\/\/revistaepocadigital.com.ar\/index.php?rest_route=\/wp\/v2\/media\/24210"}],"wp:attachment":[{"href":"https:\/\/revistaepocadigital.com.ar\/index.php?rest_route=%2Fwp%2Fv2%2Fmedia&parent=24208"}],"wp:term":[{"taxonomy":"category","embeddable":true,"href":"https:\/\/revistaepocadigital.com.ar\/index.php?rest_route=%2Fwp%2Fv2%2Fcategories&post=24208"},{"taxonomy":"post_tag","embeddable":true,"href":"https:\/\/revistaepocadigital.com.ar\/index.php?rest_route=%2Fwp%2Fv2%2Ftags&post=24208"}],"curies":[{"name":"wp","href":"https:\/\/api.w.org\/{rel}","templated":true}]}}