{"id":24215,"date":"2024-03-11T15:52:30","date_gmt":"2024-03-11T18:52:30","guid":{"rendered":"https:\/\/revistaepocadigital.com.ar\/?p=24215"},"modified":"2024-03-12T17:21:47","modified_gmt":"2024-03-12T20:21:47","slug":"el-sindicato-empleados-de-comercio-te-invita-a-despedir-las-vacaciones-en-temaiken","status":"publish","type":"post","link":"https:\/\/revistaepocadigital.com.ar\/?p=24215","title":{"rendered":"EL SINDICATO EMPLEADOS DE COMERCIO Z\u00c1RATE AGASAJ\u00d3 A LAS MUJERES EN SU D\u00cdA"},"content":{"rendered":"<p><strong>MUY CONCURRIDA Y AMENA ESTUVO LA REUNI\u00d3N ORGANIZADA POR EL SINDICATO EMPLEADOS DE COMERCIO Z\u00c1RATE, PARA CELEBRAR EL D\u00cdA DE LA MUJER.<\/strong><\/p>\n<p><!--more--><\/p>\n<p><img loading=\"lazy\" decoding=\"async\" class=\"aligncenter size-full wp-image-24424\" src=\"https:\/\/revistaepocadigital.com.ar\/wp-content\/uploads\/2024\/03\/sind-mujer.jpg\" alt=\"\" width=\"637\" height=\"640\" \/><\/p>\n<p>&nbsp;<\/p>\n<p>&nbsp;<\/p>\n<p style=\"text-align: center;\"><span style=\"color: #0000ff;\">&#8212;&#8212;&#8212;&#8212;&#8212;&#8212;&#8212;&#8212;&#8212;&#8212;&#8212;&#8212;&#8212;&#8212;&#8212;&#8212;&#8212;<\/span><\/p>\n<p><strong>UN D\u00cdA MUY PARTICULAR.<\/strong><\/p>\n<p>VIERNES 8 DE MARZO A LAS 20.3O<\/p>\n<p>CON LA PARTICIPACI\u00d3N DE LA COACH VER\u00d3NICA SANTANA<\/p>\n<p>PARTICIP\u00c1<\/p>\n<p><!--more--><\/p>\n<p>&nbsp;<\/p>\n<p><img loading=\"lazy\" decoding=\"async\" class=\"aligncenter size-full wp-image-24301\" src=\"https:\/\/revistaepocadigital.com.ar\/wp-content\/uploads\/2024\/02\/mujer.jpg\" alt=\"\" width=\"821\" height=\"821\" srcset=\"https:\/\/revistaepocadigital.com.ar\/wp-content\/uploads\/2024\/02\/mujer.jpg 821w, https:\/\/revistaepocadigital.com.ar\/wp-content\/uploads\/2024\/02\/mujer-300x300.jpg 300w, https:\/\/revistaepocadigital.com.ar\/wp-content\/uploads\/2024\/02\/mujer-150x150.jpg 150w, https:\/\/revistaepocadigital.com.ar\/wp-content\/uploads\/2024\/02\/mujer-768x768.jpg 768w, https:\/\/revistaepocadigital.com.ar\/wp-content\/uploads\/2024\/02\/mujer-696x696.jpg 696w, https:\/\/revistaepocadigital.com.ar\/wp-content\/uploads\/2024\/02\/mujer-420x420.jpg 420w\" sizes=\"auto, (max-width: 821px) 100vw, 821px\" \/><\/p>\n<p style=\"text-align: center;\"><span style=\"color: #0000ff;\">&#8212;&#8212;&#8212;&#8212;&#8212;&#8212;&#8212;&#8212;&#8212;&#8212;&#8212;&#8212;&#8212;&#8212;&#8212;<\/span><\/p>\n<p>&nbsp;<\/p>\n<hr \/>\n<p>nota anterior<\/p>\n<p>EL SINDICATO EMPLEADOS DE COMERCIO TE INVITA A DESPEDIR LAS VACACIONES EN TEMAIKEN<\/p>\n<p>A ANOTARSE POR WHATSAAP. <!--more--><\/p>\n<p>ESTE\u00a0 DOMINGO 3 DE MARZO<\/p>\n<p><img loading=\"lazy\" decoding=\"async\" class=\"aligncenter size-full wp-image-24217\" src=\"https:\/\/revistaepocadigital.com.ar\/wp-content\/uploads\/2024\/02\/fff.jpg\" alt=\"\" width=\"691\" height=\"691\" srcset=\"https:\/\/revistaepocadigital.com.ar\/wp-content\/uploads\/2024\/02\/fff.jpg 691w, https:\/\/revistaepocadigital.com.ar\/wp-content\/uploads\/2024\/02\/fff-300x300.jpg 300w, https:\/\/revistaepocadigital.com.ar\/wp-content\/uploads\/2024\/02\/fff-150x150.jpg 150w, https:\/\/revistaepocadigital.com.ar\/wp-content\/uploads\/2024\/02\/fff-420x420.jpg 420w\" sizes=\"auto, (max-width: 691px) 100vw, 691px\" \/><img loading=\"lazy\" decoding=\"async\" class=\"aligncenter size-medium wp-image-24216\" src=\"https:\/\/revistaepocadigital.com.ar\/wp-content\/uploads\/2024\/02\/ddddd-300x300.jpg\" alt=\"\" width=\"300\" height=\"300\" srcset=\"https:\/\/revistaepocadigital.com.ar\/wp-content\/uploads\/2024\/02\/ddddd-300x300.jpg 300w, https:\/\/revistaepocadigital.com.ar\/wp-content\/uploads\/2024\/02\/ddddd-150x150.jpg 150w, https:\/\/revistaepocadigital.com.ar\/wp-content\/uploads\/2024\/02\/ddddd-768x768.jpg 768w, https:\/\/revistaepocadigital.com.ar\/wp-content\/uploads\/2024\/02\/ddddd-696x696.jpg 696w, https:\/\/revistaepocadigital.com.ar\/wp-content\/uploads\/2024\/02\/ddddd-1068x1068.jpg 1068w, https:\/\/revistaepocadigital.com.ar\/wp-content\/uploads\/2024\/02\/ddddd-420x420.jpg 420w, https:\/\/revistaepocadigital.com.ar\/wp-content\/uploads\/2024\/02\/ddddd-840x840.jpg 840w, https:\/\/revistaepocadigital.com.ar\/wp-content\/uploads\/2024\/02\/ddddd.jpg 1080w\" sizes=\"auto, (max-width: 300px) 100vw, 300px\" \/><\/p>\n","protected":false},"excerpt":{"rendered":"<p>MUY CONCURRIDA Y AMENA ESTUVO LA REUNI\u00d3N ORGANIZADA POR EL SINDICATO EMPLEADOS DE COMERCIO Z\u00c1RATE, PARA CELEBRAR EL D\u00cdA DE LA MUJER.<\/p>\n","protected":false},"author":4,"featured_media":24425,"comment_status":"open","ping_status":"open","sticky":false,"template":"","format":"standard","meta":{"footnotes":"","jetpack_publicize_message":"","jetpack_publicize_feature_enabled":true,"jetpack_social_post_already_shared":true,"jetpack_social_options":{"image_generator_settings":{"template":"highway","default_image_id":0,"font":"","enabled":false},"version":2}},"categories":[151,11],"tags":[1791,1050],"class_list":["post-24215","post","type-post","status-publish","format-standard","has-post-thumbnail","hentry","category-empleados-de-comercio","category-entidades","tag-dia-mujer","tag-sindicato"],"jetpack_publicize_connections":[],"jetpack_featured_media_url":"https:\/\/revistaepocadigital.com.ar\/wp-content\/uploads\/2024\/03\/sind-mujer-1.jpg","jetpack_likes_enabled":true,"_links":{"self":[{"href":"https:\/\/revistaepocadigital.com.ar\/index.php?rest_route=\/wp\/v2\/posts\/24215","targetHints":{"allow":["GET"]}}],"collection":[{"href":"https:\/\/revistaepocadigital.com.ar\/index.php?rest_route=\/wp\/v2\/posts"}],"about":[{"href":"https:\/\/revistaepocadigital.com.ar\/index.php?rest_route=\/wp\/v2\/types\/post"}],"author":[{"embeddable":true,"href":"https:\/\/revistaepocadigital.com.ar\/index.php?rest_route=\/wp\/v2\/users\/4"}],"replies":[{"embeddable":true,"href":"https:\/\/revistaepocadigital.com.ar\/index.php?rest_route=%2Fwp%2Fv2%2Fcomments&post=24215"}],"version-history":[{"count":0,"href":"https:\/\/revistaepocadigital.com.ar\/index.php?rest_route=\/wp\/v2\/posts\/24215\/revisions"}],"wp:featuredmedia":[{"embeddable":true,"href":"https:\/\/revistaepocadigital.com.ar\/index.php?rest_route=\/wp\/v2\/media\/24425"}],"wp:attachment":[{"href":"https:\/\/revistaepocadigital.com.ar\/index.php?rest_route=%2Fwp%2Fv2%2Fmedia&parent=24215"}],"wp:term":[{"taxonomy":"category","embeddable":true,"href":"https:\/\/revistaepocadigital.com.ar\/index.php?rest_route=%2Fwp%2Fv2%2Fcategories&post=24215"},{"taxonomy":"post_tag","embeddable":true,"href":"https:\/\/revistaepocadigital.com.ar\/index.php?rest_route=%2Fwp%2Fv2%2Ftags&post=24215"}],"curies":[{"name":"wp","href":"https:\/\/api.w.org\/{rel}","templated":true}]}}