{"id":24224,"date":"2024-02-25T20:25:40","date_gmt":"2024-02-25T23:25:40","guid":{"rendered":"https:\/\/revistaepocadigital.com.ar\/?p=24224"},"modified":"2024-02-29T20:26:28","modified_gmt":"2024-02-29T23:26:28","slug":"ford-pro-sponsor-oficial-del-cosquin-rock-2024","status":"publish","type":"post","link":"https:\/\/revistaepocadigital.com.ar\/?p=24224","title":{"rendered":"FORD PRO, SPONSOR OFICIAL DEL COSQU\u00cdN ROCK 2024"},"content":{"rendered":"<p><strong>LA DIVISI\u00d3N DE FORD ARGENTINA, FORD Pro.<\/strong><!--more--><\/p>\n<p>\u2022 Ford Pro, la divisi\u00f3n de Ford Argentina dedicada atender las necesidades del cliente<br \/>\ncomercial, fue por tercer a\u00f1o consecutivo Sponsor Oficial de la edici\u00f3n 23\u00b0 del Cosqu\u00edn<br \/>\nRock 2024, uno de los festivales nacionales y multiculturales m\u00e1s importantes de la<br \/>\nm\u00fasica en el pa\u00eds, en el que artistas nacionales e internacionales se lucieron ante m\u00e1s<br \/>\nde 100.000 mil personas en el escenario natural \u00fanico que ofrecen sierras cordobesas.<br \/>\n\u2022 Ford Pro, ofrece un portfolio de soluciones y servicios dise\u00f1ados para acompa\u00f1ar al<br \/>\ncliente comercial a lo largo de toda su jornada, con el foco puesto en aumentar su<br \/>\nproductividad. Para el Cosqu\u00edn Rock, cuya organizaci\u00f3n conlleva una gran complejidad<br \/>\nlog\u00edstica, Ford Pro puso a disposici\u00f3n una flota de Ranger y Transit, ofreciendo as\u00ed<br \/>\nsoluciones de movilidad para los artistas y equipos de trabajo.<br \/>\n\u2022 La presencia de Ford Pro en una nueva edici\u00f3n del Cosqu\u00edn Rock marca el cierre de una<br \/>\ncompleta serie de propuestas exclusivas que se realizaron en m\u00faltiples destinos<br \/>\ntur\u00edsticos durante toda la temporada de verano, para estar cerca de sus clientes y<br \/>\nenmarcadas en el Ford Summer Energy 2024.<img loading=\"lazy\" decoding=\"async\" class=\"aligncenter size-full wp-image-24225\" src=\"https:\/\/revistaepocadigital.com.ar\/wp-content\/uploads\/2024\/02\/ford-transi-24.jpeg\" alt=\"\" width=\"204\" height=\"192\" \/><\/p>\n<p><strong>Ford Pro<\/strong>, es la divisi\u00f3n de negocio de Ford 100% dedicada a atender a los clientes de veh\u00edculos comerciales -emprendedores, peque\u00f1as, medianas o grandes empresas y flotas de gobiernos-, que ofrece soluciones de productos, posventa, opciones de financiamiento, software y conectividad. Se trata de un equipo 100% dedicado a acompa\u00f1ar al cliente comercial, y ayudarlo a aumentar la productividad y rentabilidad de sus negocios.<\/p>\n<p>Teniendo en cuenta la magnitud y el nivel de complejidad log\u00edstica que requiere poner en<br \/>\nmarcha un festival de esa magnitud, Ford Pro fue el aliado ideal para ofrecer soluciones de<br \/>\nmovilidad y transporte a los artistas y equipos de trabajo durante la edici\u00f3n 2024 del Cosqu\u00edn Rock.<\/p>\n<p>Los modelos presentes fueron tres Transit MiniBus, que trasladaron a los artistas<br \/>\ny colaboradores. Las paradas \u201cFord Pro\u201d ubicadas dentro del \u201cpatio de los artistas\u201d de los<br \/>\nescenarios Norte y Sur, serv\u00edan de punto de encuentro para iniciar los traslados. Este servicio tambi\u00e9n estuvo destinado al traslado de equipos t\u00e9cnicos, producci\u00f3n y otros colaboradores que dan vida a los espect\u00e1culos.<\/p>\n<p><img loading=\"lazy\" decoding=\"async\" class=\"aligncenter size-large wp-image-24226\" src=\"https:\/\/revistaepocadigital.com.ar\/wp-content\/uploads\/2024\/02\/Detalle2-1920w-1200x1194.webp\" alt=\"\" width=\"696\" height=\"693\" srcset=\"https:\/\/revistaepocadigital.com.ar\/wp-content\/uploads\/2024\/02\/Detalle2-1920w-1200x1194.webp 1200w, https:\/\/revistaepocadigital.com.ar\/wp-content\/uploads\/2024\/02\/Detalle2-1920w-300x298.webp 300w, https:\/\/revistaepocadigital.com.ar\/wp-content\/uploads\/2024\/02\/Detalle2-1920w-150x150.webp 150w, https:\/\/revistaepocadigital.com.ar\/wp-content\/uploads\/2024\/02\/Detalle2-1920w-768x764.webp 768w, https:\/\/revistaepocadigital.com.ar\/wp-content\/uploads\/2024\/02\/Detalle2-1920w-696x692.webp 696w, https:\/\/revistaepocadigital.com.ar\/wp-content\/uploads\/2024\/02\/Detalle2-1920w-1068x1063.webp 1068w, https:\/\/revistaepocadigital.com.ar\/wp-content\/uploads\/2024\/02\/Detalle2-1920w-422x420.webp 422w, https:\/\/revistaepocadigital.com.ar\/wp-content\/uploads\/2024\/02\/Detalle2-1920w-844x840.webp 844w, https:\/\/revistaepocadigital.com.ar\/wp-content\/uploads\/2024\/02\/Detalle2-1920w.webp 1363w\" sizes=\"auto, (max-width: 696px) 100vw, 696px\" \/><\/p>\n<p>&nbsp;<\/p>\n<p>Los veh\u00edculos de Ford Pro hicieron lo que mejor Los veh\u00edculos de Ford Pro hicieron lo que mejor sabe\u00a0hacer: trabajar. Por lo tanto, tambi\u00e9n estuvieron a disposici\u00f3n, las versiones de Transit Van Larga Techo Elevado Manual, Van Larga Techo Elevado Autom\u00e1tica y las Nuevas Ranger en sus versiones XL destinadas para el trabajo detr\u00e1s de escena.<\/p>\n<p>Cosqu\u00edn Rock es uno de los festivales nacionales y multiculturales m\u00e1s importantes de la m\u00fasica en el pa\u00eds, que se realiza de forma ininterrumpida desde el a\u00f1o 2001 en C\u00f3rdoba. Desde el 2017, el festival se exporta al mundo y ya se realiz\u00f3 en pa\u00edses como Per\u00fa, M\u00e9xico, Estados Unidos y Espa\u00f1a. En esta nueva edici\u00f3n, el evento recibi\u00f3 entre los d\u00edas 10 y 11 de febrero a m\u00e1s de 100.000 personas, y m\u00e1s de 100 artistas nacionales e internacionales de distintos g\u00e9neros- Rock, Pop, Electr\u00f3nica, Trap, Reggae, Cumbia, Tango, Jazz, y Blues.<\/p>\n<p><strong>Ford en C\u00f3rdoba<\/strong><br \/>\nFord Argentina hace varios trabaja en forma conjunta con diferentes referentes de la provincia de C\u00f3rdoba, como el piloto cordob\u00e9s<strong> Federico \u201cCoyote\u201d Villagra,<\/strong> quien ha acompa\u00f1ado a Ford en m\u00faltiples oportunidades, el \u00faltimo fue en la traves\u00eda del Ford Summer Energy 2024 en la que se luci\u00f3 en una demostraci\u00f3n de manejo extremo a bordo de la F-150 Raptor.<\/p>\n<p>Por otro lado, la automotriz tambi\u00e9n tiene una larga relaci\u00f3n con <strong>Oreste Berta<\/strong>, quien construye y prepara motores para autos de competici\u00f3n en la m\u00edtica Fortaleza, ubicada en Alta Gracia, que ha realizado en conjunto con la automotriz acciones solidarias, encuentros off-road e inclusive recibido en el lugar, a los invitados de Ford.<\/p>\n<p>C\u00f3rdoba es uno de los destinos tur\u00edsticos m\u00e1s importantes de Argentina, adem\u00e1s, varias de sus ciudades han sido parte de la Ranger Experience, una acci\u00f3n de alcance nacional que tiene como principal objetivo que los clientes del \u00f3valo -o potenciales clientes- prueben veh\u00edculos Ford a en todo tipo de terrenos.<\/p>\n<p><strong>Junto al cliente en todo momento<\/strong><br \/>\nLa presencia de Ford Pro en una nueva edici\u00f3n del Cosqu\u00edn Rock marc\u00f3 el cierre de una serie de propuestas exclusivas que se realizaron en m\u00faltiples destinos tur\u00edsticos durante la<br \/>\ntemporada de verano, para estar cerca de sus clientes y enmarcadas en el Ford Summer<br \/>\nEnergy 2024. La presencia en el Cosqu\u00edn Rock le permiti\u00f3 a la automotriz continuar<br \/>\nfortaleciendo su v\u00ednculo con los clientes comerciales en la provincia de C\u00f3rdoba y con el<br \/>\np\u00fablico en general.<\/p>\n","protected":false},"excerpt":{"rendered":"<p>LA DIVISI\u00d3N DE FORD ARGENTINA, FORD Pro.<\/p>\n","protected":false},"author":4,"featured_media":24226,"comment_status":"open","ping_status":"open","sticky":false,"template":"","format":"standard","meta":{"footnotes":"","jetpack_publicize_message":"","jetpack_publicize_feature_enabled":true,"jetpack_social_post_already_shared":true,"jetpack_social_options":{"image_generator_settings":{"template":"highway","default_image_id":0,"font":"","enabled":false},"version":2}},"categories":[12],"tags":[2656,1104],"class_list":["post-24224","post","type-post","status-publish","format-standard","has-post-thumbnail","hentry","category-espectaculos","tag-cosquin-rock","tag-ford"],"jetpack_publicize_connections":[],"jetpack_featured_media_url":"https:\/\/revistaepocadigital.com.ar\/wp-content\/uploads\/2024\/02\/Detalle2-1920w.webp","jetpack_likes_enabled":true,"_links":{"self":[{"href":"https:\/\/revistaepocadigital.com.ar\/index.php?rest_route=\/wp\/v2\/posts\/24224","targetHints":{"allow":["GET"]}}],"collection":[{"href":"https:\/\/revistaepocadigital.com.ar\/index.php?rest_route=\/wp\/v2\/posts"}],"about":[{"href":"https:\/\/revistaepocadigital.com.ar\/index.php?rest_route=\/wp\/v2\/types\/post"}],"author":[{"embeddable":true,"href":"https:\/\/revistaepocadigital.com.ar\/index.php?rest_route=\/wp\/v2\/users\/4"}],"replies":[{"embeddable":true,"href":"https:\/\/revistaepocadigital.com.ar\/index.php?rest_route=%2Fwp%2Fv2%2Fcomments&post=24224"}],"version-history":[{"count":0,"href":"https:\/\/revistaepocadigital.com.ar\/index.php?rest_route=\/wp\/v2\/posts\/24224\/revisions"}],"wp:featuredmedia":[{"embeddable":true,"href":"https:\/\/revistaepocadigital.com.ar\/index.php?rest_route=\/wp\/v2\/media\/24226"}],"wp:attachment":[{"href":"https:\/\/revistaepocadigital.com.ar\/index.php?rest_route=%2Fwp%2Fv2%2Fmedia&parent=24224"}],"wp:term":[{"taxonomy":"category","embeddable":true,"href":"https:\/\/revistaepocadigital.com.ar\/index.php?rest_route=%2Fwp%2Fv2%2Fcategories&post=24224"},{"taxonomy":"post_tag","embeddable":true,"href":"https:\/\/revistaepocadigital.com.ar\/index.php?rest_route=%2Fwp%2Fv2%2Ftags&post=24224"}],"curies":[{"name":"wp","href":"https:\/\/api.w.org\/{rel}","templated":true}]}}