{"id":2435,"date":"2019-05-18T01:03:18","date_gmt":"2019-05-18T04:03:18","guid":{"rendered":"https:\/\/revistaepocadigital.com.ar\/?p=2435"},"modified":"2019-05-21T21:27:44","modified_gmt":"2019-05-22T00:27:44","slug":"bozzani-ante-la-formula-decidida-por-cristina-poner-de-candidato-a-presidente-a-alguien-con-actitud-conciliadora-es-correcta","status":"publish","type":"post","link":"https:\/\/revistaepocadigital.com.ar\/?p=2435","title":{"rendered":"Bozzani ante la f\u00f3rmula decidida por Cristina: &#8220;poner de candidato a presidente a alguien con actitud conciliadora es correcta&#8221;"},"content":{"rendered":"<div id=\"hyperfeed_story_id_5ce33bac944139582978010\" class=\"_5jmm _5pat _3lb4 p_15hhenz5x7\" role=\"article\" data-fte=\"1\" data-ftr=\"1\" data-testid=\"fbfeed_story\" data-cursor=\"MTU1ODM5NTY1OToxNTU4Mzk1NjU5OjEwOjY1NzE3NzA0OTQ2ODIxNTYzOTQ6MDo2NjkzMjU4MzkxNzQzMjcyMjM2\" data-dedupekey=\"6571770494682156394\" data-timestamp=\"1558353083\" aria-posinset=\"10\" aria-setsize=\"17\" data-referrer=\"hyperfeed_story_id_5ce33bac944139582978010\" aria-labelledby=\"js_vo\" aria-describedby=\"js_vp js_vq\" data-insertion-position=\"9\">\n<div id=\"u_jsonp_4_o\" class=\"_4-u2 mbm _4mrt _5v3q _7cqq _4-u8\">\n<div id=\"u_jsonp_4_p\" class=\"_3ccb\" data-ft=\"{&quot;tn&quot;:&quot;-R&quot;}\" data-gt=\"{&quot;type&quot;:&quot;click2canvas&quot;,&quot;fbsource&quot;:703,&quot;ref&quot;:&quot;nf_generic&quot;}\">\n<div class=\"_5pcr userContentWrapper\" data-ft=\"{&quot;tn&quot;:&quot;-R&quot;}\">\n<div class=\"_1dwg _1w_m _q7o\">\n<div>\n<div id=\"js_vq\" class=\"_5pbx userContent _3576\" data-testid=\"post_message\" data-ft=\"{&quot;tn&quot;:&quot;K&quot;}\">\n<div id=\"id_5ce33bacca4771e34831269\" class=\"text_exposed_root text_exposed\">\n<p><em><strong>&#8220;LA UNIDAD HACE LA FUERZA&#8221;.<!--more--><\/strong><\/em><\/p>\n<p>Ha dicho el ex intendente, ex funcionario provincial y ex senador, <strong>Ricardo Bozzani<\/strong> en declaraciones a <em>FM Studio\/el Sonido te lleva<\/em>, acerca de la decisi\u00f3n de Cristina Fern\u00e1ndez de Kirchner al anunciar la f\u00f3rmula presidencial integrada por Alberto Fern\u00e1ndez para presidente y Cristina para vice.<\/p>\n<p><em>&#8220;La unidad hace la fuerza. Que en pol\u00edtica son m\u00e1s importantes las acciones que las palabras. Que la decisi\u00f3n de poner de candidato a presidente a alguien con actitud conciliadora es correcta&#8221;. <\/em><\/p>\n<p>Apunt\u00f3 luego:<em> &#8220;El pa\u00eds que deja esta gesti\u00f3n est\u00e1 muy d\u00e9bil y vulnerable. La econom\u00eda est\u00e1 yendo a la destrucci\u00f3n del aparato productivo y del poder adquisitivo de los salarios con con<span class=\"text_exposed_show\">secuencias a futuro que s\u00f3lo presagian un empobrecimiento generalizado. Este gobierno no ha hecho nada de lo que prometi\u00f3 y encima no asume su responsabilidad. Mala gesti\u00f3n y peor actitud. El pr\u00f3ximo per\u00edodo de gobierno va a necesitar de muchos consensos para de una buena vez por todas iniciar un per\u00edodo con pol\u00edticas de estado a largo plazo, teniendo el Estado un papel orientador y controlador de fundamental importancia para la defensa de los intereses de los argentinos. Este es el resumen de lo que pienso. El momento es malo, pinta para peor y si los pol\u00edticos no se juntan para proponer soluciones no vamos a encontrar la salida&#8221;.<\/span><\/em><\/p>\n<\/div>\n<\/div>\n<div class=\"_3x-2\" data-ft=\"{&quot;tn&quot;:&quot;H&quot;}\">\n<div data-ft=\"{&quot;tn&quot;:&quot;H&quot;}\">\n<div class=\"mtm\">\n<div>\n<div class=\"_5cq3 _1ktf\" data-ft=\"{&quot;tn&quot;:&quot;E&quot;}\">\n<div id=\"u_jsonp_4_v\" class=\"uiScaledImageContainer _4-ep\"><img loading=\"lazy\" decoding=\"async\" class=\"scaledImageFitWidth img\" src=\"https:\/\/scontent-eze1-1.xx.fbcdn.net\/v\/t1.0-9\/60964021_2016040748524152_8206265863527989248_n.jpg?_nc_cat=106&amp;_nc_ht=scontent-eze1-1.xx&amp;oh=5a74fd83ff4688074c49263e12692fce&amp;oe=5D671120\" alt=\"La imagen puede contener: 1 persona, sentado e interior\" width=\"500\" height=\"377\" data-src=\"https:\/\/scontent-eze1-1.xx.fbcdn.net\/v\/t1.0-9\/60964021_2016040748524152_8206265863527989248_n.jpg?_nc_cat=106&amp;_nc_ht=scontent-eze1-1.xx&amp;oh=5a74fd83ff4688074c49263e12692fce&amp;oe=5D671120\" \/><\/div>\n<\/div>\n<\/div>\n<\/div>\n<\/div>\n<\/div>\n<div><\/div>\n<\/div>\n<\/div>\n<div>\n<form id=\"u_jsonp_4_u\" class=\"commentable_item collapsed_comments\" action=\"\/ajax\/ufi\/modify.php\" method=\"post\" data-ft=\"{&quot;tn&quot;:&quot;]&quot;}\">\n<div class=\"_4299\">Foto: FM Studio.<\/div>\n<\/form>\n<\/div>\n<\/div>\n<\/div>\n<\/div>\n<\/div>\n<p>&nbsp;<\/p>\n","protected":false},"excerpt":{"rendered":"<p>&#8220;LA UNIDAD HACE LA FUERZA&#8221;.<\/p>\n","protected":false},"author":3,"featured_media":2438,"comment_status":"open","ping_status":"open","sticky":false,"template":"","format":"standard","meta":{"footnotes":"","jetpack_publicize_message":"","jetpack_publicize_feature_enabled":true,"jetpack_social_post_already_shared":false,"jetpack_social_options":{"image_generator_settings":{"template":"highway","default_image_id":0,"font":"","enabled":false},"version":2}},"categories":[17],"tags":[25,129,43],"class_list":["post-2435","post","type-post","status-publish","format-standard","has-post-thumbnail","hentry","category-politica","tag-bozzani","tag-candidatos","tag-elecciones"],"jetpack_publicize_connections":[],"jetpack_featured_media_url":"https:\/\/revistaepocadigital.com.ar\/wp-content\/uploads\/2019\/05\/bozzani-marchese.jpg","jetpack_likes_enabled":true,"_links":{"self":[{"href":"https:\/\/revistaepocadigital.com.ar\/index.php?rest_route=\/wp\/v2\/posts\/2435","targetHints":{"allow":["GET"]}}],"collection":[{"href":"https:\/\/revistaepocadigital.com.ar\/index.php?rest_route=\/wp\/v2\/posts"}],"about":[{"href":"https:\/\/revistaepocadigital.com.ar\/index.php?rest_route=\/wp\/v2\/types\/post"}],"author":[{"embeddable":true,"href":"https:\/\/revistaepocadigital.com.ar\/index.php?rest_route=\/wp\/v2\/users\/3"}],"replies":[{"embeddable":true,"href":"https:\/\/revistaepocadigital.com.ar\/index.php?rest_route=%2Fwp%2Fv2%2Fcomments&post=2435"}],"version-history":[{"count":0,"href":"https:\/\/revistaepocadigital.com.ar\/index.php?rest_route=\/wp\/v2\/posts\/2435\/revisions"}],"wp:featuredmedia":[{"embeddable":true,"href":"https:\/\/revistaepocadigital.com.ar\/index.php?rest_route=\/wp\/v2\/media\/2438"}],"wp:attachment":[{"href":"https:\/\/revistaepocadigital.com.ar\/index.php?rest_route=%2Fwp%2Fv2%2Fmedia&parent=2435"}],"wp:term":[{"taxonomy":"category","embeddable":true,"href":"https:\/\/revistaepocadigital.com.ar\/index.php?rest_route=%2Fwp%2Fv2%2Fcategories&post=2435"},{"taxonomy":"post_tag","embeddable":true,"href":"https:\/\/revistaepocadigital.com.ar\/index.php?rest_route=%2Fwp%2Fv2%2Ftags&post=2435"}],"curies":[{"name":"wp","href":"https:\/\/api.w.org\/{rel}","templated":true}]}}