{"id":24381,"date":"2024-03-19T09:32:41","date_gmt":"2024-03-19T12:32:41","guid":{"rendered":"https:\/\/revistaepocadigital.com.ar\/?p=24381"},"modified":"2024-03-22T19:04:32","modified_gmt":"2024-03-22T22:04:32","slug":"continuan-pagos-de-jubilaciones-pensiones-auh-y-asignacion-familiar-por-hijo","status":"publish","type":"post","link":"https:\/\/revistaepocadigital.com.ar\/?p=24381","title":{"rendered":"LUNES 25 DE MARZO. PAGOS DE JUBILACIONES Y PENSIONES"},"content":{"rendered":"<p><strong>INFORM\u00d3 ANSES.<\/strong><!--more--><\/p>\n<p class=\"yiv9399525748MsoNormal\"><strong>Se informa que el\u00a0<\/strong><strong>lunes<\/strong><strong>\u00a0contin\u00faan los pagos de<\/strong><b>\u00a0<\/b><strong>jubilaciones y pensiones que SUPEREN los haberes m\u00ednimos (con el aumento del 27,18 por ciento por movilidad) y de la Prestaci\u00f3n por Desempleo.<\/strong><\/p>\n<p class=\"yiv9399525748MsoNormal\"><b>\u00a0<\/b><b>Jubilaciones\u00a0y\u00a0pensiones\u00a0que SUPEREN el m\u00ednimo<\/b><\/p>\n<p class=\"yiv9399525748MsoNormal\">Jubilados y pensionados con haberes que SUPEREN el m\u00ednimo con documentos terminados en\u00a0<b>4\u00a0<\/b>y\u00a0<b>5<\/b>.<\/p>\n<p class=\"yiv9399525748MsoNormal\"><b>\u00a0<\/b><b>Prestaci\u00f3n por Desempleo<\/b><\/p>\n<p class=\"yiv9399525748MsoNormal\">Titulares con documentos concluidos en\u00a0<b>4\u00a0<\/b>y<b>\u00a05<\/b>.<\/p>\n<p>&nbsp;<\/p>\n<p>&nbsp;<\/p>\n<p style=\"text-align: center;\"><strong>&#8212;&#8212;&#8212;&#8212;&#8212;&#8212;&#8212;&#8212;&#8212;&#8212;&#8212;&#8212;&#8212;&#8212;&#8212;&#8212;<\/strong><\/p>\n<p class=\"yiv3249227418MsoNormal\"><strong>nota anterior<\/strong><\/p>\n<p class=\"yiv3249227418MsoNormal\"><strong>Se informa que hoy se<\/strong><strong>\u00a0inician los pagos de<\/strong><b>\u00a0<\/b><strong>jubilaciones y pensiones que SUPEREN los haberes m\u00ednimos y de la Prestaci\u00f3n por Desempleo; en tanto, finalizan los de la Asignaci\u00f3n Universal y Familiar por Hijo y contin\u00faan los de la Asignaci\u00f3n por Embarazo, todos con el aumento del 27,18 por ciento por movilidad.<\/strong><b><\/b><\/p>\n<p class=\"yiv3249227418MsoNormal\"><b>Jubilaciones\u00a0y\u00a0pensiones\u00a0que SUPEREN el m\u00ednimo<\/b><\/p>\n<p class=\"yiv3249227418MsoNormal\">Jubilados y pensionados con haberes que SUPEREN el m\u00ednimo con documentos terminados en\u00a0<b>0\u00a0<\/b>y\u00a0<b>1<\/b>.<\/p>\n<p class=\"yiv3249227418MsoNormal\"><b>Asignaci\u00f3n Universal por Hijo y Asignaci\u00f3n Familiar por Hijo<\/b><\/p>\n<p class=\"yiv3249227418MsoNormal\">Titulares con documentos concluidos en\u00a0<b>9<\/b>.<b><\/b><\/p>\n<p class=\"yiv3249227418MsoNormal\"><strong>Asignaci\u00f3n por Embarazo<\/strong><\/p>\n<p class=\"yiv3249227418MsoNormal\">Titulares con documentos finalizados en\u00a0<b>8<\/b>.<\/p>\n<p class=\"yiv3249227418MsoNormal\"><b>Prestaci\u00f3n por Desempleo<\/b><\/p>\n<p class=\"yiv3249227418MsoNormal\">Titulares con documentos terminados en\u00a0<b>0\u00a0<\/b>y<b>\u00a01<\/b>.<b><\/b><\/p>\n<p class=\"yiv3249227418MsoNormal\" style=\"text-align: center;\"><span style=\"color: #ff0000;\"><b>\u00a0&#8212;&#8212;&#8212;&#8212;&#8212;&#8212;&#8212;&#8212;&#8212;&#8212;&#8212;&#8212;&#8212;&#8212;&#8212;&#8212;&#8212;&#8212;<\/b><\/span><\/p>\n<p>nota anterior<\/p>\n<p class=\"yiv0234013012MsoNormal\" style=\"text-align: left;\" align=\"center\"><!--more--><\/p>\n<p class=\"yiv0234013012MsoNormal\"><strong>El lunes 18 <\/strong><strong>contin\u00faan los pagos de<\/strong><b>\u00a0<\/b><strong>jubilaciones<\/strong><strong>\u00a0y pensiones m\u00ednimas, Asignaci\u00f3n Universal y Familiar por Hijo, Asignaci\u00f3n por Embarazo, que tienen incluido el aumento<\/strong><strong>\u00a0del 27,18\u00a0<\/strong><strong>por ciento por movilidad; en tanto finalizan aquellos de las Asignaciones por Prenatal y Maternidad.<\/strong><\/p>\n<p class=\"yiv0234013012MsoNormal\"><b>Jubilaciones\u00a0y\u00a0pensiones\u00a0<\/b><\/p>\n<p class=\"yiv0234013012MsoNormal\">Jubilados y pensionados con haberes que NO SUPEREN el m\u00ednimo y con documentos finalizados en\u00a0<b>7<\/b>\u00a0los cobrar\u00e1n junto al\u00a0<b>bono de 70 mil pesos<\/b>.<\/p>\n<p class=\"yiv0234013012MsoNormal\"><b>Asignaci\u00f3n Universal por Hijo y Asignaci\u00f3n Familiar por Hijo<\/b><\/p>\n<p class=\"yiv0234013012MsoNormal\">Titulares con documentos concluidos en\u00a0<b>6<\/b>.<b><\/b><\/p>\n<p class=\"yiv0234013012MsoNormal\"><strong>Asignaci\u00f3n por Embarazo<\/strong><\/p>\n<p class=\"yiv0234013012MsoNormal\">Titulares con documentos terminados en\u00a0<b>5<\/b>.<\/p>\n<p class=\"yiv0234013012MsoNormal\" align=\"left\"><b>Asignaciones por Prenatal y Maternidad<\/b><\/p>\n<p class=\"yiv0234013012MsoNormal\">Titulares con documentos finalizados en\u00a0<b>8 y 9<\/b>.<b><\/b><\/p>\n<p>&nbsp;<\/p>\n<section class=\"NoteCoverImage_noteImageContainer__DRO0o\">\n<figure><figcaption class=\"NoteCoverImage_figcaption__t6I0l \">\n<div class=\"NoteCoverImage_container__QMn6p\"><strong>Adem\u00e1s:<\/strong><\/div>\n<\/figcaption><\/figure>\n<\/section>\n<div class=\"NoteBody_wrapper__clqh4\">\n<div class=\"NoteBody_noteContainer__DI5Dt\">\n<div class=\" note_NoteContent__XG7Sw NoteBody_noteText__jZ5P_ \">\n<p>La Administraci\u00f3n Nacional de Seguridad Social (Anses) continuar\u00e1 los pagos de Asignaci\u00f3n Familiar, por Embarazo, y Maternidad durante la segunda quincena de marzo. En tanto que las de pago \u00fanico y Pensiones No Contributivas se extender\u00e1n hasta el 9 de abril.<\/p>\n<p><strong>Asignaci\u00f3n Familiar por Hijo y Asignaci\u00f3n Universal por Hijo<\/strong><\/p>\n<p>Lunes 18 de marzo- DNI finalizado en 6<br \/>\nMartes 19 de marzo- DNI finalizado en 7<br \/>\nMi\u00e9rcoles 20 de marzo- DNI finalizado en 8<\/p>\n<p><strong>Asignaci\u00f3n Por Embarazo<\/strong><\/p>\n<div id=\"Parallax\">\n<div id=\"604994\/lanoticia1.com\/111128\"><\/div>\n<\/div>\n<p>Lunes 18 de marzo- DNI finalizado en 5<br \/>\nMartes 19 de marzo- DNI finalizado en 6<br \/>\nMi\u00e9rcoles 20 de marzo- DNI finalizado en 7<br \/>\nJueves 21 de marzo- DNI finalizado en 8<br \/>\nViernes 22 de marzo- DNI finalizado en 9<\/p>\n<div id=\"1_InRead_2_Notas\"><\/div>\n<p><strong>Asignaciones de pago \u00fanico: Matrimonio, Adopci\u00f3n y Nacimiento<\/strong><\/p>\n<p>Del 20 de marzo al martes \u00a09 de abril &#8211; Todas las terminaciones de DNI<\/p>\n<p><strong>Asignaci\u00f3n por Prenatal y Asignaci\u00f3n por Maternidad<\/strong><\/p>\n<div id=\"1_InRead_3_Notas\">\n<section class=\"SectionAdvertisingNotes_advertisement__HvOdF advertisement-background SectionAdvertisingNotes_large-h250__P7e4p mg-bottom-40 mg-top-16 \">Lunes 18 de marzo- DNI finalizado en 8 y 9<\/section>\n<\/div>\n<p>&nbsp;<\/p>\n<p><strong>Asignaciones Familiares de Pensiones No Contributivas<\/strong><\/p>\n<p>Contin\u00faan hasta el martes 9 de abril inclusive- Todas las terminaciones de DNI<\/p>\n<p><strong>Desempleo Plan 1<\/strong><\/p>\n<p>Jueves 21 de marzo- DNI finalizado en 0 y 1<br \/>\nViernes 22 de marzo- DNI finalizado en 2 y 3<br \/>\nLunes 25 de marzo- DNI finalizado en 4 y 5<br \/>\nMartes 26 de marzo- DNI finalizado en 6 y 7<br \/>\nMi\u00e9rcoles 27 de marzo- DNI finalizado en 8 y 9<\/p>\n<div class=\"NoteBody_mainFooterContainer__hB24u\">\n<div class=\"NoteBody_tagsContainer__IRHew\"><\/div>\n<\/div>\n<\/div>\n<\/div>\n<\/div>\n<p>&nbsp;<\/p>\n<p>&nbsp;<\/p>\n<p style=\"text-align: center;\"><strong>&#8212;&#8212;&#8212;&#8212;&#8212;&#8212;&#8212;&#8212;&#8212;&#8212;&#8212;&#8212;-<\/strong><\/p>\n<p>NOTA ANTERIOR<\/p>\n<p class=\"yiv8073685550MsoNormal\"><strong>Se inform\u00f3 que hoy<\/strong><strong>\u00a0contin\u00faan los pagos de<\/strong><b>\u00a0<\/b><strong>jubilaciones y pensiones m\u00ednimas, Asignaci\u00f3n Universal y Familiar por Hijo, Asignaci\u00f3n por Embarazo, por Prenatal y Maternidad, que tienen incluido el aumento del 27,18 por ciento por movilidad, y las becas Progresar.<\/strong><b><\/b><\/p>\n<p class=\"yiv8073685550MsoNormal\"><b>Jubilaciones\u00a0y\u00a0pensiones\u00a0<\/b><\/p>\n<p class=\"yiv8073685550MsoNormal\">Jubilados y pensionados con haberes que NO SUPEREN el m\u00ednimo y con documentos finalizados en\u00a0<b>4<\/b>\u00a0los cobrar\u00e1n junto al\u00a0<b>bono de 70 mil pesos<\/b>.<\/p>\n<p class=\"yiv8073685550MsoNormal\"><b>Asignaci\u00f3n Universal por Hijo y Asignaci\u00f3n Familiar por Hijo<\/b><\/p>\n<p class=\"yiv8073685550MsoNormal\">Titulares con documentos concluidos en\u00a0<b>4<\/b>.<b><\/b><\/p>\n<p class=\"yiv8073685550MsoNormal\"><strong>Asignaci\u00f3n por Embarazo<\/strong><\/p>\n<p class=\"yiv8073685550MsoNormal\">Titulares con documentos terminados en\u00a0<b>3<\/b>.<\/p>\n<p class=\"yiv8073685550MsoNormal\" align=\"left\"><b>Asignaciones por Prenatal y Maternidad<\/b><\/p>\n<p class=\"yiv8073685550MsoNormal\">Titulares con documentos finalizados en\u00a0<b>4 y 5.<\/b><\/p>\n<p class=\"yiv8073685550MsoNormal\"><b>Becas Progresar<\/b><\/p>\n<p class=\"yiv8073685550MsoNormal\" align=\"left\">J\u00f3venes con documentos concluidos en\u00a0<b>6 y 7<\/b>.<\/p>\n<p align=\"center\"><strong>&#8212;&#8212;&#8212;&#8212;&#8212;&#8212;&#8212;&#8212;&#8212;&#8212;&#8212;&#8212;<\/strong><\/p>\n<p style=\"text-align: left;\" align=\"center\">nota anterior<\/p>\n<p class=\"yiv3709018849MsoNormal\" style=\"text-align: left;\" align=\"center\"><b>Este martes 12, <\/b><strong>contin\u00faan los pagos de<\/strong>\u00a0<strong>jubilaciones y pensiones m\u00ednimas, Asignaci\u00f3n Universal y Familiar por Hijo, Asignaci\u00f3n por Embarazo, que tienen incluido el aumento del\u00a0<\/strong><strong>27,18<\/strong><strong>\u00a0por ciento por movilidad, y las becas Progresar. En tanto, inician los de las Asignaciones por Prenatal y Maternidad (tambi\u00e9n con el incremento).\u00a0<\/strong><\/p>\n<p class=\"yiv3709018849MsoNormal\"><b>Jubilaciones\u00a0y\u00a0pensiones\u00a0<\/b><\/p>\n<p class=\"yiv3709018849MsoNormal\">Jubilados y pensionados con haberes que NO SUPEREN el m\u00ednimo y con documentos finalizados en\u00a0<b>2<\/b>\u00a0los cobrar\u00e1n junto al\u00a0<b>bono de 70 mil pesos<\/b>.<\/p>\n<p class=\"yiv3709018849MsoNormal\"><b>Asignaci\u00f3n Universal por Hijo y Asignaci\u00f3n Familiar por Hijo<\/b><\/p>\n<p class=\"yiv3709018849MsoNormal\">Titulares con documentos concluidos en\u00a0<b>2<\/b>.<b><\/b><\/p>\n<p class=\"yiv3709018849MsoNormal\"><strong>Asignaci\u00f3n por Embarazo<\/strong><\/p>\n<p class=\"yiv3709018849MsoNormal\">Titulares con documentos terminados en\u00a0<b>1<\/b>.<\/p>\n<p class=\"yiv3709018849MsoNormal\" align=\"left\"><b>Asignaciones por Prenatal y Maternidad<\/b><\/p>\n<p class=\"yiv3709018849MsoNormal\">Titulares con documentos finalizados en\u00a0<b>0 y 1.<\/b><\/p>\n<p class=\"yiv3709018849MsoNormal\"><b>Becas Progresar<\/b><\/p>\n<p class=\"yiv3709018849MsoNormal\" align=\"left\">J\u00f3venes con documentos concluidos en\u00a0<b>2 y 3<\/b>.<\/p>\n<p style=\"text-align: center;\"><strong>&#8212;&#8212;&#8212;&#8212;&#8212;&#8212;&#8212;&#8212;&#8212;&#8212;&#8212;&#8212;&#8212;&#8212;&#8212;&#8212;&#8212;<\/strong><\/p>\n<p>&nbsp;<\/p>\n<p>nota anterior.<\/p>\n<p>&nbsp;<\/p>\n<p>El lunes lunes 11 de marzo, contin\u00faan los pagos de jubilaciones y pensiones m\u00ednimas, Asignaci\u00f3n Universal por Hijo y Asignaci\u00f3n Familiar por Hijo, que tienen incluido el aumento del 27,18 por ciento por la Ley de Movilidad; en tanto, inician los de la Asignaci\u00f3n por Embarazo (tambi\u00e9n con dicho incremento) y las becas Progresar.<\/p>\n<p>Jubilaciones y pensiones<\/p>\n<p>Jubilados y pensionados con haberes que NO SUPEREN el m\u00ednimo y con documentos finalizados en 1 los cobrar\u00e1n junto al bono de 70 mil pesos.<\/p>\n<p>Asignaci\u00f3n Universal por Hijo y Asignaci\u00f3n Familiar por Hijo<\/p>\n<p>Titulares con documentos concluidos en 1.<\/p>\n<p>Asignaci\u00f3n por Embarazo<\/p>\n<p>Titulares con documentos terminados en 0.<\/p>\n<p>Becas Progresar<\/p>\n<p>J\u00f3venes con documentos finalizados en 0 y 1.<\/p>\n","protected":false},"excerpt":{"rendered":"<p>INFORM\u00d3 ANSES.<\/p>\n","protected":false},"author":3,"featured_media":24384,"comment_status":"open","ping_status":"open","sticky":false,"template":"","format":"standard","meta":{"footnotes":"","jetpack_publicize_message":"","jetpack_publicize_feature_enabled":true,"jetpack_social_post_already_shared":true,"jetpack_social_options":{"image_generator_settings":{"template":"highway","default_image_id":0,"font":"","enabled":false},"version":2}},"categories":[13],"tags":[21],"class_list":["post-24381","post","type-post","status-publish","format-standard","has-post-thumbnail","hentry","category-interes-general","tag-anses"],"jetpack_publicize_connections":[],"jetpack_featured_media_url":"https:\/\/revistaepocadigital.com.ar\/wp-content\/uploads\/2024\/03\/anse.jpg","jetpack_likes_enabled":true,"_links":{"self":[{"href":"https:\/\/revistaepocadigital.com.ar\/index.php?rest_route=\/wp\/v2\/posts\/24381","targetHints":{"allow":["GET"]}}],"collection":[{"href":"https:\/\/revistaepocadigital.com.ar\/index.php?rest_route=\/wp\/v2\/posts"}],"about":[{"href":"https:\/\/revistaepocadigital.com.ar\/index.php?rest_route=\/wp\/v2\/types\/post"}],"author":[{"embeddable":true,"href":"https:\/\/revistaepocadigital.com.ar\/index.php?rest_route=\/wp\/v2\/users\/3"}],"replies":[{"embeddable":true,"href":"https:\/\/revistaepocadigital.com.ar\/index.php?rest_route=%2Fwp%2Fv2%2Fcomments&post=24381"}],"version-history":[{"count":0,"href":"https:\/\/revistaepocadigital.com.ar\/index.php?rest_route=\/wp\/v2\/posts\/24381\/revisions"}],"wp:featuredmedia":[{"embeddable":true,"href":"https:\/\/revistaepocadigital.com.ar\/index.php?rest_route=\/wp\/v2\/media\/24384"}],"wp:attachment":[{"href":"https:\/\/revistaepocadigital.com.ar\/index.php?rest_route=%2Fwp%2Fv2%2Fmedia&parent=24381"}],"wp:term":[{"taxonomy":"category","embeddable":true,"href":"https:\/\/revistaepocadigital.com.ar\/index.php?rest_route=%2Fwp%2Fv2%2Fcategories&post=24381"},{"taxonomy":"post_tag","embeddable":true,"href":"https:\/\/revistaepocadigital.com.ar\/index.php?rest_route=%2Fwp%2Fv2%2Ftags&post=24381"}],"curies":[{"name":"wp","href":"https:\/\/api.w.org\/{rel}","templated":true}]}}