{"id":24386,"date":"2024-03-11T23:07:16","date_gmt":"2024-03-12T02:07:16","guid":{"rendered":"https:\/\/revistaepocadigital.com.ar\/?p=24386"},"modified":"2024-03-11T23:07:16","modified_gmt":"2024-03-12T02:07:16","slug":"campana-de-vacunacion-anti-aftosa-y-anti-brucelica-otono-2024","status":"publish","type":"post","link":"https:\/\/revistaepocadigital.com.ar\/?p=24386","title":{"rendered":"CAMPA\u00d1A DE VACUNACION ANTI\u00a0AFTOSA Y ANTI\u00a0BRUCELICA OTO\u00d1O 2024"},"content":{"rendered":"<div>\n<p class=\"yiv2036203237MsoNormal\"><b><u>A VACUNAR SE HA DICHO. INFORM\u00d3 LA SOCIEDAD RURAL DE EXALTACI\u00d3N DE LA CRUZ, CAMPANA Y Z\u00c1RATE.<\/u><\/b><\/p>\n<\/div>\n<p><!--more--><\/p>\n<p class=\"yiv2036203237msonormal\"><img loading=\"lazy\" decoding=\"async\" id=\"yiv2036203237Imagen_x0020_5\" src=\"https:\/\/ecp.yusercontent.com\/mail?url=https%3A%2F%2F101737.asset.dattanet.com%2Fweb_public_shared%2Fimage%2F101737%2F65e9a92c4b217.jpeg&amp;t=1710160395&amp;ymreqid=a1e28384-e738-286e-1c31-af000f01a800&amp;sig=JUyJkaaKbOP7puR5IhByZA--~D\" alt=\"https:\/\/ecp.yusercontent.com\/mail?url=https%3A%2F%2F101737.asset.dattanet.com%2Fweb_public_shared%2Fimage%2F101737%2F633b44b466957.jpeg&amp;t=1677771548&amp;ymreqid=e46a7576-d579-24ac-1cb8-6b011c010c00&amp;sig=8Tm5aYyb3UX7NuwEbTSFRw--~D\" width=\"567\" height=\"415\" \/><\/p>\n<p class=\"yiv2036203237msonormal\">Se informa a los productores ganaderos que el d\u00eda 11 de Marzo de 2024 comenz\u00f3 la Campa\u00f1a de Vacunaci\u00f3n de Oto\u00f1o de Aftosa y Brucelosis, para la totalidad del rodeo bovino en los partidos de\u00a0 Exaltaci\u00f3n de la Cruz, Zarate, Campana, Escobar, Pilar y zona de Islas.<\/p>\n<p class=\"yiv2036203237msonormal\">La fecha prevista de finalizaci\u00f3n es el d\u00eda\u00a010\u00a0de Mayo de 2024.<\/p>\n<p class=\"yiv2036203237msonormal\">Para coordinar turnos de vacunaci\u00f3n y abonar aranceles contactar a las siguientes oficinas del Ente Sanitario de Vacunaci\u00f3n:<\/p>\n<p class=\"yiv2036203237msonormal\">A)\u00a0<b>Sede de la Sociedad Rural en Capilla del Se\u00f1or<\/b>: (Bol\u00edvar 437)<\/p>\n<p class=\"yiv2036203237msonormal\">mail:\u00a0<a href=\"mailto:gerencia@ruralecz.com.ar\" target=\"_blank\" rel=\"nofollow noopener noreferrer\">gerencia@ruralecz.com.ar<\/a><\/p>\n<p class=\"yiv2036203237msonormal\">Telefono: 02323-492383\/492824\/581084<\/p>\n<p class=\"yiv2036203237msonormal\">B)<b>Sede de la Sociedad Rural en Z\u00e1rate<\/b>\u00a0(Conesa 58)<\/p>\n<p class=\"yiv2036203237msonormal\">mail:\u00a0<a href=\"mailto:sedezarate@ruralecz.com.ar\" target=\"_blank\" rel=\"nofollow noopener noreferrer\">sedezarate@ruralecz.com.ar<\/a><\/p>\n<p class=\"yiv2036203237msonormal\">Tel\u00e9fono: 03487-448237<\/p>\n<p class=\"yiv2036203237msonormal\">C)\u00a0<b>Delegaci\u00f3n Sociedad Rural en Pilar\/Escobar<\/b>: Sra. Graciela Cavi\u00f3n<\/p>\n<p class=\"yiv2036203237msonormal\">mail:\u00a0<a href=\"mailto:pilar-escobar@ruralecz.com.ar\" target=\"_blank\" rel=\"nofollow noopener noreferrer\">pilar-escobar@ruralecz.com.ar<\/a><\/p>\n<p class=\"yiv2036203237msonormal\">Tel\u00e9fono: 011-15-5855-5383<\/p>\n<p class=\"yiv2036203237msonormal\"><img loading=\"lazy\" decoding=\"async\" id=\"yiv2036203237_x0000_i1027\" src=\"https:\/\/ecp.yusercontent.com\/mail?url=https%3A%2F%2F101737.asset.dattanet.com%2Fweb_public_shared%2Fimage%2F101737%2F65e9a92c5be04.jpeg&amp;t=1710160395&amp;ymreqid=a1e28384-e738-286e-1c31-af000f01a800&amp;sig=WTGL0bbHKqE19dFTng2SrQ--~D\" width=\"635\" height=\"357\" border=\"0\" \/><\/p>\n<p class=\"yiv2036203237MsoNormal\"><span lang=\"ES\">\u00a0<\/span><\/p>\n","protected":false},"excerpt":{"rendered":"<p>A VACUNAR SE HA DICHO. INFORM\u00d3 LA SOCIEDAD RURAL DE EXALTACI\u00d3N DE LA CRUZ, CAMPANA Y Z\u00c1RATE.<\/p>\n","protected":false},"author":4,"featured_media":24412,"comment_status":"open","ping_status":"open","sticky":false,"template":"","format":"standard","meta":{"footnotes":"","jetpack_publicize_message":"","jetpack_publicize_feature_enabled":true,"jetpack_social_post_already_shared":true,"jetpack_social_options":{"image_generator_settings":{"template":"highway","default_image_id":0,"font":"","enabled":false},"version":2}},"categories":[6],"tags":[418,894],"class_list":["post-24386","post","type-post","status-publish","format-standard","has-post-thumbnail","hentry","category-barrios","tag-la-rural","tag-vacunacion"],"jetpack_publicize_connections":[],"jetpack_featured_media_url":"https:\/\/revistaepocadigital.com.ar\/wp-content\/uploads\/2024\/03\/VACUNA-RURAL.jpeg","jetpack_likes_enabled":true,"_links":{"self":[{"href":"https:\/\/revistaepocadigital.com.ar\/index.php?rest_route=\/wp\/v2\/posts\/24386","targetHints":{"allow":["GET"]}}],"collection":[{"href":"https:\/\/revistaepocadigital.com.ar\/index.php?rest_route=\/wp\/v2\/posts"}],"about":[{"href":"https:\/\/revistaepocadigital.com.ar\/index.php?rest_route=\/wp\/v2\/types\/post"}],"author":[{"embeddable":true,"href":"https:\/\/revistaepocadigital.com.ar\/index.php?rest_route=\/wp\/v2\/users\/4"}],"replies":[{"embeddable":true,"href":"https:\/\/revistaepocadigital.com.ar\/index.php?rest_route=%2Fwp%2Fv2%2Fcomments&post=24386"}],"version-history":[{"count":0,"href":"https:\/\/revistaepocadigital.com.ar\/index.php?rest_route=\/wp\/v2\/posts\/24386\/revisions"}],"wp:featuredmedia":[{"embeddable":true,"href":"https:\/\/revistaepocadigital.com.ar\/index.php?rest_route=\/wp\/v2\/media\/24412"}],"wp:attachment":[{"href":"https:\/\/revistaepocadigital.com.ar\/index.php?rest_route=%2Fwp%2Fv2%2Fmedia&parent=24386"}],"wp:term":[{"taxonomy":"category","embeddable":true,"href":"https:\/\/revistaepocadigital.com.ar\/index.php?rest_route=%2Fwp%2Fv2%2Fcategories&post=24386"},{"taxonomy":"post_tag","embeddable":true,"href":"https:\/\/revistaepocadigital.com.ar\/index.php?rest_route=%2Fwp%2Fv2%2Ftags&post=24386"}],"curies":[{"name":"wp","href":"https:\/\/api.w.org\/{rel}","templated":true}]}}