{"id":24389,"date":"2024-03-11T11:08:01","date_gmt":"2024-03-11T14:08:01","guid":{"rendered":"https:\/\/revistaepocadigital.com.ar\/?p=24389"},"modified":"2024-03-11T12:22:12","modified_gmt":"2024-03-11T15:22:12","slug":"a-nadie-escapa-que-estamos-sintiendo-el-deterioro-en-la-calidada-de-vida-de-loss-exaltacrucenses-lo-afirma-el-intendente-nanni","status":"publish","type":"post","link":"https:\/\/revistaepocadigital.com.ar\/?p=24389","title":{"rendered":"&#8220;A NADIE ESCAPA QUE ESTAMOS SINTIENDO EL DETERIORO EN LA CALIDAD DE VIDA DE LOS EXALTACRUCENSES&#8221;. LO AFIRMA EL INTENDENTE NANNI"},"content":{"rendered":"<p><strong>LA CRISIS ECON\u00d3MICA Y SOCIAL PROVENIENTE DE LA GESTI\u00d3N DEL EX-PRESIDENTE ALBERTO FERN\u00c1NDEZ Y QUE CONTIN\u00daA EN EL PA\u00cdS, LOS RECORTES RESUELTOS POR EL GOBIERNO NACIONAL Y COMO REPERCUTE TODO EN EXALTACI\u00d3N DE LA CRUZ.<\/strong><!--more--><\/p>\n<p>El contexto que rodea al pa\u00eds, suficientemente a la vista, hace que las preocupaciones profundas se haya apoderado de la gente como puede percibirse a diario. Similar es la sensaci\u00f3n en todos los sectores y en el terreno pol\u00edtico, las municipalidades no s\u00f3lo de la provincia de Buenos Aires, sienten el cimbronazo.<\/p>\n<p>En torno a tan latente, profunda y seria problem\u00e1tica, EPOCA entrevist\u00f3 al <strong>intendente de Exaltaci\u00f3n de la Cruz, Diego Nanni.<\/strong><\/p>\n<p>&nbsp;<\/p>\n<figure id=\"attachment_24399\" aria-describedby=\"caption-attachment-24399\" style=\"width: 528px\" class=\"wp-caption alignleft\"><img loading=\"lazy\" decoding=\"async\" class=\"size-full wp-image-24399\" src=\"https:\/\/revistaepocadigital.com.ar\/wp-content\/uploads\/2024\/03\/nanni-sancho-franzan24.jpg\" alt=\"\" width=\"528\" height=\"348\" srcset=\"https:\/\/revistaepocadigital.com.ar\/wp-content\/uploads\/2024\/03\/nanni-sancho-franzan24.jpg 528w, https:\/\/revistaepocadigital.com.ar\/wp-content\/uploads\/2024\/03\/nanni-sancho-franzan24-300x198.jpg 300w\" sizes=\"auto, (max-width: 528px) 100vw, 528px\" \/><figcaption id=\"caption-attachment-24399\" class=\"wp-caption-text\">Nanni junto a Sancho y Franzanti en ocasi\u00f3n de la apertura de sesiones ordinarias 2024 del HCD.<\/figcaption><\/figure>\n<p><strong>-Ante los recortes que est\u00e1 efectuando en distintas \u00e1reas el gobierno nacional y acaso tambi\u00e9n por ende el gobierno provincial, \u00bfc\u00f3mo se encuentra la situaci\u00f3n financiera del municipio, pueden golpear fuerte medidas que se van adoptando?<\/strong><br \/>\n<em>-Los incrementos que se vienen dando en muchos de los costos que hacen a la operaci\u00f3n municipal, nos hacen tener un panorama muy complicado a corto plazo. Combustibles, medicamentos, materiales descartables utilizados en el \u00e1rea de Salud P\u00fablica, servicios escenciales como luz, tambi\u00e9n lo que hace a sueldos y honorarios, todo complicado. M\u00e1s si tenemos en cuenta que el incremento de las tasas municipales en 3 o 4 meses ya va a quedar en paridad con la inflaci\u00f3n, y que adem\u00e1s tra\u00edamos atrasadas al importe de las tasas por la alta inflaci\u00f3n acumulada en el periodo anterior.<\/em><br \/>\n<em>Se hace dif\u00edcil acomodar todo lo que genera el momento que vivimos, a lo que hay que tener en cuenta tambi\u00e9n, las demandas sociales y lo que tengamos que reforzar en SAE y MESA, si hay una quita de fondos a la provincia de Buenos Aires en lo que hace al fondo de fortalecimiento fiscal.<\/em><\/p>\n<p><strong>-\u00bfExisten retrasos en cuanto a los fondos que recibe el municipio por parte de la provincia de Buenos Aires?<\/strong><br \/>\n&#8211;<em>Por el momento no tenemos novedades de retrasos o reducci\u00f3n en fondos coparticipables, de todas maneras seguimos muy ce cerca el tema, mientras tanto y claramente, no<\/em> (remarca) <em>hay subsidios de libre disponibilidad como para atender cuestiones puntuales.<\/em><\/p>\n<p><strong>-\u00bfCual es la postura del municipio en t\u00e9rminos pol\u00edticos ante el presente y futuro que se avecina tambi\u00e9n complicado?<\/strong><br \/>\n<em>-Nosotros desde la municipalidad seguiremos defendiendo la presencia de Estado en cuestiones esenciales e imprescindibles en la vida cotidiana de los vecinos. no (enfatiza) creemos en soluciones que no contengan respuestas temporales en materia de salud, educaci\u00f3n, seguridad y contenci\u00f3n social. Es notorio y a nadie escapa, que estamos sintiendo el deterioro en la calidad de vida de la familia exaltacrucense, y en la medida que pase el tiempo y no aparezcan respuestas concretas y puntuales a lo que est\u00e1 pasando realmente, se puede agudizar. En tal sentido, entre tantos sectores muy vinculados a la gente, se puede mencionar a lo que ocurre con la medicina privada y los constantes y elevad\u00edsimos incrementos que han venido registrando por sus servicios; preocupa mucho la encerrona y como se traslada al mercado&#8230;, pareciera que todo dependiera de que el Estado desaparezca y las empresas privadas que prestan servicios de salud, tomen lo que deje el Estado&#8230;<\/em><br \/>\n<em>Considero que hay sectores que deben tener una regulaci\u00f3n, como puede ser el relacionado a la prestaci\u00f3n de servicios de salud por medio de empresas privadas; ocurre que sino se tiene en cuenta esto, en el medio la gente se queda sin m\u00e9dicos que atiendan por el sistema prepago, a su vez los medicamentos resultan incomprables, habr\u00e1 tratamientos m\u00e9dicos que queden sin efectuar con todo lo que significa eso y ni hablar de los desocupados que lamentablemente existen en nuestro pa\u00eds y por otro lado, del quiebre de cajas del Estado que sostienen pol\u00edticas sociales, atendiendo cuestiones tan importante como discapacidades, pensiones, jubilaciones, entre otras<\/em>.<\/p>\n<p><strong><span style=\"color: #ff0000;\">&#8220;EN EL CONCEJO DELIBERANTE, LAS DIFERENCIAS IDEOL\u00d3GICAS<\/span><\/strong><\/p>\n<p><strong><span style=\"color: #ff0000;\"> CON\u00a0EL PRO Y LA LIBERTAD AVANZA SON MUY DE BASE&#8221;.<\/span><\/strong><\/p>\n<p><strong>-Hablemos ahora acerca de la nueva conformaci\u00f3n del Concejo Deliberante donde hace poco tuvo lugar el inicio de las sesiones ordinarias, y de la incorporaci\u00f3n de La Libertad Avanza (LLA)con dos concejales<\/strong><br \/>\n<em>-Noto que existe mucho contraste entre oficialismo y los concejales del Pro y la LLA\u2026, las diferencias ideol\u00f3gicas son muy de base y seguramente nos <\/em>(vuelve a enfatizar)<em> van a encontrar muy enfrentados; ahora bien, aguardo que los debates que se originen tengan lugar con el debido respeto y madurez necesaria.<\/em><\/p>\n<p><strong>-El a\u00f1o pasado durante la campa\u00f1a electoral, circul\u00f3 la versi\u00f3n que en caso de ser reelecto intendente como as\u00ed ocurri\u00f3, luego de un lapso de tiempo al frente de la comuna, pod\u00eda alejarse para eventualmente asumir en un cargo en el gobierno provincial. En ese momento usted desminti\u00f3 esa versi\u00f3n, ahora bien, recientemente volvi\u00f3 a circular otra versi\u00f3n indicando de nuevo que pod\u00eda dejar el cargo y que ese paso, derivara en que el concejal Luis Mariano Mart\u00edn asumiera como intendente. \u00bfComo puede catalogarse, es un rumor o una posibilidad concreta que solicite licencia y asuma Mart\u00edn como intendente?, y en tal caso \u00bfa que se deber\u00eda?<\/strong><br \/>\n<em>-No hay nada de eso de lo que pudo haberse venido especulando, para nada. S\u00f3lo me tomo licencia por el per\u00edodo de vacaciones que me corresponden que son tres semanas; nada raro y luego volver\u00e9 a mi labor como intendente. En el lapso de mi licencia por vacaciones, Luis Mariano Mart\u00edn ser\u00e1 el intendente interino como corresponde seg\u00fan las normas, y Virginia Prandi iba a ocupar la banca de Luis Mariano en el Concejo Deliberante por esas tres semanas. Reitero, este movimiento se deb\u00eda s\u00f3lo a que tomaba licencia por vacaciones previstas, y no habr\u00e1 ninguna implicancia futura.<\/em><\/p>\n","protected":false},"excerpt":{"rendered":"<p>LA CRISIS ECON\u00d3MICA Y SOCIAL PROVENIENTE DE LA GESTI\u00d3N DEL EX-PRESIDENTE ALBERTO FERN\u00c1NDEZ Y QUE CONTIN\u00daA EN EL PA\u00cdS, LOS RECORTES RESUELTOS POR EL GOBIERNO NACIONAL Y COMO REPERCUTE TODO EN EXALTACI\u00d3N DE LA CRUZ.<\/p>\n","protected":false},"author":4,"featured_media":24391,"comment_status":"open","ping_status":"open","sticky":false,"template":"","format":"standard","meta":{"footnotes":"","jetpack_publicize_message":"","jetpack_publicize_feature_enabled":true,"jetpack_social_post_already_shared":true,"jetpack_social_options":{"image_generator_settings":{"template":"highway","default_image_id":0,"font":"","enabled":false},"version":2}},"categories":[17],"tags":[2671,66,2672],"class_list":["post-24389","post","type-post","status-publish","format-standard","has-post-thumbnail","hentry","category-politica","tag-momento-actual","tag-nanni","tag-recortes"],"jetpack_publicize_connections":[],"jetpack_featured_media_url":"https:\/\/revistaepocadigital.com.ar\/wp-content\/uploads\/2024\/03\/nanni24.jpg","jetpack_likes_enabled":true,"_links":{"self":[{"href":"https:\/\/revistaepocadigital.com.ar\/index.php?rest_route=\/wp\/v2\/posts\/24389","targetHints":{"allow":["GET"]}}],"collection":[{"href":"https:\/\/revistaepocadigital.com.ar\/index.php?rest_route=\/wp\/v2\/posts"}],"about":[{"href":"https:\/\/revistaepocadigital.com.ar\/index.php?rest_route=\/wp\/v2\/types\/post"}],"author":[{"embeddable":true,"href":"https:\/\/revistaepocadigital.com.ar\/index.php?rest_route=\/wp\/v2\/users\/4"}],"replies":[{"embeddable":true,"href":"https:\/\/revistaepocadigital.com.ar\/index.php?rest_route=%2Fwp%2Fv2%2Fcomments&post=24389"}],"version-history":[{"count":0,"href":"https:\/\/revistaepocadigital.com.ar\/index.php?rest_route=\/wp\/v2\/posts\/24389\/revisions"}],"wp:featuredmedia":[{"embeddable":true,"href":"https:\/\/revistaepocadigital.com.ar\/index.php?rest_route=\/wp\/v2\/media\/24391"}],"wp:attachment":[{"href":"https:\/\/revistaepocadigital.com.ar\/index.php?rest_route=%2Fwp%2Fv2%2Fmedia&parent=24389"}],"wp:term":[{"taxonomy":"category","embeddable":true,"href":"https:\/\/revistaepocadigital.com.ar\/index.php?rest_route=%2Fwp%2Fv2%2Fcategories&post=24389"},{"taxonomy":"post_tag","embeddable":true,"href":"https:\/\/revistaepocadigital.com.ar\/index.php?rest_route=%2Fwp%2Fv2%2Ftags&post=24389"}],"curies":[{"name":"wp","href":"https:\/\/api.w.org\/{rel}","templated":true}]}}