{"id":24421,"date":"2024-03-12T16:48:32","date_gmt":"2024-03-12T19:48:32","guid":{"rendered":"https:\/\/revistaepocadigital.com.ar\/?p=24421"},"modified":"2024-03-15T22:06:22","modified_gmt":"2024-03-16T01:06:22","slug":"el-dia-del-escudo-nacional-a-los-simbolos-patrios-hay-que-tenerlos-siempre-presente","status":"publish","type":"post","link":"https:\/\/revistaepocadigital.com.ar\/?p=24421","title":{"rendered":"El D\u00eda del Escudo Nacional. A los s\u00edmbolos patrios hay que tenerlos siempre presente"},"content":{"rendered":"<p><strong>JAM\u00c1S HAY QUE OLVIDAR A LOS S\u00cdMBOLOS PATRIOS<\/strong>.<!--more--><\/p>\n<p>El Escudo Nacional merece ser honrado siempre<\/p>\n<p><img loading=\"lazy\" decoding=\"async\" class=\"alignleft size-full wp-image-24422\" src=\"https:\/\/revistaepocadigital.com.ar\/wp-content\/uploads\/2024\/03\/sin-escud.jpg\" alt=\"\" width=\"941\" height=\"848\" srcset=\"https:\/\/revistaepocadigital.com.ar\/wp-content\/uploads\/2024\/03\/sin-escud.jpg 941w, https:\/\/revistaepocadigital.com.ar\/wp-content\/uploads\/2024\/03\/sin-escud-300x270.jpg 300w, https:\/\/revistaepocadigital.com.ar\/wp-content\/uploads\/2024\/03\/sin-escud-768x692.jpg 768w, https:\/\/revistaepocadigital.com.ar\/wp-content\/uploads\/2024\/03\/sin-escud-696x627.jpg 696w, https:\/\/revistaepocadigital.com.ar\/wp-content\/uploads\/2024\/03\/sin-escud-466x420.jpg 466w, https:\/\/revistaepocadigital.com.ar\/wp-content\/uploads\/2024\/03\/sin-escud-932x840.jpg 932w\" sizes=\"auto, (max-width: 941px) 100vw, 941px\" \/><\/p>\n<p>En esta ocasi\u00f3n fue el Sindicato Empleados de Comercio Z\u00e1rate, la entidad que hizo p\u00fablico el reconocimiento al Escudo Nacional<\/p>\n","protected":false},"excerpt":{"rendered":"<p>JAM\u00c1S HAY QUE OLVIDAR A LOS S\u00cdMBOLOS PATRIOS.<\/p>\n","protected":false},"author":3,"featured_media":24422,"comment_status":"open","ping_status":"open","sticky":false,"template":"","format":"standard","meta":{"footnotes":"","jetpack_publicize_message":"","jetpack_publicize_feature_enabled":true,"jetpack_social_post_already_shared":true,"jetpack_social_options":{"image_generator_settings":{"template":"highway","default_image_id":0,"font":"","enabled":false},"version":2}},"categories":[13],"tags":[2674],"class_list":["post-24421","post","type-post","status-publish","format-standard","has-post-thumbnail","hentry","category-interes-general","tag-dia-escudo"],"jetpack_publicize_connections":[],"jetpack_featured_media_url":"https:\/\/revistaepocadigital.com.ar\/wp-content\/uploads\/2024\/03\/sin-escud.jpg","jetpack_likes_enabled":true,"_links":{"self":[{"href":"https:\/\/revistaepocadigital.com.ar\/index.php?rest_route=\/wp\/v2\/posts\/24421","targetHints":{"allow":["GET"]}}],"collection":[{"href":"https:\/\/revistaepocadigital.com.ar\/index.php?rest_route=\/wp\/v2\/posts"}],"about":[{"href":"https:\/\/revistaepocadigital.com.ar\/index.php?rest_route=\/wp\/v2\/types\/post"}],"author":[{"embeddable":true,"href":"https:\/\/revistaepocadigital.com.ar\/index.php?rest_route=\/wp\/v2\/users\/3"}],"replies":[{"embeddable":true,"href":"https:\/\/revistaepocadigital.com.ar\/index.php?rest_route=%2Fwp%2Fv2%2Fcomments&post=24421"}],"version-history":[{"count":0,"href":"https:\/\/revistaepocadigital.com.ar\/index.php?rest_route=\/wp\/v2\/posts\/24421\/revisions"}],"wp:featuredmedia":[{"embeddable":true,"href":"https:\/\/revistaepocadigital.com.ar\/index.php?rest_route=\/wp\/v2\/media\/24422"}],"wp:attachment":[{"href":"https:\/\/revistaepocadigital.com.ar\/index.php?rest_route=%2Fwp%2Fv2%2Fmedia&parent=24421"}],"wp:term":[{"taxonomy":"category","embeddable":true,"href":"https:\/\/revistaepocadigital.com.ar\/index.php?rest_route=%2Fwp%2Fv2%2Fcategories&post=24421"},{"taxonomy":"post_tag","embeddable":true,"href":"https:\/\/revistaepocadigital.com.ar\/index.php?rest_route=%2Fwp%2Fv2%2Ftags&post=24421"}],"curies":[{"name":"wp","href":"https:\/\/api.w.org\/{rel}","templated":true}]}}