{"id":24433,"date":"2024-03-14T00:57:51","date_gmt":"2024-03-14T03:57:51","guid":{"rendered":"https:\/\/revistaepocadigital.com.ar\/?p=24433"},"modified":"2024-03-15T21:49:31","modified_gmt":"2024-03-16T00:49:31","slug":"la-situacion-en-exaltacion-de-la-cruz-ante-el-intenso-temporal-de-lluvia","status":"publish","type":"post","link":"https:\/\/revistaepocadigital.com.ar\/?p=24433","title":{"rendered":"La entrada y salida de Capilla del Se\u00f1or por la Ruta 39 est\u00e1 habilitada"},"content":{"rendered":"<div>\n<div class=\"x1cy8zhl x78zum5 x1q0g3np xod5an3 x1pi30zi x1swvt13 xz9dl7a\">\n<div class=\"x1iyjqo2\">\n<div class=\"x78zum5 xdt5ytf xz62fqu x16ldp7u\">\n<div class=\"xu06os2 x1ok221b\">\n<div role=\"banner\">\n<div class=\"xds687c xixxii4 x17qophe x13vifvy x1vjfegm\" aria-hidden=\"false\">\n<div class=\"x9f619 x1n2onr6 x1ja2u2z x1ve1bff x78zum5 xdt5ytf x1s65kcs\">\n<div class=\"x9f619 x1n2onr6 x1ja2u2z x78zum5 xdt5ytf x13a6bvl\">\n<div class=\"x78zum5 x1s65kcs xl56j7k\" role=\"navigation\" aria-label=\"Facebook\">\n<p>&nbsp;<\/p>\n<\/div>\n<\/div>\n<\/div>\n<\/div>\n<\/div>\n<h4 style=\"text-align: center;\"><strong>&#8212;&#8212;&#8212;&#8212;&#8212;&#8212;&#8212;&#8212;&#8212;&#8212;&#8212;&#8212;&#8212;&#8212;&#8212;&#8212;&#8212;&#8212;-<\/strong><\/h4>\n<h4 style=\"text-align: center;\"><strong>Actualizaci\u00f3n<\/strong><\/h4>\n<\/div>\n<\/div>\n<\/div>\n<div class=\"xdj266r x11i5rnm xat24cr x1mh8g0r x1vvkbs x126k92a\">\n<div dir=\"auto\">Desde el municipio se inform\u00f3 que ya se encuentra abierto el ingreso y egreso de Capilla del Se\u00f1or por la ruta 39, con tr\u00e1nsito asistido, sector clave en la ciudad.<\/div>\n<\/div>\n<div class=\"x11i5rnm xat24cr x1mh8g0r x1vvkbs xtlvy1s x126k92a\">\n<div dir=\"auto\">Por tareas de limpieza los veh\u00edculos han sido desviados por la calle Espa\u00f1a. Circular con precauci\u00f3n.<\/div>\n<\/div>\n<div class=\"x1iyjqo2\">\n<div class=\"x78zum5 xdt5ytf xz62fqu x16ldp7u\">\n<div class=\"xu06os2 x1ok221b\">\n<h4 style=\"text-align: center;\"><strong>&#8212;&#8212;&#8212;&#8212;&#8212;&#8212;&#8212;&#8212;&#8212;&#8212;&#8212;&#8212;&#8212;&#8212;&#8212;&#8212;&#8212;&#8212;-<\/strong><\/h4>\n<h4><\/h4>\n<h4><strong>CRECI\u00d3 EL CAUDAL DE AGUA DEL ARROYO DE LA CRUZ\u00a0 QUE DESBORD\u00d3, Y AUMENT\u00d3 LA PREOCUPACI\u00d3N Y ANGUSTIA DE VECINOS QUE SE MANTEN\u00cdAN EN ALERTA Y COMUNICADOS.<\/strong><strong> EL INTENDENTE NANNI, SEGU\u00cdA LA EVOLUCI\u00d3N DE LAS AGUAS.<\/strong><\/h4>\n<h4><!--more--><\/h4>\n<\/div>\n<\/div>\n<p>LA DECISI\u00d3N DE LAS AUTORIDADES MUNICIPALES, ADOPTADA ANOCHE.<\/p>\n<div class=\"x78zum5 xdt5ytf xz62fqu x16ldp7u\">\n<div class=\"xu06os2 x1ok221b\">\n<h4><strong><img loading=\"lazy\" decoding=\"async\" class=\"aligncenter size-full wp-image-24461\" src=\"https:\/\/revistaepocadigital.com.ar\/wp-content\/uploads\/2024\/03\/BOO.jpg\" alt=\"\" width=\"550\" height=\"955\" srcset=\"https:\/\/revistaepocadigital.com.ar\/wp-content\/uploads\/2024\/03\/BOO.jpg 550w, https:\/\/revistaepocadigital.com.ar\/wp-content\/uploads\/2024\/03\/BOO-173x300.jpg 173w, https:\/\/revistaepocadigital.com.ar\/wp-content\/uploads\/2024\/03\/BOO-242x420.jpg 242w, https:\/\/revistaepocadigital.com.ar\/wp-content\/uploads\/2024\/03\/BOO-484x840.jpg 484w\" sizes=\"auto, (max-width: 550px) 100vw, 550px\" \/><\/strong><br \/>\n<!--more--><\/h4>\n<p>El temporal de lluvia en buena parte del pa\u00eds, ha seguido causando serios perjuicios a pobladores de distintas ciudades y del Gran Buenos Aires.<\/p>\n<p>En Exaltaci\u00f3n de la Cruz, el d\u00eda 14 de marzo, se produjo un aumento notorio del caudal de agua en el Arroyo de la Cruz, desbord\u00e1ndose en el sector que atraviesa por Capilla del Se\u00f1or. Ante la circunstancia, durante la jornada todos los ingresos a la ciudad permanec\u00edan abiertos y con la asistencia de personal de tr\u00e1nsito del municipio, desde donde pusieron hincapi\u00e9 en circular con precauci\u00f3n e informarse a trav\u00e9s de las fuentes oficiales.<\/p>\n<p>El mismo intendente Diego Nanni sostuvo por la ma\u00f1ana que\u00a0 <em>&#8220;el canal aliviador est\u00e1 trabajando con much\u00edsimo caudal de agua; la lluvia acumulada es de 200\/220 mm, y en durante el \u00faltimo aguacero (madrugada del 14 de marzo) llovieron entre 100\/120 mm en unas 3 horas). La variaci\u00f3n de los mil\u00edmetros de agua ca\u00eddos, se ha dado por los distintos pluvi\u00f3metros que tenemos colocados en varios lugares&#8221;.<\/em><\/p>\n<\/div>\n<p><img loading=\"lazy\" decoding=\"async\" class=\"aligncenter size-full wp-image-24453\" src=\"https:\/\/revistaepocadigital.com.ar\/wp-content\/uploads\/2024\/03\/inundacion-1-24.jpg\" alt=\"\" width=\"395\" height=\"585\" srcset=\"https:\/\/revistaepocadigital.com.ar\/wp-content\/uploads\/2024\/03\/inundacion-1-24.jpg 395w, https:\/\/revistaepocadigital.com.ar\/wp-content\/uploads\/2024\/03\/inundacion-1-24-203x300.jpg 203w, https:\/\/revistaepocadigital.com.ar\/wp-content\/uploads\/2024\/03\/inundacion-1-24-284x420.jpg 284w\" sizes=\"auto, (max-width: 395px) 100vw, 395px\" \/><\/p>\n<div class=\"xu06os2 x1ok221b\">\n<p>Luego Nanni hizo saber que <em>&#8220;la toma de medida en la Ruta 8, punto de referencia para la crecida del Arroyo de la Cruz 2\/3 horas despu\u00e9s de la lluvia, indica 3 metros algo que generalmente se nos complica cuando crece m\u00e1s de 4 metros. De todas formas habr\u00e1 que esperar hasta despu\u00e9s del mediod\u00eda y la tarde incluso, porque todo indicaba que iban a continuar las lluvias. La tierra no absorbe m\u00e1s agua en los campos, y todo hac\u00eda que fuera confluyendo en el cauce del arroyo&#8221;.\u00a0 &#8220;Como referencia<\/em> -apunt\u00f3 el jefe\u00a0 comunal&#8221;,<em> en el a\u00f1o 2015 cuando se produjo la tan seria inundaci\u00f3n y nos inundamos), llovieron 120\/130 mm en una noche, por lo que al momento estar\u00edamos en un escenario casi id\u00e9ntico. Seguimos observando la evoluci\u00f3n de las aguas e iremos tomando nuevas medidas&#8221;.<\/em><\/p>\n<\/div>\n<\/div>\n<p><img loading=\"lazy\" decoding=\"async\" class=\"aligncenter size-full wp-image-24455\" src=\"https:\/\/revistaepocadigital.com.ar\/wp-content\/uploads\/2024\/03\/inundacion-arro-d-la-c.jpg\" alt=\"\" width=\"380\" height=\"463\" \/><\/p>\n<div class=\"x78zum5 xdt5ytf xz62fqu x16ldp7u\">\n<div class=\"xu06os2 x1ok221b\">\n<pre>En Arroyo de la Cruz se dieron otros anegamientos por la gran\ncantidad de agua ca\u00edda, y hubo quejas de vecinos. \n\n<\/pre>\n<p>&nbsp;<\/p>\n<p>La lluvia en San Andr\u00e9s de Giles hab\u00eda sido de 196 acumulados, y 90 mm en la \u00faltima precipitaci\u00f3n. Por la gran cantidad de agua ca\u00edda, se hab\u00edan producido anegaciones en Los Cardales en calles c\u00e9ntricas, en Capilla del Se\u00f1or en Villa Taurel y el desborde del arroyo en las inmediaciones del ingreso a la ciudad, tambi\u00e9n hab\u00eda interrumpido la circulaci\u00f3n sobre la calle Mitre y la ruta 39 en el ingreso a la ciudad. Preocupaba el agua acumulada en los campos del distrito y de otros vecinos, dado que cuando drenaran pod\u00eda incrementar el caudal de agua del Arroyo de la Cruz. En horas de la ma\u00f1ana se supo que hab\u00eda tres familias que pod\u00edan ser evacuadas.<\/p>\n<p style=\"text-align: center;\"><strong>&#8212;&#8212;&#8212;&#8212;&#8212;&#8212;&#8212;&#8212;&#8212;<\/strong><\/p>\n<h3><\/h3>\n<h3 id=\":rbv:\" class=\"x1heor9g x1qlqyl8 x1pd3egz x1a2a7pz x1gslohp x1yc453h\"><strong>Informaron desde el \u00e1rea de Protecci\u00f3n Civil y Reducci\u00f3n de Riesgos de la municipalidad.<\/strong><\/h3>\n<h4 class=\"x1heor9g x1qlqyl8 x1pd3egz x1a2a7pz x1gslohp x1yc453h\">Hasta el d\u00eda 13 de marzo, se hab\u00eda comprobado que el Arroyo de la Cruz hab\u00eda subido su nivel en s\u00f3lo 50 cm, por lo que no generaba riesgo de desbordes.<\/h4>\n<\/div>\n<\/div>\n<\/div>\n<\/div>\n<\/div>\n<p><!--more--><\/p>\n<p>Adem\u00e1s seg\u00fan la informaci\u00f3n difundida tambi\u00e9n por el municipio, se hizo saber que &#8220;<em>se comprob\u00f3 que todas las obras hidr\u00e1ulicas que se llevaron adelante durante la gesti\u00f3n, est\u00e1n respondiendo de manera satisfactoria. El puente\/canal aliviador y la defensa hidr\u00e1ulica, junto al trabajo constante de limpieza y dragado del arroyo&#8221;.<\/em><\/p>\n<p>&nbsp;<\/p>\n<p><img loading=\"lazy\" decoding=\"async\" class=\"aligncenter size-medium wp-image-24436\" src=\"https:\/\/revistaepocadigital.com.ar\/wp-content\/uploads\/2024\/03\/mun-24-300x300.jpg\" alt=\"\" width=\"300\" height=\"300\" srcset=\"https:\/\/revistaepocadigital.com.ar\/wp-content\/uploads\/2024\/03\/mun-24-300x300.jpg 300w, https:\/\/revistaepocadigital.com.ar\/wp-content\/uploads\/2024\/03\/mun-24-150x150.jpg 150w, https:\/\/revistaepocadigital.com.ar\/wp-content\/uploads\/2024\/03\/mun-24-768x768.jpg 768w, https:\/\/revistaepocadigital.com.ar\/wp-content\/uploads\/2024\/03\/mun-24-696x696.jpg 696w, https:\/\/revistaepocadigital.com.ar\/wp-content\/uploads\/2024\/03\/mun-24-420x420.jpg 420w, https:\/\/revistaepocadigital.com.ar\/wp-content\/uploads\/2024\/03\/mun-24.jpg 800w\" sizes=\"auto, (max-width: 300px) 100vw, 300px\" \/><\/p>\n<p>La ca\u00edda de agua fue de 90 mm en 36 horas,\u00a0 con algunos anegamientos y da\u00f1os por la actividad el\u00e9ctrica, pero la situaci\u00f3n estaba controlada.<\/p>\n<div>\n<div class=\"\" dir=\"auto\">\n<div id=\":rc1:\" class=\"x1iorvi4 x1pi30zi x1l90r2v x1swvt13\" data-ad-comet-preview=\"message\" data-ad-preview=\"message\">\n<div class=\"x78zum5 xdt5ytf xz62fqu x16ldp7u\">\n<div class=\"xu06os2 x1ok221b\">\n<div class=\"x11i5rnm xat24cr x1mh8g0r x1vvkbs xtlvy1s x126k92a\">\n<div dir=\"auto\"><\/div>\n<\/div>\n<div class=\"x11i5rnm xat24cr x1mh8g0r x1vvkbs xtlvy1s x126k92a\">\n<div dir=\"auto\">Para el d\u00eda de hoy, jueves (14-3) reg\u00eda una alerta amarilla con lluvias y tormentas localmente fuertes, con r\u00e1fagas intensas, fuerte actividad el\u00e9ctrica y ocasional ca\u00edda de granizo.<\/div>\n<div dir=\"auto\"><\/div>\n<\/div>\n<div class=\"x11i5rnm xat24cr x1mh8g0r x1vvkbs xtlvy1s x126k92a\">\n<div dir=\"auto\"><em>&#8220;Seguimos trabajando con todas las \u00e1reas municipales para reducir los riesgos de este fen\u00f3meno meteorol\u00f3gico. Por eso te recordamos que ante cualquier emergencia te comuniques con el CAV al 08006669009 o por Whatsapp al 1151827312<\/em>&#8220;, remarcaron desde la municipalidad.<\/div>\n<\/div>\n<\/div>\n<\/div>\n<\/div>\n<\/div>\n<\/div>\n","protected":false},"excerpt":{"rendered":"<p>&nbsp; &#8212;&#8212;&#8212;&#8212;&#8212;&#8212;&#8212;&#8212;&#8212;&#8212;&#8212;&#8212;&#8212;&#8212;&#8212;&#8212;&#8212;&#8212;- Actualizaci\u00f3n Desde el municipio se inform\u00f3 que ya se encuentra abierto el ingreso y egreso de Capilla del Se\u00f1or por la ruta 39, con tr\u00e1nsito asistido, sector clave en la ciudad. Por tareas de limpieza los veh\u00edculos han sido desviados por la calle Espa\u00f1a. Circular con precauci\u00f3n. &#8212;&#8212;&#8212;&#8212;&#8212;&#8212;&#8212;&#8212;&#8212;&#8212;&#8212;&#8212;&#8212;&#8212;&#8212;&#8212;&#8212;&#8212;- CRECI\u00d3 EL CAUDAL DE AGUA [&hellip;]<\/p>\n","protected":false},"author":3,"featured_media":24464,"comment_status":"open","ping_status":"open","sticky":false,"template":"","format":"standard","meta":{"footnotes":"","jetpack_publicize_message":"","jetpack_publicize_feature_enabled":true,"jetpack_social_post_already_shared":true,"jetpack_social_options":{"image_generator_settings":{"template":"highway","default_image_id":0,"font":"","enabled":false},"version":2}},"categories":[13],"tags":[2675],"class_list":["post-24433","post","type-post","status-publish","format-standard","has-post-thumbnail","hentry","category-interes-general","tag-temporal-2024"],"jetpack_publicize_connections":[],"jetpack_featured_media_url":"https:\/\/revistaepocadigital.com.ar\/wp-content\/uploads\/2024\/03\/inunda-capi24.jpg","jetpack_likes_enabled":true,"_links":{"self":[{"href":"https:\/\/revistaepocadigital.com.ar\/index.php?rest_route=\/wp\/v2\/posts\/24433","targetHints":{"allow":["GET"]}}],"collection":[{"href":"https:\/\/revistaepocadigital.com.ar\/index.php?rest_route=\/wp\/v2\/posts"}],"about":[{"href":"https:\/\/revistaepocadigital.com.ar\/index.php?rest_route=\/wp\/v2\/types\/post"}],"author":[{"embeddable":true,"href":"https:\/\/revistaepocadigital.com.ar\/index.php?rest_route=\/wp\/v2\/users\/3"}],"replies":[{"embeddable":true,"href":"https:\/\/revistaepocadigital.com.ar\/index.php?rest_route=%2Fwp%2Fv2%2Fcomments&post=24433"}],"version-history":[{"count":0,"href":"https:\/\/revistaepocadigital.com.ar\/index.php?rest_route=\/wp\/v2\/posts\/24433\/revisions"}],"wp:featuredmedia":[{"embeddable":true,"href":"https:\/\/revistaepocadigital.com.ar\/index.php?rest_route=\/wp\/v2\/media\/24464"}],"wp:attachment":[{"href":"https:\/\/revistaepocadigital.com.ar\/index.php?rest_route=%2Fwp%2Fv2%2Fmedia&parent=24433"}],"wp:term":[{"taxonomy":"category","embeddable":true,"href":"https:\/\/revistaepocadigital.com.ar\/index.php?rest_route=%2Fwp%2Fv2%2Fcategories&post=24433"},{"taxonomy":"post_tag","embeddable":true,"href":"https:\/\/revistaepocadigital.com.ar\/index.php?rest_route=%2Fwp%2Fv2%2Ftags&post=24433"}],"curies":[{"name":"wp","href":"https:\/\/api.w.org\/{rel}","templated":true}]}}