{"id":24440,"date":"2024-03-14T01:21:23","date_gmt":"2024-03-14T04:21:23","guid":{"rendered":"https:\/\/revistaepocadigital.com.ar\/?p=24440"},"modified":"2024-03-14T01:25:20","modified_gmt":"2024-03-14T04:25:20","slug":"karting-valentino-diamante-un-chico-que-crece-rapido","status":"publish","type":"post","link":"https:\/\/revistaepocadigital.com.ar\/?p=24440","title":{"rendered":"Karting. Valentino Diamante, un chico que crece r\u00e1pido"},"content":{"rendered":"<p class=\"yiv8073685550MsoNormal\"><strong>CONTIN\u00daA COMPITIENDO EN KARTING, EL PIBE DE CAPILLA DEL SE\u00d1OR.<\/strong><!--more--><\/p>\n<p>Mostrando su evoluci\u00f3n en cada competencia desde que se inicio, Valentino ocup\u00f3 el podio en la reciente segunda fecha del Torneo de Verano disputada en el Kart\u00f3dromo de Ciudad Evita, en la competitiva categor\u00eda Rotax Max Challenge Argentina, luego de arribar tercero. Los objetivos de Valentino y su padre Valerio y su abuelo Daniel, verdaderos respaldos del chico, son claros: continuar evolucionando y ganando experiencia.<\/p>\n<p><strong><img loading=\"lazy\" decoding=\"async\" class=\"aligncenter size-medium wp-image-24441\" src=\"https:\/\/revistaepocadigital.com.ar\/wp-content\/uploads\/2024\/03\/DIAMAN-VALE-300x300.jpg\" alt=\"\" width=\"300\" height=\"300\" \/><\/strong><\/p>\n<p><img loading=\"lazy\" decoding=\"async\" class=\"aligncenter size-medium wp-image-24442\" src=\"https:\/\/revistaepocadigital.com.ar\/wp-content\/uploads\/2024\/03\/DIAMAN-KART-300x300.jpg\" alt=\"\" width=\"300\" height=\"300\" srcset=\"https:\/\/revistaepocadigital.com.ar\/wp-content\/uploads\/2024\/03\/DIAMAN-KART-300x300.jpg 300w, https:\/\/revistaepocadigital.com.ar\/wp-content\/uploads\/2024\/03\/DIAMAN-KART-150x150.jpg 150w, https:\/\/revistaepocadigital.com.ar\/wp-content\/uploads\/2024\/03\/DIAMAN-KART-768x768.jpg 768w, https:\/\/revistaepocadigital.com.ar\/wp-content\/uploads\/2024\/03\/DIAMAN-KART-696x696.jpg 696w, https:\/\/revistaepocadigital.com.ar\/wp-content\/uploads\/2024\/03\/DIAMAN-KART-1068x1068.jpg 1068w, https:\/\/revistaepocadigital.com.ar\/wp-content\/uploads\/2024\/03\/DIAMAN-KART-420x420.jpg 420w, https:\/\/revistaepocadigital.com.ar\/wp-content\/uploads\/2024\/03\/DIAMAN-KART-840x840.jpg 840w, https:\/\/revistaepocadigital.com.ar\/wp-content\/uploads\/2024\/03\/DIAMAN-KART.jpg 1080w\" sizes=\"auto, (max-width: 300px) 100vw, 300px\" \/><\/p>\n","protected":false},"excerpt":{"rendered":"<p>CONTIN\u00daA COMPITIENDO EN KARTING, EL PIBE DE CAPILLA DEL SE\u00d1OR.<\/p>\n","protected":false},"author":4,"featured_media":24444,"comment_status":"open","ping_status":"open","sticky":false,"template":"","format":"standard","meta":{"footnotes":"","jetpack_publicize_message":"","jetpack_publicize_feature_enabled":true,"jetpack_social_post_already_shared":true,"jetpack_social_options":{"image_generator_settings":{"template":"highway","default_image_id":0,"font":"","enabled":false},"version":2}},"categories":[9],"tags":[],"class_list":["post-24440","post","type-post","status-publish","format-standard","has-post-thumbnail","hentry","category-deportes"],"jetpack_publicize_connections":[],"jetpack_featured_media_url":"https:\/\/revistaepocadigital.com.ar\/wp-content\/uploads\/2024\/03\/DIAMANTE-VALE.jpg","jetpack_likes_enabled":true,"_links":{"self":[{"href":"https:\/\/revistaepocadigital.com.ar\/index.php?rest_route=\/wp\/v2\/posts\/24440","targetHints":{"allow":["GET"]}}],"collection":[{"href":"https:\/\/revistaepocadigital.com.ar\/index.php?rest_route=\/wp\/v2\/posts"}],"about":[{"href":"https:\/\/revistaepocadigital.com.ar\/index.php?rest_route=\/wp\/v2\/types\/post"}],"author":[{"embeddable":true,"href":"https:\/\/revistaepocadigital.com.ar\/index.php?rest_route=\/wp\/v2\/users\/4"}],"replies":[{"embeddable":true,"href":"https:\/\/revistaepocadigital.com.ar\/index.php?rest_route=%2Fwp%2Fv2%2Fcomments&post=24440"}],"version-history":[{"count":0,"href":"https:\/\/revistaepocadigital.com.ar\/index.php?rest_route=\/wp\/v2\/posts\/24440\/revisions"}],"wp:featuredmedia":[{"embeddable":true,"href":"https:\/\/revistaepocadigital.com.ar\/index.php?rest_route=\/wp\/v2\/media\/24444"}],"wp:attachment":[{"href":"https:\/\/revistaepocadigital.com.ar\/index.php?rest_route=%2Fwp%2Fv2%2Fmedia&parent=24440"}],"wp:term":[{"taxonomy":"category","embeddable":true,"href":"https:\/\/revistaepocadigital.com.ar\/index.php?rest_route=%2Fwp%2Fv2%2Fcategories&post=24440"},{"taxonomy":"post_tag","embeddable":true,"href":"https:\/\/revistaepocadigital.com.ar\/index.php?rest_route=%2Fwp%2Fv2%2Ftags&post=24440"}],"curies":[{"name":"wp","href":"https:\/\/api.w.org\/{rel}","templated":true}]}}