{"id":2446,"date":"2019-05-21T19:14:55","date_gmt":"2019-05-21T22:14:55","guid":{"rendered":"https:\/\/revistaepocadigital.com.ar\/?p=2446"},"modified":"2019-05-21T19:15:14","modified_gmt":"2019-05-21T22:15:14","slug":"inversiones-en-cepral-para-solucionar-problemas-en-telefonia-e-internet","status":"publish","type":"post","link":"https:\/\/revistaepocadigital.com.ar\/?p=2446","title":{"rendered":"INVERSIONES EN CEPRAL PARA SOLUCIONAR PROBLEMAS EN TELEFON\u00cdA E INTERNET"},"content":{"rendered":"<p><strong>LA COOPERATIVA<\/strong><strong> CON<\/strong><strong> SEDE EN PARADA ROBLES.<\/strong><!--more--><\/p>\n<p>Ha informado que en el marco del plan de inversiones y mediante\u00a0 a un trabajo conjunto con el <strong>Ente Nacional de Comunicaciones (ENACOM)<\/strong>, ha concluido el reemplazo de fibra \u00f3ptica convencional por \u201cAntirroedor\u201d; dicha fibra une las centrales de Cepral de Parada Robles y El Remanso.<\/p>\n<p>La etapa finalizada es s\u00f3lo la primera del proyecto que apunta al reemplazo de fibra convencional por la mencionada \u201cantirroedor\u201d en todos los puntos de conexi\u00f3n con que cuenta la cooperativa. \u201cDe esta manera estamos dando soluci\u00f3n a los inconvenientes que ven\u00edan afectando a nuestros usuarios de telefon\u00eda e Internet\u201d, apuntaron desde la cooperativa.<\/p>\n<p>&nbsp;<\/p>\n<p>Foto: Cepral.<\/p>\n<p>&nbsp;<\/p>\n","protected":false},"excerpt":{"rendered":"<p>LA COOPERATIVA CON SEDE EN PARADA ROBLES.<\/p>\n","protected":false},"author":4,"featured_media":2447,"comment_status":"open","ping_status":"open","sticky":false,"template":"","format":"standard","meta":{"footnotes":"","jetpack_publicize_message":"","jetpack_publicize_feature_enabled":true,"jetpack_social_post_already_shared":false,"jetpack_social_options":{"image_generator_settings":{"template":"highway","default_image_id":0,"font":"","enabled":false},"version":2}},"categories":[5,13],"tags":[],"class_list":["post-2446","post","type-post","status-publish","format-standard","has-post-thumbnail","hentry","category-aqui-parada-robles","category-interes-general"],"jetpack_publicize_connections":[],"jetpack_featured_media_url":"https:\/\/revistaepocadigital.com.ar\/wp-content\/uploads\/2019\/05\/cepral-fibra-antiro.jpg","jetpack_likes_enabled":true,"_links":{"self":[{"href":"https:\/\/revistaepocadigital.com.ar\/index.php?rest_route=\/wp\/v2\/posts\/2446","targetHints":{"allow":["GET"]}}],"collection":[{"href":"https:\/\/revistaepocadigital.com.ar\/index.php?rest_route=\/wp\/v2\/posts"}],"about":[{"href":"https:\/\/revistaepocadigital.com.ar\/index.php?rest_route=\/wp\/v2\/types\/post"}],"author":[{"embeddable":true,"href":"https:\/\/revistaepocadigital.com.ar\/index.php?rest_route=\/wp\/v2\/users\/4"}],"replies":[{"embeddable":true,"href":"https:\/\/revistaepocadigital.com.ar\/index.php?rest_route=%2Fwp%2Fv2%2Fcomments&post=2446"}],"version-history":[{"count":0,"href":"https:\/\/revistaepocadigital.com.ar\/index.php?rest_route=\/wp\/v2\/posts\/2446\/revisions"}],"wp:featuredmedia":[{"embeddable":true,"href":"https:\/\/revistaepocadigital.com.ar\/index.php?rest_route=\/wp\/v2\/media\/2447"}],"wp:attachment":[{"href":"https:\/\/revistaepocadigital.com.ar\/index.php?rest_route=%2Fwp%2Fv2%2Fmedia&parent=2446"}],"wp:term":[{"taxonomy":"category","embeddable":true,"href":"https:\/\/revistaepocadigital.com.ar\/index.php?rest_route=%2Fwp%2Fv2%2Fcategories&post=2446"},{"taxonomy":"post_tag","embeddable":true,"href":"https:\/\/revistaepocadigital.com.ar\/index.php?rest_route=%2Fwp%2Fv2%2Ftags&post=2446"}],"curies":[{"name":"wp","href":"https:\/\/api.w.org\/{rel}","templated":true}]}}