{"id":24467,"date":"2024-03-15T22:03:40","date_gmt":"2024-03-16T01:03:40","guid":{"rendered":"https:\/\/revistaepocadigital.com.ar\/?p=24467"},"modified":"2024-03-16T11:22:36","modified_gmt":"2024-03-16T14:22:36","slug":"el-temporal-de-lluvias-que-tambien-pego-en-exaltacion-de-la-cruz","status":"publish","type":"post","link":"https:\/\/revistaepocadigital.com.ar\/?p=24467","title":{"rendered":"FAMILIAS DE PARADA ROBLES QUE HAN SUFRIDO EL TEMPORAL NECESITAN DE TU AYUDA"},"content":{"rendered":"<div class=\"\" dir=\"auto\">\n<div id=\":r2k5:\" class=\"x1iorvi4 x1pi30zi x1l90r2v x1swvt13\" data-ad-comet-preview=\"message\" data-ad-preview=\"message\">\n<div class=\"x78zum5 xdt5ytf xz62fqu x16ldp7u\">\n<div class=\"xu06os2 x1ok221b\">\n<div class=\"xdj266r x11i5rnm xat24cr x1mh8g0r x1vvkbs x126k92a\">\n<div dir=\"auto\"><strong>LOS SUCESIVOS D\u00cdAS DE LLUVIA EN BUENA PARTE DEL PA\u00cdS.<!--more--><\/strong><\/div>\n<div dir=\"auto\"><\/div>\n<div dir=\"auto\">Han afectado a gran parte de la provincia de Buenos Aires, y Exaltaci\u00f3n de la Cruz no ha sido la excepci\u00f3n. Eso deriv\u00f3 en la angustia de vecinos por el avance de las aguas desbordadas luego de un par de d\u00edas, del Arroyo de la Cruz.<\/div>\n<h3><strong>\u00a1A COLABORAR!<\/strong><\/h3>\n<p><img loading=\"lazy\" decoding=\"async\" class=\"aligncenter size-large wp-image-24482\" src=\"https:\/\/revistaepocadigital.com.ar\/wp-content\/uploads\/2024\/03\/inun2-763x1200.jpg\" alt=\"\" width=\"696\" height=\"1095\" srcset=\"https:\/\/revistaepocadigital.com.ar\/wp-content\/uploads\/2024\/03\/inun2-763x1200.jpg 763w, https:\/\/revistaepocadigital.com.ar\/wp-content\/uploads\/2024\/03\/inun2-191x300.jpg 191w, https:\/\/revistaepocadigital.com.ar\/wp-content\/uploads\/2024\/03\/inun2-768x1208.jpg 768w, https:\/\/revistaepocadigital.com.ar\/wp-content\/uploads\/2024\/03\/inun2-696x1095.jpg 696w, https:\/\/revistaepocadigital.com.ar\/wp-content\/uploads\/2024\/03\/inun2-267x420.jpg 267w, https:\/\/revistaepocadigital.com.ar\/wp-content\/uploads\/2024\/03\/inun2-534x840.jpg 534w, https:\/\/revistaepocadigital.com.ar\/wp-content\/uploads\/2024\/03\/inun2.jpg 819w\" sizes=\"auto, (max-width: 696px) 100vw, 696px\" \/><\/p>\n<\/div>\n<\/div>\n<\/div>\n<\/div>\n<\/div>\n<p>&nbsp;<\/p>\n<div class=\"\" dir=\"auto\">\n<div id=\":r2k5:\" class=\"x1iorvi4 x1pi30zi x1l90r2v x1swvt13\" data-ad-comet-preview=\"message\" data-ad-preview=\"message\">\n<div class=\"x78zum5 xdt5ytf xz62fqu x16ldp7u\">\n<div class=\"xu06os2 x1ok221b\">\n<div class=\"xdj266r x11i5rnm xat24cr x1mh8g0r x1vvkbs x126k92a\">\n<div dir=\"auto\"><strong>CUIDADO EN LA ENTRADA Y SALIDA DE CAPILLA DEL SE\u00d1OR<\/strong><\/div>\n<div dir=\"auto\"><\/div>\n<div dir=\"auto\"><img loading=\"lazy\" decoding=\"async\" class=\"aligncenter size-full wp-image-24483\" src=\"https:\/\/revistaepocadigital.com.ar\/wp-content\/uploads\/2024\/03\/inu-1.jpg\" alt=\"\" width=\"720\" height=\"1099\" srcset=\"https:\/\/revistaepocadigital.com.ar\/wp-content\/uploads\/2024\/03\/inu-1.jpg 720w, https:\/\/revistaepocadigital.com.ar\/wp-content\/uploads\/2024\/03\/inu-1-197x300.jpg 197w, https:\/\/revistaepocadigital.com.ar\/wp-content\/uploads\/2024\/03\/inu-1-696x1062.jpg 696w, https:\/\/revistaepocadigital.com.ar\/wp-content\/uploads\/2024\/03\/inu-1-275x420.jpg 275w, https:\/\/revistaepocadigital.com.ar\/wp-content\/uploads\/2024\/03\/inu-1-550x840.jpg 550w\" sizes=\"auto, (max-width: 720px) 100vw, 720px\" \/><\/div>\n<div dir=\"auto\"><\/div>\n<div dir=\"auto\">A su vez, desde el municipio han estado trabajando en los cascos urbanos y en los barrios de gran parte del distrito.<\/div>\n<\/div>\n<div class=\"x11i5rnm xat24cr x1mh8g0r x1vvkbs xtlvy1s x126k92a\">\n<div dir=\"auto\">\n<p>Desde las \u00e1reas de Higiene Urbana y las delegaciones, se realizaron tareas de despeje de calles por \u00e1rboles ca\u00eddos, limpieza de bocas de tormenta, zanjas y alcantarillas, mejorando el escurrimiento del agua.<\/p>\n<figure id=\"attachment_24473\" aria-describedby=\"caption-attachment-24473\" style=\"width: 720px\" class=\"wp-caption aligncenter\"><img loading=\"lazy\" decoding=\"async\" class=\"size-full wp-image-24473\" src=\"https:\/\/revistaepocadigital.com.ar\/wp-content\/uploads\/2024\/03\/INUND-CAMION-MUNI.jpg\" alt=\"\" width=\"720\" height=\"501\" srcset=\"https:\/\/revistaepocadigital.com.ar\/wp-content\/uploads\/2024\/03\/INUND-CAMION-MUNI.jpg 720w, https:\/\/revistaepocadigital.com.ar\/wp-content\/uploads\/2024\/03\/INUND-CAMION-MUNI-300x209.jpg 300w, https:\/\/revistaepocadigital.com.ar\/wp-content\/uploads\/2024\/03\/INUND-CAMION-MUNI-100x70.jpg 100w, https:\/\/revistaepocadigital.com.ar\/wp-content\/uploads\/2024\/03\/INUND-CAMION-MUNI-200x140.jpg 200w, https:\/\/revistaepocadigital.com.ar\/wp-content\/uploads\/2024\/03\/INUND-CAMION-MUNI-696x484.jpg 696w, https:\/\/revistaepocadigital.com.ar\/wp-content\/uploads\/2024\/03\/INUND-CAMION-MUNI-604x420.jpg 604w\" sizes=\"auto, (max-width: 720px) 100vw, 720px\" \/><figcaption id=\"caption-attachment-24473\" class=\"wp-caption-text\">Ante la bajante de las aguas en calles cercanas al arroyo en la ciudad, veh\u00edculos del municipio procedieron a la limpieza de sectores que estuvieron anegados.<\/figcaption><\/figure>\n<p><span style=\"color: #222222; font-size: 15px;\">A trav\u00e9s de las obras hidr\u00e1ulicas realizadas los \u00faltimos a\u00f1os -hicieron saber desde la comuna- logramos con los mismos par\u00e1metros de lluvias del a\u00f1o 2015, cuando se produjo aquella tan grave inundaci\u00f3n, evitar que en esta ocasi\u00f3n se inundara el casco de Capilla del Se\u00f1or. Pudo comprobarse que la defensa hidr\u00e1ulica, el canal\/puente aliviador y la limpieza y dragado del arroyo que se hace peri\u00f3dicamente, logr\u00f3 mitigar los da\u00f1os de un fen\u00f3meno de esta naturaleza, teniendo en cuenta el caudal de agua y su velocidad.<\/span><\/p>\n<p><strong>El Arroyo de la Cruz escurre aguas\u00a0 desde la localidad Villa Espil, en San Andr\u00e9s de Giles. Nace en Villa Ruiz, partido de Luj\u00e1n y recorre unos 35 kms. hasta llegar a Capilla del Se\u00f1or. La cuenca del Arroyo de la Cruz tiene una extensi\u00f3n de 66 mil hect\u00e1reas, casi el tama\u00f1o del distrito.<\/strong><\/p>\n<\/div>\n<\/div>\n<div class=\"x11i5rnm xat24cr x1mh8g0r x1vvkbs xtlvy1s x126k92a\">\n<div dir=\"auto\">Con una lluvia acumulada de 220\/240 mm de agua en 3 d\u00edas, entre 22 y 24 cm de agua han hecho el mencionado trayecto de 35 kms, bajando hasta Capilla del Se\u00f1or, pasando por el puente\/canal aliviador sobre el terrapl\u00e9n del Ferrocarril Mitre.<\/div>\n<\/div>\n<div class=\"x11i5rnm xat24cr x1mh8g0r x1vvkbs xtlvy1s x126k92a\">\n<div dir=\"auto\"><\/div>\n<\/div>\n<div class=\"x11i5rnm xat24cr x1mh8g0r x1vvkbs xtlvy1s x126k92a\">\n<div dir=\"auto\">Por otro lado, seg\u00fan la informaci\u00f3n difundida por el municipio, desde la Secretar\u00eda de Acci\u00f3n Social y Desarrollo de la Comunidad, se trabaj\u00f3 intensamente en la asistencia de las familias damnificadas con colchones, frazadas, ropa de abrigo, mercader\u00eda, elementos y art\u00edculos de limpieza. Adem\u00e1s del traslado y contenci\u00f3n a quienes tuvieron que ser evacuadas o llevadas al Hospital por problemas de salud.<\/div>\n<div dir=\"auto\"><\/div>\n<\/div>\n<div class=\"x11i5rnm xat24cr x1mh8g0r x1vvkbs xtlvy1s x126k92a\">\n<div dir=\"auto\">Tambi\u00e9n, desde el \u00e1rea de Seguridad, a trav\u00e9s del personal de Tr\u00e1nsito, se asisti\u00f3 a los veh\u00edculos que circulaban en el ingreso y egreso en Capilla del Se\u00f1or por Ruta 39, en todo momento. Y por el Centro de Apoyo Vecinal se recepcionaron todas las llamadas de vecinos damnificados. Agradecemos, como siempre, a los Bomberos Voluntarios del distrito, a las iglesias, organizaciones intermedias, clubes y vecinos por la colaboraci\u00f3n.<\/div>\n<\/div>\n<div class=\"x11i5rnm xat24cr x1mh8g0r x1vvkbs xtlvy1s x126k92a\">\n<div dir=\"auto\">El trabajo no termin\u00f3, y seguir\u00e1 a lo largo de varias semanas, por lo que te recordamos que si hay vecinos que precisen ayuda, deben comunicarse con el CENTRO DE APOYO VECINAL al 0800 666 9009. Por otro lado, se recomend\u00f3 que sea tenida en cueneta la informaci\u00f3n de la\u00a0 Direcci\u00f3n de Protecci\u00f3n Civil y Reducci\u00f3n de Riesgos por canales oficiales, para evitar cadenas de noticias falsas.<\/div>\n<\/div>\n<\/div>\n<\/div>\n<\/div>\n<\/div>\n","protected":false},"excerpt":{"rendered":"<p>LOS SUCESIVOS D\u00cdAS DE LLUVIA EN BUENA PARTE DEL PA\u00cdS.<\/p>\n","protected":false},"author":3,"featured_media":24472,"comment_status":"open","ping_status":"open","sticky":false,"template":"","format":"standard","meta":{"footnotes":"","jetpack_publicize_message":"","jetpack_publicize_feature_enabled":true,"jetpack_social_post_already_shared":true,"jetpack_social_options":{"image_generator_settings":{"template":"highway","default_image_id":0,"font":"","enabled":false},"version":2}},"categories":[13],"tags":[2676,1789],"class_list":["post-24467","post","type-post","status-publish","format-standard","has-post-thumbnail","hentry","category-interes-general","tag-operativos","tag-temporal"],"jetpack_publicize_connections":[],"jetpack_featured_media_url":"https:\/\/revistaepocadigital.com.ar\/wp-content\/uploads\/2024\/03\/INUNNN.jpg","jetpack_likes_enabled":true,"_links":{"self":[{"href":"https:\/\/revistaepocadigital.com.ar\/index.php?rest_route=\/wp\/v2\/posts\/24467","targetHints":{"allow":["GET"]}}],"collection":[{"href":"https:\/\/revistaepocadigital.com.ar\/index.php?rest_route=\/wp\/v2\/posts"}],"about":[{"href":"https:\/\/revistaepocadigital.com.ar\/index.php?rest_route=\/wp\/v2\/types\/post"}],"author":[{"embeddable":true,"href":"https:\/\/revistaepocadigital.com.ar\/index.php?rest_route=\/wp\/v2\/users\/3"}],"replies":[{"embeddable":true,"href":"https:\/\/revistaepocadigital.com.ar\/index.php?rest_route=%2Fwp%2Fv2%2Fcomments&post=24467"}],"version-history":[{"count":0,"href":"https:\/\/revistaepocadigital.com.ar\/index.php?rest_route=\/wp\/v2\/posts\/24467\/revisions"}],"wp:featuredmedia":[{"embeddable":true,"href":"https:\/\/revistaepocadigital.com.ar\/index.php?rest_route=\/wp\/v2\/media\/24472"}],"wp:attachment":[{"href":"https:\/\/revistaepocadigital.com.ar\/index.php?rest_route=%2Fwp%2Fv2%2Fmedia&parent=24467"}],"wp:term":[{"taxonomy":"category","embeddable":true,"href":"https:\/\/revistaepocadigital.com.ar\/index.php?rest_route=%2Fwp%2Fv2%2Fcategories&post=24467"},{"taxonomy":"post_tag","embeddable":true,"href":"https:\/\/revistaepocadigital.com.ar\/index.php?rest_route=%2Fwp%2Fv2%2Ftags&post=24467"}],"curies":[{"name":"wp","href":"https:\/\/api.w.org\/{rel}","templated":true}]}}