{"id":24478,"date":"2024-03-15T22:53:13","date_gmt":"2024-03-16T01:53:13","guid":{"rendered":"https:\/\/revistaepocadigital.com.ar\/?p=24478"},"modified":"2024-03-15T22:53:13","modified_gmt":"2024-03-16T01:53:13","slug":"cepral-informo","status":"publish","type":"post","link":"https:\/\/revistaepocadigital.com.ar\/?p=24478","title":{"rendered":"CEPRAL INFORM\u00d3"},"content":{"rendered":"<p><strong>LOS TEMAS ACTUALES.<\/strong><\/p>\n<p>El Consejo de Administraci\u00f3n difundi\u00f3 informaciones relacionadas a CEPRAL.<\/p>\n<p>Recomendaron realizar las podas correctivas de los \u00e1rboles que interfieran en las l\u00edneas de cableado. \u00a0De este modo se evitar\u00e1n la interrupci\u00f3n de los Servicios de Energ\u00eda y Telecomunicaciones y los altos costos en los que deben incurrir para restaurar los da\u00f1os ocasionados.<\/p>\n<table class=\"ydp61ea41f5yiv3709051640r7-o\" border=\"0\" width=\"100%\" cellspacing=\"0\" cellpadding=\"0\" align=\"center\">\n<tbody>\n<tr>\n<td class=\"ydp61ea41f5yiv3709051640r9-i\">\n<table border=\"0\" width=\"100%\" cellspacing=\"0\" cellpadding=\"0\">\n<tbody>\n<tr>\n<th class=\"ydp61ea41f5yiv3709051640r5-c\" valign=\"top\" width=\"100%\">\n<table class=\"ydp61ea41f5yiv3709051640r6-o\" border=\"0\" width=\"100%\" cellspacing=\"0\" cellpadding=\"0\">\n<tbody>\n<tr>\n<td class=\"ydp61ea41f5yiv3709051640r13-i\" valign=\"top\">\n<table border=\"0\" width=\"100%\" cellspacing=\"0\" cellpadding=\"0\">\n<tbody>\n<tr>\n<td class=\"ydp61ea41f5yiv3709051640r14-c\" align=\"center\"><img decoding=\"async\" src=\"https:\/\/ecp.yusercontent.com\/mail?url=https%3A%2F%2F41sau.img.sp1-brevo.net%2Fim%2Fsh%2FjU1LSVcAP1KF.jpeg%3Fu%3D2BpAyz2gMiWncpv265Ahb7ETz0KaK314Mc&amp;t=1710552442&amp;ymreqid=a1e28384-e738-286e-1c06-3a002b01bf00&amp;sig=XRJyOjwamxmFNYoE1JJDkg--~D\" border=\"0\" data-inlineimagemanipulating=\"true\" \/><\/td>\n<\/tr>\n<tr>\n<td class=\"ydp61ea41f5yiv3709051640r15-c\" align=\"left\">\n<table class=\"ydp61ea41f5yiv3709051640r10-o\" border=\"0\" width=\"100%\" cellspacing=\"0\" cellpadding=\"0\">\n<tbody>\n<tr>\n<td class=\"ydp61ea41f5yiv3709051640r16-i ydp61ea41f5yiv3709051640nl2go-default-textstyle\" valign=\"top\">\n<div>\n<p><strong>Servicio Fibra \u00d3ptica en Tu Hogar<\/strong><\/p>\n<p><strong>Barrio Los Pinos:\u00a0<\/strong><\/p>\n<p>Se avanza con la colocaci\u00f3n de las Cajas de Distribuci\u00f3n sobre la calle Corrientes desde Formosa hacia Misiones.<\/p>\n<p>De los\u00a0<strong>500 hogares<\/strong>\u00a0con Servicio El\u00e9ctrico en el barrio\u00a0<strong>Los Pinos<\/strong>,\u00a0<strong>se inscribieron 170 vecinos<\/strong>\u00a0y hasta la fecha\u00a0<strong>hemos conectado a 120 usuarios. \u00a0<\/strong><\/p>\n<p>De los vecinos que a\u00fan no cuentan con el Servicio,\u00a0<strong>21 ya tienen turno asignado para la instalaci\u00f3n<\/strong>\u00a0y\u00a0<strong>29 est\u00e1n a la espera de la finalizaci\u00f3n de la obra, que se estima de no mediar imprevistos, para la segunda quincena de abril 2024<\/strong>..<\/p>\n<p>&nbsp;<\/p>\n<p><strong>Barrios Sakura, Comarca del Sol y El Remanso:<\/strong><\/p>\n<p>Los vecinos &#8220;siguen confiando en nuestra cooperativa, ya tenemos coordinadas pr\u00f3ximas instalaciones en dichos barrios&#8221;.<\/p>\n<p>Comprometidos con nuestros usuarios, cumplimos con nuestra palabra.<\/p>\n<p>&nbsp;<\/p>\n<\/div>\n<\/td>\n<\/tr>\n<\/tbody>\n<\/table>\n<\/td>\n<\/tr>\n<tr>\n<td class=\"ydp61ea41f5yiv3709051640r14-c\" align=\"center\"><img decoding=\"async\" src=\"https:\/\/ecp.yusercontent.com\/mail?url=https%3A%2F%2F41sau.img.sp1-brevo.net%2Fim%2Fsh%2FGlnQPlonDxVR.png%3Fu%3D2BpAyz2gMiWncebXHlXGa4cAzLXPWtHMPa&amp;t=1710552442&amp;ymreqid=a1e28384-e738-286e-1c06-3a002b01bf00&amp;sig=dixlzegndbxLC7eHW9TFZQ--~D\" border=\"0\" \/><\/td>\n<\/tr>\n<tr>\n<td class=\"ydp61ea41f5yiv3709051640r14-c\" align=\"center\"><img decoding=\"async\" src=\"https:\/\/ecp.yusercontent.com\/mail?url=https%3A%2F%2F41sau.img.sp1-brevo.net%2Fim%2Fsh%2FSLIFEZ3LLF3s.jpeg%3Fu%3D2BpAyz2gMiWncro1caTgALgWLK8kgXnoJ8&amp;t=1710552442&amp;ymreqid=a1e28384-e738-286e-1c06-3a002b01bf00&amp;sig=VKYpKAVWNLYXkxK6_H.Edg--~D\" border=\"0\" \/><\/td>\n<\/tr>\n<tr>\n<td class=\"ydp61ea41f5yiv3709051640r15-c\" align=\"left\">\n<table class=\"ydp61ea41f5yiv3709051640r10-o\" border=\"0\" width=\"100%\" cellspacing=\"0\" cellpadding=\"0\">\n<tbody>\n<tr>\n<td class=\"ydp61ea41f5yiv3709051640r16-i ydp61ea41f5yiv3709051640nl2go-default-textstyle\" valign=\"top\">\n<div>\n<p>Ca\u00edda de \u00e1rbol sobre las redes de servicios p\u00fablicos en Los Pinos deja a m\u00e1s de 200 usuarios de Sakura sin Servicio de Fibra \u00d3ptica.<\/p>\n<p>Debido a la gran cantidad de agua ca\u00edda durante\u00a0 la semana, cay\u00f3 un \u00e1rbol (14-3) que arrastr\u00f3 la red de fibra \u00f3ptica en el barrio Los Pinos dejando sin conexi\u00f3n a 200 usuarios del barrio Sakura.<\/p>\n<p>&nbsp;<\/p>\n<\/div>\n<\/td>\n<\/tr>\n<\/tbody>\n<\/table>\n<\/td>\n<\/tr>\n<tr>\n<td class=\"ydp61ea41f5yiv3709051640r2-c\" align=\"center\">\n<table class=\"ydp61ea41f5yiv3709051640r17-o\" border=\"0\" width=\"543\" cellspacing=\"0\" cellpadding=\"0\">\n<tbody>\n<tr>\n<td class=\"ydp61ea41f5yiv3709051640r18-i\"><img decoding=\"async\" src=\"https:\/\/ecp.yusercontent.com\/mail?url=https%3A%2F%2F41sau.img.sp1-brevo.net%2Fim%2Fsh%2FW7FxIpU1rQKS.jpeg%3Fu%3D2BpAyz2gMiWncth195meja8Yhdwv32aYFe&amp;t=1710552442&amp;ymreqid=a1e28384-e738-286e-1c06-3a002b01bf00&amp;sig=hXnsABUBDma9KRPVe6Z3Ig--~D\" border=\"0\" \/><\/td>\n<\/tr>\n<\/tbody>\n<\/table>\n<\/td>\n<\/tr>\n<tr>\n<td class=\"ydp61ea41f5yiv3709051640r15-c\" align=\"left\">\n<table class=\"ydp61ea41f5yiv3709051640r10-o\" border=\"0\" width=\"100%\" cellspacing=\"0\" cellpadding=\"0\">\n<tbody>\n<tr>\n<td class=\"ydp61ea41f5yiv3709051640r16-i ydp61ea41f5yiv3709051640nl2go-default-textstyle\" valign=\"top\">\n<div>\n<p>Cuadrillas de Telecomunicaciones y de Energ\u00eda El\u00e9ctrica estuvieron trabajando \u00a0de manera conjunta, y con las malas condiciones clim\u00e1ticas imperantes en los distintos barrios que fueron afectados por la ca\u00edda de \u00e1rboles y ramas de gran porte.<\/p>\n<p><strong>Es necesario que los vecinos tomen consciencia y realicen las podas correctivas para evitar accidentes e interrupci\u00f3n de Servicios.<\/strong><\/p>\n<p>&nbsp;<\/p>\n<\/div>\n<\/td>\n<\/tr>\n<\/tbody>\n<\/table>\n<\/td>\n<\/tr>\n<tr>\n<td class=\"ydp61ea41f5yiv3709051640r2-c\" align=\"center\">\n<table class=\"ydp61ea41f5yiv3709051640r19-o\" border=\"0\" width=\"560\" cellspacing=\"0\" cellpadding=\"0\">\n<tbody>\n<tr class=\"ydp61ea41f5yiv3709051640nl2go-responsive-hide\">\n<td width=\"2\" height=\"2\">\u00ad<\/td>\n<td height=\"2\">\u00ad<\/td>\n<td width=\"2\" height=\"2\">\u00ad<\/td>\n<\/tr>\n<tr>\n<td class=\"ydp61ea41f5yiv3709051640nl2go-responsive-hide\" width=\"2\">\u00ad<\/td>\n<td class=\"ydp61ea41f5yiv3709051640r18-i\"><img decoding=\"async\" src=\"https:\/\/ecp.yusercontent.com\/mail?url=https%3A%2F%2F41sau.img.sp1-brevo.net%2Fim%2Fsh%2FWw6flYn5DMvd.jpeg%3Fu%3D2BpAyz2gMiWncciXlGEI0qA8d1jFAOUcT4&amp;t=1710552442&amp;ymreqid=a1e28384-e738-286e-1c06-3a002b01bf00&amp;sig=tiVLJUX0gS45GjhOqR5PCg--~D\" border=\"0\" \/><\/td>\n<td class=\"ydp61ea41f5yiv3709051640nl2go-responsive-hide\" width=\"2\">\u00ad<\/td>\n<\/tr>\n<tr class=\"ydp61ea41f5yiv3709051640nl2go-responsive-hide\">\n<td width=\"2\" height=\"2\">\u00ad<\/td>\n<td height=\"2\">\u00ad<\/td>\n<td width=\"2\" height=\"2\">\u00ad<\/td>\n<\/tr>\n<\/tbody>\n<\/table>\n<\/td>\n<\/tr>\n<tr>\n<td class=\"ydp61ea41f5yiv3709051640r15-c\" align=\"left\">\n<table class=\"ydp61ea41f5yiv3709051640r10-o\" border=\"0\" width=\"100%\" cellspacing=\"0\" cellpadding=\"0\">\n<tbody>\n<tr>\n<td class=\"ydp61ea41f5yiv3709051640r16-i ydp61ea41f5yiv3709051640nl2go-default-textstyle\" valign=\"top\">Recambio de postes para las redes de los Servicios de Electricidad e Internet<\/p>\n<p>Se continuaba trabajando en los distintos barrios de la zona de concesi\u00f3n con el recambio de los postes que sostienen nuestras redes de Electricidad y Telecomunicaciones. <strong>Durante la semana del 4 al 8 de marzo se retiraron cables en desuso y reemplazando postes en el barrio El Zorzal.<\/strong><\/p>\n<p>Para llevar adelante estas tareas con mayor celeridad, la cooperativa contrat\u00f3 un equipo externo que segu\u00eda acompa\u00f1\u00e1ndo reforzando el trabajo de las cuadrillas.<\/p>\n<p>&nbsp;<\/td>\n<\/tr>\n<tr>\n<td class=\"ydp61ea41f5yiv3709051640r16-i ydp61ea41f5yiv3709051640nl2go-default-textstyle\" valign=\"top\">\n<div>\n<p>&nbsp;<\/p>\n<p>USO EFICIENTE DE INTERNET<\/p>\n<p>Queremos que vivas una mejor experiencia de Internet, por eso te recordamos algunos tips:<\/p>\n<p>Para alcanzar la m\u00e1xima velocidad te recomendamos tener la PC conectada por cable ethernet cat5, o superior y tener una tarjeta de red GE de 1000 Mbps.<\/p>\n<p><strong>USO DEL WIFI\u00a0<\/strong><\/p>\n<p>Tanto el uso del wifi (conexi\u00f3n inal\u00e1mbrica) como la distancia entre el m\u00f3dem y el punto de conexi\u00f3n, son factores que reducen considerablemente la velocidad.<\/p>\n<p><strong>UBICACI\u00d3N DEL M\u00d3DEM<\/strong><\/p>\n<p>Recomendamos ubicarlo en un espacio visible y alejado de otros equipos que provoquen interferencias (tel\u00e9fonos inal\u00e1mbricos, impresoras, smart TVs, microondas, etc.).\u00a0<strong>En la medida de lo posible, que est\u00e9 en el centro del hogar para tener la mejor cobertura de conexi\u00f3n.<\/strong><\/p>\n<p><strong>VELOCIDADES<\/strong><\/p>\n<p>Nuestros planes son ilimitados en cuanto a capacidad de descarga de datos.\u00a0 Sin embargo, las velocidades de conexi\u00f3n var\u00edan de acuerdo al plan contratado, por ejemplo: hasta 25Mbps implica que como m\u00e1ximo se podr\u00e1 navegar a velocidad de 25Mbps.<\/p>\n<p><strong>Importante:<\/strong>\u00a0los dispositivos que tengamos conectados a la red disminuyen el ancho de banda, porque la velocidad se reparte entre todas las conexiones.<\/p>\n<p>Los dispositivos como celulares, notebooks, routers, PCs, Xbox, repartidores, c\u00e1maras web de vigilancia, etc.,\u00a0<strong>consumen ancho de banda a\u00fan cuando no se est\u00e1n usando<\/strong>\u00a0-ya que descargan informaci\u00f3n de manera constante.<\/p>\n<p><strong>CAMBIAR DE CANAL<\/strong><br \/>\nHoy en d\u00eda todo el mundo utiliza redes WiFi, eso quiere decir que nuestra red compite con la de nuestros vecinos en el uso del espacio radioel\u00e9ctrico disponible. Los est\u00e1ndares modernos de WiFi incluyen protecciones contra interferencias pero es inevitable que se produzcan si hay muchas alrededor.<\/p>\n<p>Si tienes acceso a la configuraci\u00f3n del router, es posible cambiar el canal de emisi\u00f3n a uno con menos tr\u00e1fico. Hay aplicaciones para m\u00f3vil (como Wifi Analyzer) que escanean redes cercanas y te permiten saber qu\u00e9 canales est\u00e1n menos cargados.<\/p>\n<p><strong>PASAR A LOS 5GHZ<\/strong><br \/>\nSi todos los canales est\u00e1n saturados,\u00a0<strong>considera usar una red inal\u00e1mbrica que emita en 5 Ghz en lugar de 2,4 Ghz\u00a0<\/strong>(esta es la habitual en conexiones WiFi). Desde el \u00e1rea de configuraci\u00f3n del router, si es relativamente moderno, es posible crear estas redes.<\/p>\n<p>Las redes que emiten en 5 GHz tienen algo menos de alcance que las que emiten en 2,4 Ghz pero tambi\u00e9n suele ser un espacio m\u00e1s libre de interferencias. Aseg\u00farate de que tus dispositivos son compatibles con estas frecuencias. Algunos productos antiguos pueden ser compatibles s\u00f3lo con redes WiFi de 2,4 Ghz.<\/p>\n<p><strong>PROTEGER LA RED CON CONTRASE\u00d1A<\/strong><br \/>\nSi tenemos una red\u00a0<strong>no protegida<\/strong>\u00a0por un password o con una contrase\u00f1a WEP (un antiguo sistema de cifrado ya en desuso), es posible que alguien est\u00e9 usando nuestra red WiFi para conectarse a Internet, ocupando parte del ancho de banda disponible.<\/p>\n<p>Si el router permite ver qu\u00e9 dispositivos est\u00e1n conectados es conveniente hacer una auditor\u00eda y asegurarnos de que s\u00f3lo nuestros tel\u00e9fonos, computadoras y dispositivos est\u00e9n usando nuestra red.<\/p>\n<p>Cambiar la contrase\u00f1a de la WiFi de forma peri\u00f3dica o al menos evitar usar la que viene por defecto suele ser tambi\u00e9n una buena idea.<\/p>\n<p><strong>USAR REPETIDORES Y ROUTERS MESH<\/strong><br \/>\nSi vivimos en una casa de grandes dimensiones o con varias plantas, es posible que la se\u00f1al del router no llegue bien a todos los rincones. Hay dos buenas soluciones a este problema.<\/p>\n<p>La primera es\u00a0<strong>usar repetidores de red WiFi<\/strong>, peque\u00f1os adaptadores que extienden el \u00e1rea de cobertura. Pueden dar problemas cuando nos movemos entre el \u00e1rea de cobertura del router principal y el repetidor pero para dispositivos est\u00e1ticos, como una PC, pueden ser una buena soluci\u00f3n.<\/p>\n<p>Mejor a\u00fan es\u00a0<strong>usar routers wifi &#8220;mesh&#8221;<\/strong>\u00a0(malla en ingl\u00e9s), que son routers espec\u00edficamente dise\u00f1ados para coordinarse con varios puntos de acceso repartidos por la casa. Son un soluci\u00f3n que se ha popularizado en los \u00faltimos a\u00f1os y que funciona muy bien. Netgear Orbi, Google WiFi, Eero o TP-Link Deco son algunas de los sistemas de routers wifi &#8220;mesh&#8221; que est\u00e1n disponibles hoy en d\u00eda en el mercado. Muchos se venden en packs de dos y tres routers para cubrir grandes superficies.<\/p>\n<p><strong>\u00bfNUNCA APAGAS TUS EQUIPOS?<\/strong><\/p>\n<p>Prob\u00e1 peri\u00f3dicamente hacer una pausa de unos minutos, desconectando tanto el m\u00f3dem como los equipos para que tu wifi funcione mejor.<\/p>\n<p><strong>Recomendamos reiniciar el m\u00f3dem semanalmente, ya que algunos dispositivos se sincronizan y desincronizan de forma autom\u00e1tica.\u00a0<\/strong><\/p>\n<p>Haciendo esto, evitamos mantener conectados todos los dispositivos de forma perpetua y\u00a0<strong>tendremos una mejor experiencia de internet.<\/strong><\/p>\n<p><strong>TEST DE VELOCIDAD<\/strong><\/p>\n<p>Para realizar un test de velocidad v\u00e1lido y preciso, conviene conectar un dispositivo mediante cable de red al m\u00f3dem, te sugerimos que ingreses a la siguiente p\u00e1gina web:\u00a0 \u00a0\u00a0<a href=\"https:\/\/41sau.r.sp1-brevo.net\/mk\/cl\/f\/sh\/1t6Af4OiGsDg0dtECwUktAHTAZdnnO\/uwJdCRZ_9Dy2\" target=\"_blank\" rel=\"nofollow noopener\">https:\/\/cabase.speedtest.net<\/a><\/p>\n<p>Siguiendo estas recomendaciones podremos hacer \u00a0m\u00e1s eficiente nuestra conexi\u00f3n de Internet y recordemos que el uso de Internet en el domicilio es responsabilidad del usuario.<\/p>\n<p>&nbsp;<\/p>\n<\/div>\n<\/td>\n<\/tr>\n<\/tbody>\n<\/table>\n<\/td>\n<\/tr>\n<tr>\n<td class=\"ydp61ea41f5yiv3709051640r20-c ydp61ea41f5yiv3709051640nl2go-default-textstyle\" align=\"left\">\n<div>\n<p>&nbsp;<\/p>\n<p><strong>Desde la Cooperativa instaron a seguir haciendo un uso racional del consumo de energ\u00eda el\u00e9ctrica para prevenir un fuerte aumento en las pr\u00f3ximas facturas.<\/strong><\/p>\n<p>&nbsp;<\/p>\n<\/div>\n<\/td>\n<\/tr>\n<tr>\n<td class=\"ydp61ea41f5yiv3709051640r14-c\" align=\"center\"><img decoding=\"async\" src=\"https:\/\/ecp.yusercontent.com\/mail?url=https%3A%2F%2F41sau.img.sp1-brevo.net%2Fim%2Fsh%2FUpyLGfxupoUP.jpg%3Fu%3D2BpAyz2gMiWnco22ZZrj1smRcgWPxYEKQ6&amp;t=1710552442&amp;ymreqid=a1e28384-e738-286e-1c06-3a002b01bf00&amp;sig=bLuG_OaMRugFsxdbGB52Ug--~D\" border=\"0\" \/><\/td>\n<\/tr>\n<tr>\n<td class=\"ydp61ea41f5yiv3709051640r15-c\" align=\"left\"><\/td>\n<\/tr>\n<\/tbody>\n<\/table>\n<\/td>\n<\/tr>\n<\/tbody>\n<\/table>\n<\/th>\n<\/tr>\n<\/tbody>\n<\/table>\n<\/td>\n<\/tr>\n<\/tbody>\n<\/table>\n<table class=\"ydp61ea41f5yiv3709051640r7-o\" border=\"0\" width=\"100%\" cellspacing=\"0\" cellpadding=\"0\" align=\"center\">\n<tbody>\n<tr>\n<td class=\"ydp61ea41f5yiv3709051640r21-i\"><\/td>\n<\/tr>\n<\/tbody>\n<\/table>\n<table class=\"ydp61ea41f5yiv3709051640r7-o\" border=\"0\" width=\"100%\" cellspacing=\"0\" cellpadding=\"0\" align=\"center\">\n<tbody>\n<tr>\n<td class=\"ydp61ea41f5yiv3709051640r22-i\">\n<table border=\"0\" width=\"100%\" cellspacing=\"0\" cellpadding=\"0\">\n<tbody>\n<tr>\n<th class=\"ydp61ea41f5yiv3709051640r5-c\" valign=\"top\" width=\"100%\">\n<table class=\"ydp61ea41f5yiv3709051640r6-o\" border=\"0\" width=\"100%\" cellspacing=\"0\" cellpadding=\"0\">\n<tbody>\n<tr>\n<td class=\"ydp61ea41f5yiv3709051640r13-i\" valign=\"top\">\n<table border=\"0\" width=\"100%\" cellspacing=\"0\" cellpadding=\"0\">\n<tbody>\n<tr>\n<td class=\"ydp61ea41f5yiv3709051640r15-c\" align=\"left\">\n<table class=\"ydp61ea41f5yiv3709051640r10-o\" border=\"0\" width=\"100%\" cellspacing=\"0\" cellpadding=\"0\">\n<tbody>\n<tr>\n<td class=\"ydp61ea41f5yiv3709051640r23-i ydp61ea41f5yiv3709051640nl2go-default-textstyle\" align=\"center\" valign=\"top\">&nbsp;<\/p>\n<p>&nbsp;<\/td>\n<\/tr>\n<\/tbody>\n<\/table>\n<\/td>\n<\/tr>\n<\/tbody>\n<\/table>\n<\/td>\n<\/tr>\n<\/tbody>\n<\/table>\n<\/th>\n<\/tr>\n<\/tbody>\n<\/table>\n<\/td>\n<\/tr>\n<\/tbody>\n<\/table>\n","protected":false},"excerpt":{"rendered":"<p>LOS TEMAS ACTUALES. El Consejo de Administraci\u00f3n difundi\u00f3 informaciones relacionadas a CEPRAL. Recomendaron realizar las podas correctivas de los \u00e1rboles que interfieran en las l\u00edneas de cableado. \u00a0De este modo se evitar\u00e1n la interrupci\u00f3n de los Servicios de Energ\u00eda y Telecomunicaciones y los altos costos en los que deben incurrir para restaurar los da\u00f1os ocasionados. [&hellip;]<\/p>\n","protected":false},"author":3,"featured_media":24480,"comment_status":"open","ping_status":"open","sticky":false,"template":"","format":"standard","meta":{"footnotes":"","jetpack_publicize_message":"","jetpack_publicize_feature_enabled":true,"jetpack_social_post_already_shared":true,"jetpack_social_options":{"image_generator_settings":{"template":"highway","default_image_id":0,"font":"","enabled":false},"version":2}},"categories":[5],"tags":[29,848],"class_list":["post-24478","post","type-post","status-publish","format-standard","has-post-thumbnail","hentry","category-aqui-parada-robles","tag-cepral","tag-informe"],"jetpack_publicize_connections":[],"jetpack_featured_media_url":"https:\/\/revistaepocadigital.com.ar\/wp-content\/uploads\/2024\/03\/mail-3.jpeg","jetpack_likes_enabled":true,"_links":{"self":[{"href":"https:\/\/revistaepocadigital.com.ar\/index.php?rest_route=\/wp\/v2\/posts\/24478","targetHints":{"allow":["GET"]}}],"collection":[{"href":"https:\/\/revistaepocadigital.com.ar\/index.php?rest_route=\/wp\/v2\/posts"}],"about":[{"href":"https:\/\/revistaepocadigital.com.ar\/index.php?rest_route=\/wp\/v2\/types\/post"}],"author":[{"embeddable":true,"href":"https:\/\/revistaepocadigital.com.ar\/index.php?rest_route=\/wp\/v2\/users\/3"}],"replies":[{"embeddable":true,"href":"https:\/\/revistaepocadigital.com.ar\/index.php?rest_route=%2Fwp%2Fv2%2Fcomments&post=24478"}],"version-history":[{"count":0,"href":"https:\/\/revistaepocadigital.com.ar\/index.php?rest_route=\/wp\/v2\/posts\/24478\/revisions"}],"wp:featuredmedia":[{"embeddable":true,"href":"https:\/\/revistaepocadigital.com.ar\/index.php?rest_route=\/wp\/v2\/media\/24480"}],"wp:attachment":[{"href":"https:\/\/revistaepocadigital.com.ar\/index.php?rest_route=%2Fwp%2Fv2%2Fmedia&parent=24478"}],"wp:term":[{"taxonomy":"category","embeddable":true,"href":"https:\/\/revistaepocadigital.com.ar\/index.php?rest_route=%2Fwp%2Fv2%2Fcategories&post=24478"},{"taxonomy":"post_tag","embeddable":true,"href":"https:\/\/revistaepocadigital.com.ar\/index.php?rest_route=%2Fwp%2Fv2%2Ftags&post=24478"}],"curies":[{"name":"wp","href":"https:\/\/api.w.org\/{rel}","templated":true}]}}