{"id":24487,"date":"2024-03-19T00:15:34","date_gmt":"2024-03-19T03:15:34","guid":{"rendered":"https:\/\/revistaepocadigital.com.ar\/?p=24487"},"modified":"2024-03-19T12:01:14","modified_gmt":"2024-03-19T15:01:14","slug":"dos-amigos-en-la-inmensidad-de-la-cordillera-en-el-lugar-del-milagro-de-los-andes","status":"publish","type":"post","link":"https:\/\/revistaepocadigital.com.ar\/?p=24487","title":{"rendered":"Dos amigos en la inmensidad de la Cordillera, en el lugar del Milagro de los Andes"},"content":{"rendered":"<p><strong>LUIS BENAIM, ORIUNDO DE CAPILLA DEL SE\u00d1OR, QUIEN VIVE EN CAMPANA JUNTO A SU FAMILIA HACE A\u00d1OS, Y EL CAMPANENSE TONY ROMA\u00d1UK, VIAJARON Y VIVIERON UNA EXPERIENCIA MUY INTENSA.<\/strong><!--more--><\/p>\n<p>El accidente del vuelo 571 de la Fuerza A\u00e9rea Uruguaya ocurri\u00f3 el viernes 13 de octubre de 1972, cuando el Fairchild FH-227D, un vuelo ch\u00e1rter que el d\u00eda anterior hab\u00eda partido de Montevideo (Uruguay) con destino a Santiago (Chile), se estrell\u00f3 en la Cordillera de los Andes. El accidente a\u00e9reo y la supervivencia posterior se conocieron en el mundo como la tragedia de los Andes y milagro de los Andes, y con el paso del tiempo qued\u00f3 grabado en millones y millones de personas en el mundo ante el inmenso drama vivido.<\/p>\n<p>Mientras el avi\u00f3n cruzaba los Andes, las nubes cubr\u00edan las monta\u00f1as.1\u200b Los pilotos creyeron err\u00f3neamente que la aeronave hab\u00eda sobrevolado Curic\u00f3 (Chile), donde virar\u00eda al norte para iniciar su descenso al Aeropuerto Los Cerrillos de la capital chilena. No se dieron cuenta de que las lecturas de los instrumentos indicaban que todav\u00eda estaba a entre 60 y 70 km de Curic\u00f3.<\/p>\n<figure id=\"attachment_24505\" aria-describedby=\"caption-attachment-24505\" style=\"width: 480px\" class=\"wp-caption aligncenter\"><img loading=\"lazy\" decoding=\"async\" class=\"size-full wp-image-24505\" src=\"https:\/\/revistaepocadigital.com.ar\/wp-content\/uploads\/2024\/03\/bena-cabalalos.jpg\" alt=\"\" width=\"480\" height=\"640\" srcset=\"https:\/\/revistaepocadigital.com.ar\/wp-content\/uploads\/2024\/03\/bena-cabalalos.jpg 480w, https:\/\/revistaepocadigital.com.ar\/wp-content\/uploads\/2024\/03\/bena-cabalalos-225x300.jpg 225w, https:\/\/revistaepocadigital.com.ar\/wp-content\/uploads\/2024\/03\/bena-cabalalos-315x420.jpg 315w\" sizes=\"auto, (max-width: 480px) 100vw, 480px\" \/><figcaption id=\"caption-attachment-24505\" class=\"wp-caption-text\">La cabalgata rumbo al punto donde cay\u00f3 el avi\u00f3n y la cordillera.<\/figcaption><\/figure>\n<p>La aeronave comenz\u00f3 a descender antes de tiempo mientras a\u00fan sobrevolaba los Andes, impactando contra el filo de una monta\u00f1a. Ambas alas y la secci\u00f3n de cola se desprendieron del fuselaje. El resto del fuselaje se desliz\u00f3 por la monta\u00f1a a una velocidad aproximada de 350 km\/h, descendi\u00f3 unos 725 metros y se estrell\u00f3 contra el hielo y la nieve del glaciar Las L\u00e1grimas a 3570 metros sobre el nivel del mar en la Cordillera y en el Departamento Malarg\u00fce, en Mendoza. Las autoridades comenzaron inmediatamente la b\u00fasqueda del avi\u00f3n y sobrevolaron el lugar del accidente varias veces durante los d\u00edas siguientes, pero no lograron divisar el fuselaje blanco contra la nieve. El 21 de octubre los esfuerzos de b\u00fasqueda se cancelaron.<\/p>\n<p>La aeronave transportaba a 5 tripulantes y 40 pasajeros, incluidos 19 miembros del equipo de rugby Old Christians Club, junto con algunos familiares, simpatizantes y amigos.2\u200b3\u200b Tres miembros de la tripulaci\u00f3n y diez pasajeros murieron por el impacto y cuatro personas fallecieron durante la primera noche debido a las g\u00e9lidas temperaturas y a sus graves heridas. En las semanas posteriores fallecieron doce m\u00e1s, entre ellos ocho por un alud de nieve.<\/p>\n<figure id=\"attachment_24512\" aria-describedby=\"caption-attachment-24512\" style=\"width: 400px\" class=\"wp-caption aligncenter\"><img loading=\"lazy\" decoding=\"async\" class=\"size-full wp-image-24512\" src=\"https:\/\/revistaepocadigital.com.ar\/wp-content\/uploads\/2024\/03\/bena-mausole.jpg\" alt=\"\" width=\"400\" height=\"300\" srcset=\"https:\/\/revistaepocadigital.com.ar\/wp-content\/uploads\/2024\/03\/bena-mausole.jpg 400w, https:\/\/revistaepocadigital.com.ar\/wp-content\/uploads\/2024\/03\/bena-mausole-300x225.jpg 300w, https:\/\/revistaepocadigital.com.ar\/wp-content\/uploads\/2024\/03\/bena-mausole-80x60.jpg 80w, https:\/\/revistaepocadigital.com.ar\/wp-content\/uploads\/2024\/03\/bena-mausole-160x120.jpg 160w, https:\/\/revistaepocadigital.com.ar\/wp-content\/uploads\/2024\/03\/bena-mausole-265x198.jpg 265w\" sizes=\"auto, (max-width: 400px) 100vw, 400px\" \/><figcaption id=\"caption-attachment-24512\" class=\"wp-caption-text\">El mausoleo en donde cay\u00f3 el avi\u00f3n.<\/figcaption><\/figure>\n<p>Los 16 sobrevivientes sufrieron penurias extremas \u2014como la congelaci\u00f3n, la sed y el hambre\u2014 que los llevaron a recurrir a la antropofagia. Cuando el clima mejor\u00f3 con la proximidad del verano austral, el 12 de diciembre Nando Parrado y Roberto Canessa escalaron sin equipo un pico monta\u00f1oso de 4650 metros sobre el nivel del mar y descendieron hacia Chile, donde se encontraron con el arriero Sergio Catal\u00e1n,\u200b que posibilit\u00f3 su rescate el 21 de diciembre, tras recorrer unos 60 km. El 23 de diciembre de 1972, 72 d\u00edas despu\u00e9s del accidente, se rescataron a los \u00faltimos sobrevivientes que hab\u00edan quedado en el fuselaje, ya que no pod\u00edan ir todos, por el riesgo de ca\u00edda<strong>. El milagro de los andes,<\/strong> se hab\u00eda consumado y entrado en la historia.<\/p>\n<figure id=\"attachment_24504\" aria-describedby=\"caption-attachment-24504\" style=\"width: 480px\" class=\"wp-caption aligncenter\"><img loading=\"lazy\" decoding=\"async\" class=\"size-full wp-image-24504\" src=\"https:\/\/revistaepocadigital.com.ar\/wp-content\/uploads\/2024\/03\/bena-avion.jpg\" alt=\"\" width=\"480\" height=\"360\" srcset=\"https:\/\/revistaepocadigital.com.ar\/wp-content\/uploads\/2024\/03\/bena-avion.jpg 480w, https:\/\/revistaepocadigital.com.ar\/wp-content\/uploads\/2024\/03\/bena-avion-300x225.jpg 300w, https:\/\/revistaepocadigital.com.ar\/wp-content\/uploads\/2024\/03\/bena-avion-80x60.jpg 80w, https:\/\/revistaepocadigital.com.ar\/wp-content\/uploads\/2024\/03\/bena-avion-160x120.jpg 160w, https:\/\/revistaepocadigital.com.ar\/wp-content\/uploads\/2024\/03\/bena-avion-265x198.jpg 265w\" sizes=\"auto, (max-width: 480px) 100vw, 480px\" \/><figcaption id=\"caption-attachment-24504\" class=\"wp-caption-text\">Restos del avi\u00f3n<\/figcaption><\/figure>\n<p>La intensidad y la conmoci\u00f3n mundial se adue\u00f1aron de tama\u00f1a historia que a\u00fan hoy sigue perdurando, y una muestra es la cantidad de hombres e incluso mujeres, peregrinaron a trav\u00e9s de los a\u00f1os hacia el lugar de la tragedia en los Andes. Hace poco dos que acometieron el desaf\u00edo, no exento de esfuerzo y de atravesar d\u00edas y noches en plena monta\u00f1a, fueron dos amigos que viven en la ciudad de Campana. Uno de ellos fue<strong> Luis Benaim, oriundo de Capilla del Se\u00f1or<\/strong>, integrante de una familia muy conocida, quien vive en Campana junto a su familia (su esposa Marcela, 3 hijos y 5 nietos) desde hace a\u00f1os, y encabeza la firma Grupo M\u00e1rquez. El otro su amigo <strong>Antonio &#8220;Tony&#8221; Roma\u00f1uk,<\/strong> mentor de la idea.<\/p>\n<p><em>&#8220;La traves\u00eda digamos, comenz\u00f3 con el viaje en auto hasta San Rafael, Mendoza. All\u00ed despu\u00e9s de dormir una noche en un hotel, al d\u00eda siguiente y reconozco que ya estabamos algo ansiosos, temprano salimos hacia el Sos\u00f1ado, hasta un parador ubicado a unos 130 kms. Una vez llegados al lugar, nos encontramos con los gu\u00edas con quienes ibamos a viajar hasta el lugar del accidente. Continuamos despu\u00e9s con el grupo, eramos siete en total, en un veh\u00edculo de ellos hasta un hotel abandonado en el Paraje Soler, ex puesto de Gendarmer\u00eda, andando por senderos de ripio unos 60 kms, y en ese momento ya sin se\u00f1al en los celulares&#8221;,<\/em> cont\u00f3 Luis Benaim a EPOCA.<\/p>\n<p>&nbsp;<\/p>\n<figure id=\"attachment_24492\" aria-describedby=\"caption-attachment-24492\" style=\"width: 600px\" class=\"wp-caption aligncenter\"><img loading=\"lazy\" decoding=\"async\" class=\"size-full wp-image-24492\" src=\"https:\/\/revistaepocadigital.com.ar\/wp-content\/uploads\/2024\/03\/bena-caba.jpg\" alt=\"\" width=\"600\" height=\"450\" srcset=\"https:\/\/revistaepocadigital.com.ar\/wp-content\/uploads\/2024\/03\/bena-caba.jpg 600w, https:\/\/revistaepocadigital.com.ar\/wp-content\/uploads\/2024\/03\/bena-caba-300x225.jpg 300w, https:\/\/revistaepocadigital.com.ar\/wp-content\/uploads\/2024\/03\/bena-caba-80x60.jpg 80w, https:\/\/revistaepocadigital.com.ar\/wp-content\/uploads\/2024\/03\/bena-caba-160x120.jpg 160w, https:\/\/revistaepocadigital.com.ar\/wp-content\/uploads\/2024\/03\/bena-caba-265x198.jpg 265w, https:\/\/revistaepocadigital.com.ar\/wp-content\/uploads\/2024\/03\/bena-caba-560x420.jpg 560w\" sizes=\"auto, (max-width: 600px) 100vw, 600px\" \/><figcaption id=\"caption-attachment-24492\" class=\"wp-caption-text\">Benaim a punto de retomar la cabalgata rumbo a la monta\u00f1a.<\/figcaption><\/figure>\n<p><em>&#8220;Una vez que llegamos al hotel abandonado<\/em> -relataron Benaim y Roma\u00f1uk-,<em> hicimos noche ah\u00ed y tuvimos que dormir en carpa. S\u00ed, se not\u00f3 la temperatura baja, si bien durante el d\u00eda se pon\u00eda m\u00e1s agradable. Uno de los &#8220;problemas&#8221; fue al momento de tener que ba\u00f1arnos, con agua helada!, no quedaba otra!; no hab\u00eda electricidad. Por suerte entre los muchachos que viajaron orient\u00e1ndonos a nosotros, hab\u00eda un chef!, incre\u00edble. Esa noche cocin\u00f3 provoletas y empanadas de liebre y chivito al asador!; las comunicaciones se hac\u00edan con un aparato con se\u00f1al satelital, sin embargo en el camino tampoco pod\u00edamos comunicarnos&#8221;.<\/em><\/p>\n<figure id=\"attachment_24494\" aria-describedby=\"caption-attachment-24494\" style=\"width: 528px\" class=\"wp-caption aligncenter\"><img loading=\"lazy\" decoding=\"async\" class=\"size-full wp-image-24494\" src=\"https:\/\/revistaepocadigital.com.ar\/wp-content\/uploads\/2024\/03\/bena-resto-avion.jpg\" alt=\"\" width=\"528\" height=\"704\" srcset=\"https:\/\/revistaepocadigital.com.ar\/wp-content\/uploads\/2024\/03\/bena-resto-avion.jpg 528w, https:\/\/revistaepocadigital.com.ar\/wp-content\/uploads\/2024\/03\/bena-resto-avion-225x300.jpg 225w, https:\/\/revistaepocadigital.com.ar\/wp-content\/uploads\/2024\/03\/bena-resto-avion-315x420.jpg 315w\" sizes=\"auto, (max-width: 528px) 100vw, 528px\" \/><figcaption id=\"caption-attachment-24494\" class=\"wp-caption-text\">Placas recordatorias, partes del avi\u00f3n ca\u00eddo en 1972. Un lugar que encierra mucha emoci\u00f3n.<\/figcaption><\/figure>\n<p>Al d\u00eda siguiente comenz\u00f3 la parte m\u00e1s dif\u00edcil para recorrer, todos a caballo dado que no hay otra forma; cargaron v\u00edveres y parte del equipamiento en unas mulas y emprendieron el pen\u00faltimo tramo rodeados por la inmensidad de la cordillera.<em> &#8220;Fueron 5 horas a caballo<\/em> -record\u00f3 Luis Benaim- <em>y paramos dos veces; con mi amigo Tony casi no hab\u00edamos andado a caballo en nuestras vidas. En mi caso antes de viajar a Mendoza, me &#8220;entren\u00e9&#8221; un par de d\u00edas subi\u00e9ndome a unos caballos que me prest\u00f3 Humbertito Herrera y de paso me dio algunos consejos, ja!&#8221;, record\u00f3 Benaim. Una vez en el campamento base, &#8220;por suerte! hab\u00eda carpas armadas, comedor, ba\u00f1os y hasta comimos paella!&#8221;. Ah\u00ed ya est\u00e1bamos a 2500 metros sobre el nivel del mar, sol durante el d\u00eda, agradable, y fr\u00edo a la noche&#8221;<\/em>.<\/p>\n<p>La aventura iba a proseguir al d\u00eda siguiente, bien temprano, hacia el gran destino. Llegar en plena cordillera, al lugar del tremendo accidente que entr\u00f3 en la historia. &#8220;<em>Volvimos a subirnos a los caballos y andar se ha dicho, se sum\u00f3 un baqueano para indicar al grupo los lugares por donde cruzar los r\u00edos caudalosos que hay. Fueron unas 4 horas cabalgando hasta llegar al lugar donde cay\u00f3 el avi\u00f3n, a 3600 metros de altura. &#8220;La verdad encontranos con Tony en el lugar nos sensibiliz\u00f3 mucho, pensamos lo que hab\u00eda ocurrido alli en el a\u00f1o \u00b472, esos muchachos uruguayos que murieron, las penurias tremendas de los que sobrevivieron. La verdad fueron momentos muy emotivos, y m\u00e1s a\u00fan viendo la inmensidad de la cordillera y toda su inmensidad&#8221;,<\/em> remarc\u00f3 Benaim.<\/p>\n<figure id=\"attachment_24503\" aria-describedby=\"caption-attachment-24503\" style=\"width: 450px\" class=\"wp-caption aligncenter\"><img loading=\"lazy\" decoding=\"async\" class=\"size-full wp-image-24503\" src=\"https:\/\/revistaepocadigital.com.ar\/wp-content\/uploads\/2024\/03\/benaa-caballos-montan-rotated-e1710858315749.jpg\" alt=\"\" width=\"450\" height=\"474\" srcset=\"https:\/\/revistaepocadigital.com.ar\/wp-content\/uploads\/2024\/03\/benaa-caballos-montan-rotated-e1710858315749.jpg 450w, https:\/\/revistaepocadigital.com.ar\/wp-content\/uploads\/2024\/03\/benaa-caballos-montan-rotated-e1710858315749-285x300.jpg 285w, https:\/\/revistaepocadigital.com.ar\/wp-content\/uploads\/2024\/03\/benaa-caballos-montan-rotated-e1710858315749-399x420.jpg 399w\" sizes=\"auto, (max-width: 450px) 100vw, 450px\" \/><figcaption id=\"caption-attachment-24503\" class=\"wp-caption-text\">En plena traves\u00eda a caballo<\/figcaption><\/figure>\n<p>En el lugar del accidente, donde fueron levantados monolitos en recuerdo y tapizados con placas recordatorias, en tanto ya son muy pocos los restos del avi\u00f3n ca\u00eddo, dado que la gran parte fue retirada. &#8220;E<em>stuvimos alrededor de una hora y media donde cay\u00f3 el avi\u00f3n, y despu\u00e9s de esa experiencia b\u00e1rbara, inolvidable, fueron momentos fuertes estar ah\u00ed; no hab\u00eda nieve pero con solo pensar lo que vivieron los muchachos uruguayos, no lo pod\u00edamos creer. Y lo que son las cosas de la vida; si cuando salieron a buscar auxilio lo hubieran hecho en sentido a la Argentina, en 2 d\u00edas habr\u00edan encontrado gente. En cambio se enfocaron hacia Chile y eso les llev\u00f3 7 d\u00edas, en la pel\u00edcula estrenada hace poco se explica sobre esa decisi\u00f3n. En fin a nosotros se nos cruzaron mil cosas por nuestras cabezas, acerca de lo que les toc\u00f3 vivir a esa gente, tremendo&#8221;.<\/em><\/p>\n<p><img loading=\"lazy\" decoding=\"async\" class=\"aligncenter size-full wp-image-24510\" src=\"https:\/\/revistaepocadigital.com.ar\/wp-content\/uploads\/2024\/03\/bena-casaa-bande.jpg\" alt=\"\" width=\"400\" height=\"300\" srcset=\"https:\/\/revistaepocadigital.com.ar\/wp-content\/uploads\/2024\/03\/bena-casaa-bande.jpg 400w, https:\/\/revistaepocadigital.com.ar\/wp-content\/uploads\/2024\/03\/bena-casaa-bande-300x225.jpg 300w, https:\/\/revistaepocadigital.com.ar\/wp-content\/uploads\/2024\/03\/bena-casaa-bande-80x60.jpg 80w, https:\/\/revistaepocadigital.com.ar\/wp-content\/uploads\/2024\/03\/bena-casaa-bande-160x120.jpg 160w, https:\/\/revistaepocadigital.com.ar\/wp-content\/uploads\/2024\/03\/bena-casaa-bande-265x198.jpg 265w\" sizes=\"auto, (max-width: 400px) 100vw, 400px\" \/><\/p>\n<p>Atr\u00e1s una vez emprendido el regreso por Luis y Tony su amigo a quien ahora se le ha ocurrido ir a Chile a caballo y cruzando la cordillera, fueron perdi\u00e9ndose en los ojos, el monumento, las placas, monolitos de m\u00e1rmol y la imponencia de las monta\u00f1as, un valle inconmensurable, lagos con agua cristalina, vega (en medio monta\u00f1a unos 50m2 de verde, aguas termales, las estrellas en las noches m\u00e1s cerca que nunca.<em> &#8220;Fue una muy linda experiencia&#8221;<\/em>, coincidieron ambos. Les qued\u00f3 volver sobre sus pasos junto al mismo grupo, hasta de nuevo en el auto en que viajaron, retornar a San Rafael.<\/p>\n<p>El objetivo, cargado de significado y emoci\u00f3n,<strong> lo hab\u00edan cumplido. Y los dos amigos no olvidar\u00e1n m\u00e1s la experiencia vivida.<\/strong><\/p>\n<p>&nbsp;<\/p>\n","protected":false},"excerpt":{"rendered":"<p>LUIS BENAIM, ORIUNDO DE CAPILLA DEL SE\u00d1OR, QUIEN VIVE EN CAMPANA JUNTO A SU FAMILIA HACE A\u00d1OS, Y EL CAMPANENSE TONY ROMA\u00d1UK, VIAJARON Y VIVIERON UNA EXPERIENCIA MUY INTENSA.<\/p>\n","protected":false},"author":4,"featured_media":24502,"comment_status":"open","ping_status":"open","sticky":false,"template":"","format":"standard","meta":{"footnotes":"","jetpack_publicize_message":"","jetpack_publicize_feature_enabled":true,"jetpack_social_post_already_shared":true,"jetpack_social_options":{"image_generator_settings":{"template":"highway","default_image_id":0,"font":"","enabled":false},"version":2}},"categories":[15],"tags":[2678,37,2680,2679],"class_list":["post-24487","post","type-post","status-publish","format-standard","has-post-thumbnail","hentry","category-lo-que-tenes-que-saber","tag-benaim","tag-destacada","tag-tragedia","tag-tragedia-de-los-andes"],"jetpack_publicize_connections":[],"jetpack_featured_media_url":"https:\/\/revistaepocadigital.com.ar\/wp-content\/uploads\/2024\/03\/bena-tony-ono.jpg","jetpack_likes_enabled":true,"_links":{"self":[{"href":"https:\/\/revistaepocadigital.com.ar\/index.php?rest_route=\/wp\/v2\/posts\/24487","targetHints":{"allow":["GET"]}}],"collection":[{"href":"https:\/\/revistaepocadigital.com.ar\/index.php?rest_route=\/wp\/v2\/posts"}],"about":[{"href":"https:\/\/revistaepocadigital.com.ar\/index.php?rest_route=\/wp\/v2\/types\/post"}],"author":[{"embeddable":true,"href":"https:\/\/revistaepocadigital.com.ar\/index.php?rest_route=\/wp\/v2\/users\/4"}],"replies":[{"embeddable":true,"href":"https:\/\/revistaepocadigital.com.ar\/index.php?rest_route=%2Fwp%2Fv2%2Fcomments&post=24487"}],"version-history":[{"count":0,"href":"https:\/\/revistaepocadigital.com.ar\/index.php?rest_route=\/wp\/v2\/posts\/24487\/revisions"}],"wp:featuredmedia":[{"embeddable":true,"href":"https:\/\/revistaepocadigital.com.ar\/index.php?rest_route=\/wp\/v2\/media\/24502"}],"wp:attachment":[{"href":"https:\/\/revistaepocadigital.com.ar\/index.php?rest_route=%2Fwp%2Fv2%2Fmedia&parent=24487"}],"wp:term":[{"taxonomy":"category","embeddable":true,"href":"https:\/\/revistaepocadigital.com.ar\/index.php?rest_route=%2Fwp%2Fv2%2Fcategories&post=24487"},{"taxonomy":"post_tag","embeddable":true,"href":"https:\/\/revistaepocadigital.com.ar\/index.php?rest_route=%2Fwp%2Fv2%2Ftags&post=24487"}],"curies":[{"name":"wp","href":"https:\/\/api.w.org\/{rel}","templated":true}]}}