{"id":2449,"date":"2019-05-21T21:22:24","date_gmt":"2019-05-22T00:22:24","guid":{"rendered":"https:\/\/revistaepocadigital.com.ar\/?p=2449"},"modified":"2019-05-28T17:25:35","modified_gmt":"2019-05-28T20:25:35","slug":"diego-nanni-candidato-a-intendente-me-propondre-y-seguramente-con-algun-frente-electoral-con-defensa-comunal","status":"publish","type":"post","link":"https:\/\/revistaepocadigital.com.ar\/?p=2449","title":{"rendered":"Diego Nanni candidato a intendente con el respaldo de un frente electoral con Defensa Comunal"},"content":{"rendered":"<p><strong>EL NUCLEAMIENTO\u00a0 POL\u00cdTICO NACIONAL QUE ACOMPAR\u00cdA A NANNI EN SU POSTULACI\u00d3N, SER\u00cdA UNIDAD CIUDADANA.<\/strong><!--more--><\/p>\n<p>Se juega los minutos finales del &#8220;partido&#8221; que ha de finalizar en junio cuando queden fijadas alianzas\/frentes electorales y candidatos para las elecciones primarias <strong>(PASO)<\/strong>, primer paso electoral que<strong> definir\u00e1n candidatos<\/strong> para las elecciones de octubre, y que finalmente determinar\u00e1n el ajedrez pol\u00edtico en el presente en plena etapa de elaboraci\u00f3n.<\/p>\n<p>El clima pol\u00edtico in crescendo, sin dudas, \u00bfacaso vale la pena reiterar, <strong>lo mucho que hay en juego<\/strong> pol\u00edticamente con la meta tan preciada y buscada, hacerse cargo del manejo del municipio para los pr\u00f3ximos cuatro a\u00f1os, fruto de los resultados que arrojen las urnas. <strong>\u00bfContiunidad de la gesti\u00f3n actual o entrada de una administraci\u00f3n de un signo diferente?<\/strong>. <strong>Diego Nanni,<\/strong> actual secretario de la comuna, tal vez el primero que dio a conocer su intenci\u00f3n de ser el pr\u00f3ximo intendente, tambi\u00e9n se encuentra inmerso en la din\u00e1micaque derivar\u00e1 en un candidato oficializado. Entrevista por EPOCA, <strong>Nanni dej\u00f3 dichos puntuales, certeros y para leer con lupa,<\/strong> considerando especulaciones que han circulado.<\/p>\n<p><strong>LOS PASACALLES.<\/strong><\/p>\n<p>-Ante la aparici\u00f3n de pasacalles con la menci\u00f3n &#8220;Diego Nanni, mi candidato&#8221;, vecinos se preguntan m\u00e1s all\u00e1 de saber su decisi\u00f3n conocida para aspirar a ser intendente, a que <em>partido, frente o coalici\u00f3n representar\u00e1?<\/em><br \/>\n<em>-Mi intenci\u00f3n de proponerme como candidato a intendente ya tiene algunos a\u00f1os. En la inauguraci\u00f3n de la Agrupaci\u00f3n Justicialista en la cual milito, hace 3 a\u00f1os, hice p\u00fablica mi intenci\u00f3n de postularme acompa\u00f1ado de Ricardo Bozzani. Ahora bien, como es sabido, sigo militando en el Partido Justicialista y <strong>desde all\u00ed me propondr\u00e9 y seguramente con alg\u00fan frente electoral con Defensa Comunal. <\/strong><\/em><em>No puedo aventurarme en cuanto al armado justicialista en el orden nacional, eso debiera definirse en estos d\u00edas.<\/em><\/p>\n<figure id=\"attachment_2457\" aria-describedby=\"caption-attachment-2457\" style=\"width: 576px\" class=\"wp-caption aligncenter\"><img loading=\"lazy\" decoding=\"async\" class=\"size-full wp-image-2457\" src=\"https:\/\/revistaepocadigital.com.ar\/wp-content\/uploads\/2019\/05\/nanni-san1.jpg\" alt=\"\" width=\"576\" height=\"432\" srcset=\"https:\/\/revistaepocadigital.com.ar\/wp-content\/uploads\/2019\/05\/nanni-san1.jpg 576w, https:\/\/revistaepocadigital.com.ar\/wp-content\/uploads\/2019\/05\/nanni-san1-300x225.jpg 300w, https:\/\/revistaepocadigital.com.ar\/wp-content\/uploads\/2019\/05\/nanni-san1-80x60.jpg 80w, https:\/\/revistaepocadigital.com.ar\/wp-content\/uploads\/2019\/05\/nanni-san1-160x120.jpg 160w, https:\/\/revistaepocadigital.com.ar\/wp-content\/uploads\/2019\/05\/nanni-san1-265x198.jpg 265w, https:\/\/revistaepocadigital.com.ar\/wp-content\/uploads\/2019\/05\/nanni-san1-560x420.jpg 560w\" sizes=\"auto, (max-width: 576px) 100vw, 576px\" \/><figcaption id=\"caption-attachment-2457\" class=\"wp-caption-text\">Nanni se ha postulado, S\u00e1nchez no lo descarta, Bozzani medida en encuestas.<\/figcaption><\/figure>\n<p><strong>LAS REUNIONES DE TODOS LOS SECTORES DEL PERONISMO.<\/strong><\/p>\n<p>-Ha participado en reuniones con todos los sectores del justicialismo exaltacruce\u00f1o, lo que no ha dejado de resultar un dato politico, \u00bfpuede darse que el PJ tambi\u00e9n lo presente como candidato?, y en tal sentido \u00bfcompetir\u00eda en las PASO con otro precandidato?<br \/>\n<em>-En Exaltaci\u00f3n de la Cruz, la <strong>mayor\u00eda de las Agrupaciones Justicialistas, hemos tomado contacto<\/strong> y nos hemos reunido, poniendo sobre la mesa nuestras intenciones de participar en la planificaci\u00f3n de las pol\u00edticas de gobierno local. Not\u00e9 una mesa muy homog\u00e9nea en cuanto a las convicciones y plan de gobierno, y sobretodo una fuerte intenci\u00f3n de trabajar juntos contra las pol\u00edticas planteadas por el gobierno nacional actual. De estas reuniones <strong>puede haber consenso<\/strong> para que haya un candidato que nos represente a todos y de ser ese, me sentir\u00eda muy orgulloso y muy c\u00f3modo.<\/em><\/p>\n<p><strong>EL RESPALDO DE LA ACTUAL GESTI\u00d3N MUNICIPAL.<\/strong><\/p>\n<p>-Hace poco, el secretario de coordinaci\u00f3n del municipio,<strong> Guillermo Flores<\/strong>, sobre quien pocos dudan acerca de su influencia en la gesti\u00f3n comunal actual, declar\u00f3 que lo respaldaban como \u00fanico candidato. A prop\u00f3sito de sus dichos, especulaciones surgidas del arco pol\u00edtico local dejaron entrever que su candidatura podr\u00eda no contar con el respaldo pleno del oficialismo.<br \/>\n<em><strong>-Estoy casi seguro que contar\u00e9 con el apoyo de la actual gesti\u00f3n. Nos conocemos, trabajamos juntos y sabremos convivir,<\/strong> <\/em>ya tenemos experiencia en esto \u00faltimo. El <em><strong>\u00fanico ruido qu\u00e9 hay que atender, es que a la hora de la definici\u00f3n acerca de cual ser\u00e1 la lista nacional a acompa\u00f1ar,<\/strong> <\/em>en ese momento, Defensa Comunal deber\u00e1 tener el consenso y acompa\u00f1amiento de sus militantes. Soy muy optimista que van a saber decidirse.<\/p>\n<p><strong>LAS ENCUESTAS TELEFONICAS Y TENER EN CUENTA A ADRI\u00c1N S\u00c1NCHEZ.<\/strong><\/p>\n<p>-En recientes encuestas telef\u00f3nicas, donde se solicitaban opiniones sobre distintos t\u00f3picos, en el momento de requerir la respuesta sobre candidatos a intendente preferidos, se inclu\u00eda los nombres de Adri\u00e1n Sanchez, actual jefe comunal, y Mar\u00eda Luz Bozzani ahora coordinadora de salud. Que reflexion le merece?<br \/>\n<em><strong>-Creo qu\u00e9 hay que tener en cuenta a Adri\u00e1n<\/strong><\/em>,<em> porque es el actual intendente y <strong>podr\u00eda tener continuidad,<\/strong> ya que le quedar\u00eda un per\u00edodo m\u00e1s. Y en el caso de Mar\u00eda Luz, es uno de los cuadros con buena proyecci\u00f3n.<\/em><br \/>\n<em>Creo que la medici\u00f3n sirve porque nos da sinergia en la planificaci\u00f3n a futuro. Que se los mida en cuanto a la intenci\u00f3n de voto de la gente,<strong> no significa que ponga en duda mi candidatura<\/strong><\/em><strong>.<\/strong><\/p>\n<figure id=\"attachment_2459\" aria-describedby=\"caption-attachment-2459\" style=\"width: 460px\" class=\"wp-caption aligncenter\"><img loading=\"lazy\" decoding=\"async\" class=\"size-full wp-image-2459\" src=\"https:\/\/revistaepocadigital.com.ar\/wp-content\/uploads\/2019\/05\/nanni.1.jpg\" alt=\"\" width=\"460\" height=\"456\" srcset=\"https:\/\/revistaepocadigital.com.ar\/wp-content\/uploads\/2019\/05\/nanni.1.jpg 460w, https:\/\/revistaepocadigital.com.ar\/wp-content\/uploads\/2019\/05\/nanni.1-150x150.jpg 150w, https:\/\/revistaepocadigital.com.ar\/wp-content\/uploads\/2019\/05\/nanni.1-300x297.jpg 300w, https:\/\/revistaepocadigital.com.ar\/wp-content\/uploads\/2019\/05\/nanni.1-424x420.jpg 424w\" sizes=\"auto, (max-width: 460px) 100vw, 460px\" \/><figcaption id=\"caption-attachment-2459\" class=\"wp-caption-text\">Est\u00e1 &#8220;casi seguro&#8221; que contar\u00e1 con el apoy<\/figcaption><\/figure>\n<p><strong>EL ANUNCIO DE LA FORMULA ALBERTO FERN\u00c1NDEZ PARA PRESIDENTE Y CRISTINA COMO CANDIDATA A VICE.<\/strong><\/p>\n<p>-El reciente anuncio relacionado a que Alberto Fern\u00e1ndez ser\u00e1 candidato a presidente y Cristina Fern\u00e1ndez a vicepresidente en las PASO por Unidad Ciudadana, \u00bfque efectos o derivaciones puede generar en el \u00e1mbito de Exaltaci\u00f3n de la Cruz, y mas precisamente a la hora de definir candidatos y eventuales alianzas?<br \/>\n<strong><em>-Hay que tomar en cuenta el gesto de Cristina Fern\u00e1ndez<\/em><\/strong>, <em>trabajar en esa l\u00ednea por la unidad de los espacios justicialistas para tener mayor fuerza en las elecciones.<\/em><br \/>\n<em>En Exaltaci\u00f3n de la Cruz espec\u00edficamente, creo que la decisi\u00f3n o anuncio mejor dicho, abre la puerta a las negociaciones, descomprime mucho.<\/em><\/p>\n<p><strong>ESPERA UN PERONISMO UNIDO Y ALL\u00cd JUGAR\u00c1 EL OFICIALISMO.<\/strong><\/p>\n<p>-\u00bfQue ha de determinar que el oficialismo en Exaltaci\u00f3n de la Cruz, resuelva volcarse hacia determinada corriente pol\u00edtica para en principio las PASO, y luego las elecciones generales. Sin dudas es una decisi\u00f3n clave.<br \/>\n<em>-Sobre todo la propuesta final, <strong>todos esperamos un peronismo unido<\/strong> y <strong>all\u00ed jugar\u00e1 el oficialismo.<\/strong> Donde se encuentren representadas la mayor\u00eda de las intenciones justicialistas.<\/em><\/p>\n<p>Las declaraciones de <strong>Diego Nanni, para sacar punta al l\u00e1piz.<\/strong><\/p>\n","protected":false},"excerpt":{"rendered":"<p>EL NUCLEAMIENTO\u00a0 POL\u00cdTICO NACIONAL QUE ACOMPAR\u00cdA A NANNI EN SU POSTULACI\u00d3N, SER\u00cdA UNIDAD CIUDADANA.<\/p>\n","protected":false},"author":4,"featured_media":2461,"comment_status":"open","ping_status":"open","sticky":false,"template":"","format":"standard","meta":{"footnotes":"","jetpack_publicize_message":"","jetpack_publicize_feature_enabled":true,"jetpack_social_post_already_shared":false,"jetpack_social_options":{"image_generator_settings":{"template":"highway","default_image_id":0,"font":"","enabled":false},"version":2}},"categories":[17],"tags":[340,37,66],"class_list":["post-2449","post","type-post","status-publish","format-standard","has-post-thumbnail","hentry","category-politica","tag-candidaturas","tag-destacada","tag-nanni"],"jetpack_publicize_connections":[],"jetpack_featured_media_url":"https:\/\/revistaepocadigital.com.ar\/wp-content\/uploads\/2019\/05\/48429508_10218219523783414_298304827534868480_n.jpg","jetpack_likes_enabled":true,"_links":{"self":[{"href":"https:\/\/revistaepocadigital.com.ar\/index.php?rest_route=\/wp\/v2\/posts\/2449","targetHints":{"allow":["GET"]}}],"collection":[{"href":"https:\/\/revistaepocadigital.com.ar\/index.php?rest_route=\/wp\/v2\/posts"}],"about":[{"href":"https:\/\/revistaepocadigital.com.ar\/index.php?rest_route=\/wp\/v2\/types\/post"}],"author":[{"embeddable":true,"href":"https:\/\/revistaepocadigital.com.ar\/index.php?rest_route=\/wp\/v2\/users\/4"}],"replies":[{"embeddable":true,"href":"https:\/\/revistaepocadigital.com.ar\/index.php?rest_route=%2Fwp%2Fv2%2Fcomments&post=2449"}],"version-history":[{"count":0,"href":"https:\/\/revistaepocadigital.com.ar\/index.php?rest_route=\/wp\/v2\/posts\/2449\/revisions"}],"wp:featuredmedia":[{"embeddable":true,"href":"https:\/\/revistaepocadigital.com.ar\/index.php?rest_route=\/wp\/v2\/media\/2461"}],"wp:attachment":[{"href":"https:\/\/revistaepocadigital.com.ar\/index.php?rest_route=%2Fwp%2Fv2%2Fmedia&parent=2449"}],"wp:term":[{"taxonomy":"category","embeddable":true,"href":"https:\/\/revistaepocadigital.com.ar\/index.php?rest_route=%2Fwp%2Fv2%2Fcategories&post=2449"},{"taxonomy":"post_tag","embeddable":true,"href":"https:\/\/revistaepocadigital.com.ar\/index.php?rest_route=%2Fwp%2Fv2%2Ftags&post=2449"}],"curies":[{"name":"wp","href":"https:\/\/api.w.org\/{rel}","templated":true}]}}