{"id":24516,"date":"2024-03-21T01:47:03","date_gmt":"2024-03-21T04:47:03","guid":{"rendered":"https:\/\/revistaepocadigital.com.ar\/?p=24516"},"modified":"2024-03-24T23:53:57","modified_gmt":"2024-03-25T02:53:57","slug":"reunion-entre-el-municipio-y-la-rural-el-movimiento-se-demuestra-andando","status":"publish","type":"post","link":"https:\/\/revistaepocadigital.com.ar\/?p=24516","title":{"rendered":"REUNIONES ENTRE EL MUNICIPIO Y LA RURAL. EL MOVIMIENTO SE DEMUESTRA ANDANDO"},"content":{"rendered":"<div>\n<div class=\"x1cy8zhl x78zum5 x1q0g3np xod5an3 x1pi30zi x1swvt13 xz9dl7a\">\n<div class=\"x1iyjqo2\">\n<div class=\"x78zum5 xdt5ytf xz62fqu x16ldp7u\">\n<div class=\"xu06os2 x1ok221b\"><\/div>\n<div class=\"xu06os2 x1ok221b\"><span class=\"x193iq5w xeuugli x13faqbe x1vvkbs x1xmvt09 x1lliihq x1s928wv xhkezso x1gmr53x x1cpjm7i x1fgarty x1943h6x x4zkp8e x676frb x1nxh6w3 x1sibtaa xo1l8bm xi81zsa x1yc453h\" dir=\"auto\"><span id=\":R1al9aqqd9emhpapd5aqH1:\"><strong><span class=\"xh99ass\"><span class=\"xzpqnlu xjm9jq1 x6ikm8r x10wlt62 x10l6tqk x1i1rx1s\">\u00a0<\/span><span aria-hidden=\"true\"> HAY QUE AVANZAR.<\/span><\/span><\/strong><\/span><\/span><\/div>\n<\/div>\n<\/div>\n<div class=\"xqcrz7y x78zum5 x1qx5ct2 x1y1aw1k x1sxyh0 xwib8y2 xurb0ha xw4jnvo\">\n<div>\n<div class=\"x1i10hfl x1qjc9v5 xjqpnuy xa49m3k xqeqjp1 x2hbi6w x9f619 x1ypdohk xdl72j9 x2lah0s xe8uvvx x2lwn1j xeuugli x16tdsg8 x1hl2dhg xggy1nq x1ja2u2z x1t137rt x1o1ewxj x3x9cwd x1e5q0jg x13rtm0m x1q0g3np x87ps6o x1lku1pv x1a2a7pz xjyslct xjbqb8w x13fuv20 xu3j5b3 x1q0q8m5 x26u7qi x972fbf xcfux6l x1qhh985 xm0m39n x3nfvp2 xdj266r x11i5rnm xat24cr x1mh8g0r xexx8yu x4uap5 x18d9i69 xkhd6sd x1n2onr6 x3ajldb x194ut8o x1vzenxt xd7ygy7 xt298gk x1xhcax0 x1s928wv x10pfhc2 x1j6awrg x1v53gu8 x1tfg27r xitxdhh\" tabindex=\"0\" role=\"button\" aria-expanded=\"false\" aria-haspopup=\"menu\" aria-label=\"Acciones para esta publicaci\u00f3n\">\n<div class=\"x1ey2m1c xds687c x17qophe xg01cxk x47corl x10l6tqk x13vifvy x1ebt8du x19991ni x1dhq9h xzolkzo x12go9s9 x1rnf11y xprq8jg\" role=\"none\" data-visualcompletion=\"ignore\"><\/div>\n<\/div>\n<\/div>\n<\/div>\n<\/div>\n<\/div>\n<p><!--more--><\/p>\n<div>\n<div class=\"\" dir=\"auto\">\n<div id=\":R1al9aqqd9emhpapd5aqH2:\" class=\"x1iorvi4 x1pi30zi x1l90r2v x1swvt13\" data-ad-comet-preview=\"message\" data-ad-preview=\"message\">\n<div class=\"x78zum5 xdt5ytf xz62fqu x16ldp7u\">\n<div class=\"xu06os2 x1ok221b\">\n<div class=\"xdj266r x11i5rnm xat24cr x1mh8g0r x1vvkbs x126k92a\">\n<div dir=\"auto\">Con la mirada puesta en avanzar sobre los temas productivos, la Direcci\u00f3n de Industria, Asuntos Agrarios y Empleo del municipio, mantuvo una reuni\u00f3n de trabajo con dirigentes de la Sociedad Rural de Exaltaci\u00f3n de la Cruz, Campana y Z\u00e1rate, para trazar ejes de desarrollo para actividades estrat\u00e9gicas del distrito.<\/div>\n<div dir=\"auto\"><\/div>\n<\/div>\n<div class=\"x11i5rnm xat24cr x1mh8g0r x1vvkbs xtlvy1s x126k92a\">\n<div dir=\"auto\">Adem\u00e1s, se plantearon necesidades y objetivos a perseguir como pilares fundamentales para el crecimiento del sector agropecuario.<\/div>\n<div dir=\"auto\"><\/div>\n<\/div>\n<div class=\"x11i5rnm xat24cr x1mh8g0r x1vvkbs xtlvy1s x126k92a\">\n<div dir=\"auto\">Por otro lado fueron analizados diferentes temas y su futuro desarrollo, como la apicultura, la educaci\u00f3n, los caminos rurales en su mantenimiento y recolecci\u00f3n de residuos, la futura Sala de Faena, BPA con charlas mensuales SRECZ, jornadas de fitosanitarios, emprendimientos en Diego Gaynor y un mapa productivo.<\/div>\n<div dir=\"auto\"><\/div>\n<\/div>\n<div class=\"x11i5rnm xat24cr x1mh8g0r x1vvkbs xtlvy1s x126k92a\">\n<div dir=\"auto\">Tambi\u00e9n se dialog\u00f3 sobre la semana del Cordero y del Emprendedor Gastron\u00f3mico Exaltacrucense, la renovaci\u00f3n de la comisi\u00f3n de plagas, entre otros<\/div>\n<\/div>\n<\/div>\n<\/div>\n<\/div>\n<\/div>\n<\/div>\n<div dir=\"auto\"><\/div>\n<div dir=\"auto\">\n<p>&nbsp;<\/p>\n<p class=\"yiv2887927811MsoNormal\"><b><u>LA RURAL TAMBI\u00c9N CONVERS\u00d3 CON EL DIRECTOR DE PRODUCCION DEL MUNICIPIO DE EXALTACI\u00d3N DE LA CRUZ, LIC. BENJAMIN VITTORI<\/u><\/b><\/p>\n<p class=\"yiv2887927811MsoNormal\">El funcionario estuvo en la Sede Capilla de la entidad ruralista y convers\u00f3 con el vicepresidente 1\u00ba Fernando Boracchia , el prosecretario Felipe Carlevaro, los vocales titulares Carlos Altieri y \u00a0Patricio Diez y el socio Esteban Daneri.<\/p>\n<p class=\"yiv2887927811MsoNormal\"><img loading=\"lazy\" decoding=\"async\" id=\"yiv2887927811Imagen_x0020_5\" src=\"https:\/\/ecp.yusercontent.com\/mail?url=https%3A%2F%2F101737.asset.dattanet.com%2Fweb_public_shared%2Fimage%2F101737%2F65f8bc9e1bd1c.jpeg&amp;t=1710996022&amp;ymreqid=a1e28384-e738-286e-1c67-7e004901f100&amp;sig=bbj865Nl1uvSxewBHGVcoA--~D\" width=\"853\" height=\"396\" \/><\/p>\n<p class=\"yiv2887927811MsoNormal\"><em>(de izq. a der): Carlos Altieri, Esteban Daneri, Patricio Diez, Felipe Carlevaro, Fernando Boracchia, Benjamin Vittori.<\/em><\/p>\n<p class=\"yiv2887927811MsoNormal\">El temario abordado fue muy amplio e incluyo temas como el clima y el exceso de lluvias , las buenas practicas agr\u00edcolas, capacitaciones, ofertas educativas para el agro , apicultura , caminos rurales, basurales en caminos de tierra , sala de faena, Comisi\u00f3n de Plagas, entre otros.<\/p>\n<p class=\"yiv2887927811MsoNormal\">Tambi\u00e9n se habl\u00f3 sobre un proyecto futuro, que involucra a productores artesanales de alimentos locales.<\/p>\n<p class=\"yiv2887927811MsoNormal\"><img loading=\"lazy\" decoding=\"async\" id=\"yiv2887927811Imagen_x0020_6\" src=\"https:\/\/ecp.yusercontent.com\/mail?url=https%3A%2F%2F101737.asset.dattanet.com%2Fweb_public_shared%2Fimage%2F101737%2F65f8bc9e1e554.jpeg&amp;t=1710996022&amp;ymreqid=a1e28384-e738-286e-1c67-7e004901f100&amp;sig=Vym02WVNdKPFk.Y0kNHImQ--~D\" width=\"560\" height=\"496\" \/><\/p>\n<p class=\"yiv2887927811MsoNormal\">\n<\/div>\n","protected":false},"excerpt":{"rendered":"<p>\u00a0 HAY QUE AVANZAR.<\/p>\n","protected":false},"author":3,"featured_media":24531,"comment_status":"open","ping_status":"open","sticky":false,"template":"","format":"standard","meta":{"footnotes":"","jetpack_publicize_message":"","jetpack_publicize_feature_enabled":true,"jetpack_social_post_already_shared":true,"jetpack_social_options":{"image_generator_settings":{"template":"highway","default_image_id":0,"font":"","enabled":false},"version":2}},"categories":[17],"tags":[2682],"class_list":["post-24516","post","type-post","status-publish","format-standard","has-post-thumbnail","hentry","category-politica","tag-reunion-rural-municipio"],"jetpack_publicize_connections":[],"jetpack_featured_media_url":"https:\/\/revistaepocadigital.com.ar\/wp-content\/uploads\/2024\/03\/mail-4.jpeg","jetpack_likes_enabled":true,"_links":{"self":[{"href":"https:\/\/revistaepocadigital.com.ar\/index.php?rest_route=\/wp\/v2\/posts\/24516","targetHints":{"allow":["GET"]}}],"collection":[{"href":"https:\/\/revistaepocadigital.com.ar\/index.php?rest_route=\/wp\/v2\/posts"}],"about":[{"href":"https:\/\/revistaepocadigital.com.ar\/index.php?rest_route=\/wp\/v2\/types\/post"}],"author":[{"embeddable":true,"href":"https:\/\/revistaepocadigital.com.ar\/index.php?rest_route=\/wp\/v2\/users\/3"}],"replies":[{"embeddable":true,"href":"https:\/\/revistaepocadigital.com.ar\/index.php?rest_route=%2Fwp%2Fv2%2Fcomments&post=24516"}],"version-history":[{"count":0,"href":"https:\/\/revistaepocadigital.com.ar\/index.php?rest_route=\/wp\/v2\/posts\/24516\/revisions"}],"wp:featuredmedia":[{"embeddable":true,"href":"https:\/\/revistaepocadigital.com.ar\/index.php?rest_route=\/wp\/v2\/media\/24531"}],"wp:attachment":[{"href":"https:\/\/revistaepocadigital.com.ar\/index.php?rest_route=%2Fwp%2Fv2%2Fmedia&parent=24516"}],"wp:term":[{"taxonomy":"category","embeddable":true,"href":"https:\/\/revistaepocadigital.com.ar\/index.php?rest_route=%2Fwp%2Fv2%2Fcategories&post=24516"},{"taxonomy":"post_tag","embeddable":true,"href":"https:\/\/revistaepocadigital.com.ar\/index.php?rest_route=%2Fwp%2Fv2%2Ftags&post=24516"}],"curies":[{"name":"wp","href":"https:\/\/api.w.org\/{rel}","templated":true}]}}