{"id":24539,"date":"2024-03-23T10:46:28","date_gmt":"2024-03-23T13:46:28","guid":{"rendered":"https:\/\/revistaepocadigital.com.ar\/?p=24539"},"modified":"2024-03-23T10:46:28","modified_gmt":"2024-03-23T13:46:28","slug":"luego-de-la-inundacion-el-club-social-y-deportivo-capilla-lucha-por-volver","status":"publish","type":"post","link":"https:\/\/revistaepocadigital.com.ar\/?p=24539","title":{"rendered":"Luego de la inundaci\u00f3n. El Club Social y Deportivo Capilla lucha por volver"},"content":{"rendered":"<p><strong>A COLABORAR.<\/strong><!--more--><\/p>\n<p>El Club Social y Deportivo Capilla ha sufrido seriamente las consecuencias de las recientes lluvias y anegamiento de sus instalaciones. El perjuicio ha sido grande para esta instituci\u00f3n que ha venido creciendo y ofreciendo a la comunidad la posibilidad a unos 300 chicos para practicar deportes, f\u00fatbol, con la importancia que eso implica.<\/p>\n<p>Los directivos est\u00e1n empe\u00f1ados en volver a tener las instalaciones en condiciones lo antes posible, y ese objetivo no resulta sencillo dado los da\u00f1os y los costos que insume las reparaciones. Por eso, vale colaborar, el Club largamente lo merece.<\/p>\n<p>&nbsp;<\/p>\n<p>&nbsp;<\/p>\n<p><img loading=\"lazy\" decoding=\"async\" class=\"aligncenter size-large wp-image-24540\" src=\"https:\/\/revistaepocadigital.com.ar\/wp-content\/uploads\/2024\/03\/arr-722x1200.jpg\" alt=\"\" width=\"696\" height=\"1157\" srcset=\"https:\/\/revistaepocadigital.com.ar\/wp-content\/uploads\/2024\/03\/arr-722x1200.jpg 722w, https:\/\/revistaepocadigital.com.ar\/wp-content\/uploads\/2024\/03\/arr-181x300.jpg 181w, https:\/\/revistaepocadigital.com.ar\/wp-content\/uploads\/2024\/03\/arr-768x1276.jpg 768w, https:\/\/revistaepocadigital.com.ar\/wp-content\/uploads\/2024\/03\/arr-696x1156.jpg 696w, https:\/\/revistaepocadigital.com.ar\/wp-content\/uploads\/2024\/03\/arr-253x420.jpg 253w, https:\/\/revistaepocadigital.com.ar\/wp-content\/uploads\/2024\/03\/arr-506x840.jpg 506w, https:\/\/revistaepocadigital.com.ar\/wp-content\/uploads\/2024\/03\/arr.jpg 842w\" sizes=\"auto, (max-width: 696px) 100vw, 696px\" \/><\/p>\n","protected":false},"excerpt":{"rendered":"<p>A COLABORAR.<\/p>\n","protected":false},"author":4,"featured_media":24540,"comment_status":"open","ping_status":"open","sticky":false,"template":"","format":"standard","meta":{"footnotes":"","jetpack_publicize_message":"","jetpack_publicize_feature_enabled":true,"jetpack_social_post_already_shared":true,"jetpack_social_options":{"image_generator_settings":{"template":"highway","default_image_id":0,"font":"","enabled":false},"version":2}},"categories":[9],"tags":[2683],"class_list":["post-24539","post","type-post","status-publish","format-standard","has-post-thumbnail","hentry","category-deportes","tag-club-social-y-dep-capilla"],"jetpack_publicize_connections":[],"jetpack_featured_media_url":"https:\/\/revistaepocadigital.com.ar\/wp-content\/uploads\/2024\/03\/arr.jpg","jetpack_likes_enabled":true,"_links":{"self":[{"href":"https:\/\/revistaepocadigital.com.ar\/index.php?rest_route=\/wp\/v2\/posts\/24539","targetHints":{"allow":["GET"]}}],"collection":[{"href":"https:\/\/revistaepocadigital.com.ar\/index.php?rest_route=\/wp\/v2\/posts"}],"about":[{"href":"https:\/\/revistaepocadigital.com.ar\/index.php?rest_route=\/wp\/v2\/types\/post"}],"author":[{"embeddable":true,"href":"https:\/\/revistaepocadigital.com.ar\/index.php?rest_route=\/wp\/v2\/users\/4"}],"replies":[{"embeddable":true,"href":"https:\/\/revistaepocadigital.com.ar\/index.php?rest_route=%2Fwp%2Fv2%2Fcomments&post=24539"}],"version-history":[{"count":0,"href":"https:\/\/revistaepocadigital.com.ar\/index.php?rest_route=\/wp\/v2\/posts\/24539\/revisions"}],"wp:featuredmedia":[{"embeddable":true,"href":"https:\/\/revistaepocadigital.com.ar\/index.php?rest_route=\/wp\/v2\/media\/24540"}],"wp:attachment":[{"href":"https:\/\/revistaepocadigital.com.ar\/index.php?rest_route=%2Fwp%2Fv2%2Fmedia&parent=24539"}],"wp:term":[{"taxonomy":"category","embeddable":true,"href":"https:\/\/revistaepocadigital.com.ar\/index.php?rest_route=%2Fwp%2Fv2%2Fcategories&post=24539"},{"taxonomy":"post_tag","embeddable":true,"href":"https:\/\/revistaepocadigital.com.ar\/index.php?rest_route=%2Fwp%2Fv2%2Ftags&post=24539"}],"curies":[{"name":"wp","href":"https:\/\/api.w.org\/{rel}","templated":true}]}}