{"id":24590,"date":"2024-03-28T16:31:49","date_gmt":"2024-03-28T19:31:49","guid":{"rendered":"https:\/\/revistaepocadigital.com.ar\/?p=24590"},"modified":"2024-03-28T16:34:04","modified_gmt":"2024-03-28T19:34:04","slug":"la-seguridad-directivos-de-la-rural-con-autoridades-de-la-superintendencia-de-seguridad-vial","status":"publish","type":"post","link":"https:\/\/revistaepocadigital.com.ar\/?p=24590","title":{"rendered":"LA SEGURIDAD. DIRECTIVOS DE LA RURAL CON AUTORIDADES DE LA SUPERINTENDENCIA DE SEGURIDAD VIAL"},"content":{"rendered":"<p class=\"yiv0250196121MsoNormal\"><strong>EN LA SEDE CAPILLA DE LA ENTIDAD RURALISTA.<\/strong><!--more--><\/p>\n<p class=\"yiv0250196121MsoNormal\">Se reunieron dirigentes de La Rural con el Jefe de Buenos Aires Norte de la Superintendencia de Seguridad Rural, Comisario Ariel \u00c1lvarez, quien estuvo acompa\u00f1ado por el Comisario Alfredo Di Leo.<\/p>\n<p class=\"yiv0250196121MsoNormal\">Tambi\u00e9n concurrieron los Jefes del Comando de Prevenci\u00f3n Rural (CPR-Patrulla Rural) de Exaltaci\u00f3n de la Cruz , Comisario Fernando Battista y del partido de Luj\u00e1n, Comisario Lucas P\u00e9rez.\u00a0Asisti\u00f3 tambi\u00e9n esuvo el Presidente de ARPAE (Asociaci\u00f3n Regional de Productores del Este Lujan-Gral.Rodriguez) ingeniero Guillermo Andelique.<\/p>\n<p><img loading=\"lazy\" decoding=\"async\" id=\"yiv0250196121Imagen_x0020_5\" src=\"https:\/\/ecp.yusercontent.com\/mail?url=https%3A%2F%2F101737.asset.dattanet.com%2Fweb_public_shared%2Fimage%2F101737%2F6601f6f79ba8a.jpeg&amp;t=1711653659&amp;ymreqid=a1e28384-e738-286e-1cfd-f30021013500&amp;sig=9Vf9HuMOIkNLydoMDkfrlg--~D\" width=\"551\" height=\"551\" \/><b><\/b><\/p>\n<p><b>(de izq a der.) Pedro Querencio , Ariel Alvarez , Carlos Altieri<\/b><\/p>\n<p class=\"yiv0250196121MsoNormal\">El Coordinador de la Comisi\u00f3n de Seguridad de la Sociedad Rural, Pedro Querencio junto al Vice Presidente 1\u00ba Fernando Boracchia, el Pro Secretario Felipe Carlevaro y los Vocales Titulares Dr. Maximiliano Grassi e Ing.Carlos Altieri, comenzaron planteados temas actuales.<\/p>\n<p><img loading=\"lazy\" decoding=\"async\" id=\"yiv0250196121Imagen_x0020_6\" src=\"https:\/\/ecp.yusercontent.com\/mail?url=https%3A%2F%2F101737.asset.dattanet.com%2Fweb_public_shared%2Fimage%2F101737%2F6601f6f79da42.jpeg&amp;t=1711653659&amp;ymreqid=a1e28384-e738-286e-1cfd-f30021013500&amp;sig=FfLmkyBskHO.zF.0FRI0ng--~D\" width=\"563\" height=\"563\" \/><\/p>\n<p><b>(de izq a der.): Pedro Querencio , Ariel Alvarez , Carlos Altieri , Fernando Battista , Jonathan Rojas, Alfredo Di Leo , Guillermo Andelique (fuera de foco) , Lucas Perez (de espaldas) , Maximiliano Grassi , Fernando Boracchia.<\/b><\/p>\n<p class=\"yiv0250196121MsoNormal\">El tema convocante fue la situaci\u00f3n en el Cuartel IV del Distrito, los hechos acaecidos all\u00ed, y el reclamo de vecinos sobre la seguridad rural.<\/p>\n<p class=\"yiv0250196121MsoNormal\">Se trataron ideas y se propusieron distintos cursos de acci\u00f3n, y la implementaci\u00f3n de medidas tendientes a colaborar a mejorar el accionar y la presencia policial, adem\u00e1s de otras alternativas complementarias de prevenci\u00f3n.<\/p>\n<p><img loading=\"lazy\" decoding=\"async\" id=\"yiv0250196121Imagen_x0020_7\" src=\"https:\/\/ecp.yusercontent.com\/mail?url=https%3A%2F%2F101737.asset.dattanet.com%2Fweb_public_shared%2Fimage%2F101737%2F6601f6f79fa41.jpeg&amp;t=1711653659&amp;ymreqid=a1e28384-e738-286e-1cfd-f30021013500&amp;sig=lUpp9DH7gDPUaDLahI2i9A--~D\" width=\"638\" height=\"638\" \/><\/p>\n<p class=\"yiv0250196121MsoNormal\">\n","protected":false},"excerpt":{"rendered":"<p>EN LA SEDE CAPILLA DE LA ENTIDAD RURALISTA.<\/p>\n","protected":false},"author":3,"featured_media":24591,"comment_status":"open","ping_status":"open","sticky":false,"template":"","format":"standard","meta":{"footnotes":"","jetpack_publicize_message":"","jetpack_publicize_feature_enabled":true,"jetpack_social_post_already_shared":true,"jetpack_social_options":{"image_generator_settings":{"template":"highway","default_image_id":0,"font":"","enabled":false},"version":2}},"categories":[11],"tags":[2640,501,149],"class_list":["post-24590","post","type-post","status-publish","format-standard","has-post-thumbnail","hentry","category-entidades","tag-policias","tag-rural","tag-seguridad"],"jetpack_publicize_connections":[],"jetpack_featured_media_url":"https:\/\/revistaepocadigital.com.ar\/wp-content\/uploads\/2024\/03\/rural-policias.jpg","jetpack_likes_enabled":true,"_links":{"self":[{"href":"https:\/\/revistaepocadigital.com.ar\/index.php?rest_route=\/wp\/v2\/posts\/24590","targetHints":{"allow":["GET"]}}],"collection":[{"href":"https:\/\/revistaepocadigital.com.ar\/index.php?rest_route=\/wp\/v2\/posts"}],"about":[{"href":"https:\/\/revistaepocadigital.com.ar\/index.php?rest_route=\/wp\/v2\/types\/post"}],"author":[{"embeddable":true,"href":"https:\/\/revistaepocadigital.com.ar\/index.php?rest_route=\/wp\/v2\/users\/3"}],"replies":[{"embeddable":true,"href":"https:\/\/revistaepocadigital.com.ar\/index.php?rest_route=%2Fwp%2Fv2%2Fcomments&post=24590"}],"version-history":[{"count":0,"href":"https:\/\/revistaepocadigital.com.ar\/index.php?rest_route=\/wp\/v2\/posts\/24590\/revisions"}],"wp:featuredmedia":[{"embeddable":true,"href":"https:\/\/revistaepocadigital.com.ar\/index.php?rest_route=\/wp\/v2\/media\/24591"}],"wp:attachment":[{"href":"https:\/\/revistaepocadigital.com.ar\/index.php?rest_route=%2Fwp%2Fv2%2Fmedia&parent=24590"}],"wp:term":[{"taxonomy":"category","embeddable":true,"href":"https:\/\/revistaepocadigital.com.ar\/index.php?rest_route=%2Fwp%2Fv2%2Fcategories&post=24590"},{"taxonomy":"post_tag","embeddable":true,"href":"https:\/\/revistaepocadigital.com.ar\/index.php?rest_route=%2Fwp%2Fv2%2Ftags&post=24590"}],"curies":[{"name":"wp","href":"https:\/\/api.w.org\/{rel}","templated":true}]}}