{"id":24604,"date":"2024-03-28T19:11:39","date_gmt":"2024-03-28T22:11:39","guid":{"rendered":"https:\/\/revistaepocadigital.com.ar\/?p=24604"},"modified":"2024-03-28T23:03:20","modified_gmt":"2024-03-29T02:03:20","slug":"cepral-ante-los-fuertes-aumentos-de-luz-y-como-hacer-un-eficiente-uso-de-internet","status":"publish","type":"post","link":"https:\/\/revistaepocadigital.com.ar\/?p=24604","title":{"rendered":"CEPRAL ANTE LOS FUERTES AUMENTOS DE LUZ Y COMO HACER UN EFICIENTE USO DE INTERNET"},"content":{"rendered":"<table class=\"yiv6801264242r7-o\" role=\"presentation\" border=\"0\" width=\"100%\" cellspacing=\"0\" cellpadding=\"0\" align=\"center\">\n<tbody>\n<tr>\n<td class=\"yiv6801264242r9-i\">\n<table role=\"presentation\" border=\"0\" width=\"100%\" cellspacing=\"0\" cellpadding=\"0\">\n<tbody>\n<tr>\n<th class=\"yiv6801264242r5-c\" valign=\"top\" width=\"100%\">\n<table class=\"yiv6801264242r10-o\" role=\"presentation\" border=\"0\" width=\"100%\" cellspacing=\"0\" cellpadding=\"0\" align=\"left\">\n<tbody>\n<tr>\n<td class=\"yiv6801264242r11-i yiv6801264242nl2go-default-textstyle\" valign=\"top\">AMPLIA Y PORMENORIZADA INFORMACI\u00d3N IMPORTANTE PARA LOS USUARIOS.<\/p>\n<p><!--more-->El informe del Consejo de Administraci\u00f3n abarc\u00f3 temas de gran actualidad y a la vez, preocupaci\u00f3n entre usuarios desde ya de todo el pa\u00eds, m\u00e1s all\u00e1 de los de CEPRAL.<\/p>\n<p><strong>Entr\u00f3 entonces en vigencia \u00a0<\/strong><strong>el Nuevo Cuadro Tarifario del Servicio El\u00e9ctrico\u00a0<\/strong><strong>para los consumos registrados a partir del 15 de marzo de 2024 <\/strong><\/p>\n<p>El mismo contempla fuertes aumentos en todos sus escalones, siendo en los consumos residenciales donde se dan los mayores incrementos:\u00a0<strong>N1 50%, N2 240%, N3 150%<\/strong>,\u00a0<strong>Tarifa Social 285%.<\/strong><\/p>\n<p>M\u00e1s abajo, el informe detallado y en la zona de las notas.<\/p>\n<p><strong>\u00a0<\/strong>Por otra parte, CEPRAL contin\u00faa realizando los cambios de postes y reacomodaba las l\u00edneas de cableado de los servicios. Tareas que se ven interrumpidas por las eventuales ca\u00eddas de \u00e1rboles sobre las l\u00edneas de cableado, que nos obligan a cambiar las prioridades de trabajo.<\/p>\n<p><strong>\u00a0Adem\u00e1s fue informado que con<\/strong>\u00a0motivo de los\u00a0<strong>feriados de\u00a0<\/strong><i><strong>Semana Santa<\/strong><\/i><strong>\u00a0y el\u00a0<\/strong><i><strong>D\u00eda del Veterano y de los Ca\u00eddos en la Guerra de Malvinas<\/strong><\/i><strong>, extendidos desde el 28\/03 al martes 02\/04,<\/strong>\u00a0\u00a0<strong>la Cooperativa permanecer\u00e1 cerrada<\/strong>, manteniendo \u00fanicamente\u00a0<strong>Guardias m\u00ednimas<\/strong> de sus Servicios El\u00e9ctrico y de Telecomunicaciones. &#8220;Aprovechamos para enviarles nuestros saludos por estas fechas tan especiales&#8221;, sostuvieron desde la cooperativa y agregaron desde el Consejo de Administraci\u00f3n, <em>&#8220;quedamos a disposici\u00f3n de nuestros usuarios por todas nuestras v\u00edas de comunicaci\u00f3n, ante cualquier inquietud que pueda surgirles&#8221;.<\/em><\/td>\n<\/tr>\n<\/tbody>\n<\/table>\n<table class=\"yiv6801264242r7-o\" role=\"presentation\" border=\"0\" width=\"550\" cellspacing=\"0\" cellpadding=\"0\" align=\"center\">\n<tbody>\n<tr>\n<td class=\"yiv6801264242r12-i\"><img decoding=\"async\" src=\"https:\/\/ecp.yusercontent.com\/mail?url=https%3A%2F%2F41sau.img.sp1-brevo.net%2Fim%2Fsh%2FKRCrkb63D5HC.jpg%3Fu%3D2BpAyz2gMiWncgUWoGqF9J4DLfLZtO46M6&amp;t=1711661954&amp;ymreqid=a1e28384-e738-286e-1ced-6c002c012e00&amp;sig=3clAI.VKMe9MUy8SGbiN9A--~D\" width=\"550\" border=\"0\" \/><\/td>\n<\/tr>\n<\/tbody>\n<\/table>\n<\/th>\n<\/tr>\n<\/tbody>\n<\/table>\n<\/td>\n<\/tr>\n<\/tbody>\n<\/table>\n<p><!--more--><\/p>\n<table class=\"yiv6801264242r7-o\" role=\"presentation\" border=\"0\" width=\"100%\" cellspacing=\"0\" cellpadding=\"0\" align=\"center\">\n<tbody>\n<tr>\n<td class=\"yiv6801264242r9-i\">\n<table role=\"presentation\" border=\"0\" width=\"100%\" cellspacing=\"0\" cellpadding=\"0\">\n<tbody>\n<tr>\n<th class=\"yiv6801264242r5-c\" valign=\"top\" width=\"100%\">\n<table class=\"yiv6801264242r6-o\" role=\"presentation\" border=\"0\" width=\"100%\" cellspacing=\"0\" cellpadding=\"0\">\n<tbody>\n<tr>\n<td class=\"yiv6801264242r13-i\" valign=\"top\">\n<table role=\"presentation\" border=\"0\" width=\"100%\" cellspacing=\"0\" cellpadding=\"0\">\n<tbody>\n<tr>\n<td class=\"yiv6801264242r14-c\" align=\"center\"><img decoding=\"async\" src=\"https:\/\/ecp.yusercontent.com\/mail?url=https%3A%2F%2F41sau.img.sp1-brevo.net%2Fim%2Fsh%2FLM5hIl9dQemw.png%3Fu%3D2BpAyz2gMiWnciNWKm9DiXWFhz9kFsqqIc&amp;t=1711661954&amp;ymreqid=a1e28384-e738-286e-1ced-6c002c012e00&amp;sig=Gk31CzgGU_E6jd90IA4x1A--~D\" width=\"560\" border=\"0\" \/><\/td>\n<\/tr>\n<tr>\n<td class=\"yiv6801264242r15-c\" align=\"left\">\n<table class=\"yiv6801264242r10-o\" role=\"presentation\" border=\"0\" width=\"100%\" cellspacing=\"0\" cellpadding=\"0\">\n<tbody>\n<tr>\n<td class=\"yiv6801264242r16-i yiv6801264242nl2go-default-textstyle\" valign=\"top\">\n<div>\n<p>&nbsp;<\/p>\n<p><strong><u>COMO IMPACTAR\u00c1N LOS NUEVOS AUMENTOS EN LAS FUTURAS FACTURAS DE ENERG\u00cdA<\/u><\/strong><\/p>\n<p>Como lo vino advirtiendo la cooperativa en comunicaciones previas, informam\u00f3 que el lunes 11 de marzo de 2024 el Gobierno de la Provincia de Buenos Aires aprob\u00f3, bajo la Resoluci\u00f3n N\u00ba 284\/2024, el Nuevo Cuadro Tarifario del Servicio El\u00e9ctrico.<\/p>\n<p>Entr\u00f3 en vigencia para los consumos registrados a partir del 15 de marzo de 2024. El mismo contempla fuertes aumentos en todos sus escalones, siendo en los consumos residenciales donde se dan los mayores incrementos: <strong>N1 50%, N2 240%, N3 150%<\/strong>,\u00a0<strong>Tarifa Social 285%.<\/strong><\/p>\n<p>Estos aumentos se ver\u00e1n reflejados en los vencimientos de\u00a0<strong><u>MAYO, CON UN PORCENTAJE NO MUY SIGNIFICATIVO Y EN JUNIO YA CON EL TOTAL DEL AUMENTO EN LOS PORCENTAJES COMENTADOS.<\/u><\/strong><\/p>\n<p>Tambi\u00e9n hay que tener en cuenta que este incremento no solo impacta en el valor de la energ\u00eda sino tambi\u00e9n en el valor de los impuestos Nacionales y Provinciales que est\u00e1n en el orden del 50% del valor de la energ\u00eda.<\/p>\n<p><strong>Reiteraron <em>&#8220;nuestra recomendaci\u00f3n de hacer un uso racional de la energ\u00eda el\u00e9ctrica, y tambi\u00e9n que CEPRAL no tiene la potestad de fijar las Tarifas, solo aplica lo que el Gobierno le dicta&#8221;.<\/em><\/strong><\/p>\n<p>Para poder entender c\u00f3mo ser\u00e1n sus cargos, primero debemos saber c\u00f3mo est\u00e1 categorizado en su factura y para ver esto y el detalle del impacto en los distintos segmentos lo invitamos a hacer click en el bot\u00f3n de m\u00e1s abajo:<\/p>\n<p>&nbsp;<\/p>\n<\/div>\n<\/td>\n<\/tr>\n<\/tbody>\n<\/table>\n<\/td>\n<\/tr>\n<tr>\n<td class=\"yiv6801264242r17-c\" align=\"center\">\n<table class=\"yiv6801264242r18-o\" role=\"presentation\" border=\"0\" width=\"560\" cellspacing=\"0\" cellpadding=\"0\">\n<tbody>\n<tr>\n<td class=\"yiv6801264242r19-i yiv6801264242nl2go-default-textstyle\" align=\"center\" valign=\"top\" height=\"18\"><a class=\"yiv6801264242r20-r yiv6801264242default-button\" href=\"https:\/\/41sau.r.sp1-brevo.net\/mk\/cl\/f\/sh\/1t6Af4OiGsDg0dtECwUktAHTAZdnnO\/nfrq3tczCxmY\" target=\"_blank\" rel=\"nofollow noopener noreferrer\">Ingresar aqu\u00ed<\/a><\/td>\n<\/tr>\n<\/tbody>\n<\/table>\n<\/td>\n<\/tr>\n<tr>\n<td class=\"yiv6801264242r21-c yiv6801264242nl2go-default-textstyle\" align=\"left\">\n<div>\n<p>&nbsp;<\/p>\n<p><strong>Desde nuestra Cooperativa los instamos a seguir haciendo un uso racional del consumo de energ\u00eda el\u00e9ctrica para prevenir un fuerte aumento en las pr\u00f3ximas facturas.<\/strong><\/p>\n<\/div>\n<\/td>\n<\/tr>\n<tr>\n<td class=\"yiv6801264242r14-c\" align=\"center\"><img decoding=\"async\" src=\"https:\/\/ecp.yusercontent.com\/mail?url=https%3A%2F%2F41sau.img.sp1-brevo.net%2Fim%2Fsh%2FD2v6yAV73czk.jpeg%3Fu%3D2BpAyz2gMiWnckGVrHSCHlyI4IxucNdaF8&amp;t=1711661954&amp;ymreqid=a1e28384-e738-286e-1ced-6c002c012e00&amp;sig=.NdIRNOlT_7BpJ5Hh4Y5jg--~D\" width=\"560\" border=\"0\" \/><\/td>\n<\/tr>\n<tr>\n<td class=\"yiv6801264242r15-c\" align=\"left\">\n<table class=\"yiv6801264242r10-o\" role=\"presentation\" border=\"0\" width=\"100%\" cellspacing=\"0\" cellpadding=\"0\">\n<tbody>\n<tr>\n<td class=\"yiv6801264242r22-i yiv6801264242nl2go-default-textstyle\" valign=\"top\">\n<div>\n<p><strong><em>Ca\u00edda de \u00e1rboles sobre las redes de servicios p\u00fablicos en los barrios El Zorzal y La Verdad ocasiona interrupciones en el Servicio de Fibra \u00d3ptica.<\/em><\/strong><\/p>\n<p>Durante el fin de semana del 24 de marzo, cayeron \u00e1rboles sobre las lineas de servicios en los barrios El Zorzal y La verdad, con el consiguiente da\u00f1o en las redes, postes y dejando sin servicio a muchos abonados.<\/p>\n<\/div>\n<p><strong>Es necesario que los vecinos tomen conciencia y realicen las podas correctivas de los \u00e1rboles que interfieran en las l\u00edneas de cableado. \u00a0De este modo se evitar\u00e1n la interrupci\u00f3n de los Servicios de Energ\u00eda y Telecomunicaciones y los altos costos en los que debemos incurrir para restaurar los da\u00f1os ocasionados.<\/strong><\/p>\n<div>\n<p>&nbsp;<\/p>\n<\/div>\n<\/td>\n<\/tr>\n<\/tbody>\n<\/table>\n<\/td>\n<\/tr>\n<tr>\n<td class=\"yiv6801264242r14-c\" align=\"center\"><img decoding=\"async\" src=\"https:\/\/ecp.yusercontent.com\/mail?url=https%3A%2F%2F41sau.img.sp1-brevo.net%2Fim%2Fsh%2FwEjXmzAMu5WN.jpg%3Fu%3D2BpAyz2gMiWncm9VNmlAr0QKQcm4ysQKBe&amp;t=1711661954&amp;ymreqid=a1e28384-e738-286e-1ced-6c002c012e00&amp;sig=ONGPRyawUeksUo6_.Khstg--~D\" width=\"560\" border=\"0\" \/><\/td>\n<\/tr>\n<tr>\n<td class=\"yiv6801264242r15-c\" align=\"left\">\n<table class=\"yiv6801264242r10-o\" role=\"presentation\" border=\"0\" width=\"100%\" cellspacing=\"0\" cellpadding=\"0\">\n<tbody>\n<tr>\n<td class=\"yiv6801264242r16-i yiv6801264242nl2go-default-textstyle\" valign=\"top\">\n<div>\n<p>&nbsp;<\/p>\n<p>USO EFICIENTE DE INTERNET<\/p>\n<p>Sostuvieron desde CEPRAL: &#8220;Queremos que vivas una mejor experiencia de Internet, por eso te compartimos nuevos tips:<\/p>\n<p>Si observ\u00e1s problemas con la conexi\u00f3n de Internet en la televisi\u00f3n, los motivos pueden ser diversos. A veces, podr\u00e1s llevar a cabo algunos cambios y ajustes para que la se\u00f1al llegue mejor y evitar cortes. Te vamos a contar cu\u00e1les son las causas principales por las que <strong>el Wi-Fi va lento en tu TV<\/strong> y qu\u00e9 podes hacer para intentar solucionarlo&#8221;.<\/p>\n<p>Estos problemas podr\u00edan afectar tambi\u00e9n a otros dispositivos y no solo a la televisi\u00f3n. Sin embargo, las Smart TV suelen tener menos capacidad, por lo que estos problemas pueden afectar m\u00e1s y dar lugar a fallos para conectarlas a Internet y ver contenido en Streaming sin sufrir los molestos cortes.<\/p>\n<h2 class=\"yiv6801264242default-heading2\"><strong>Por qu\u00e9 Wi-Fi no funciona bien en la TV<\/strong><\/h2>\n<p>Se puede notar tanto en <strong>velocidad<\/strong>, como tambi\u00e9n en\u00a0<strong>calidad<\/strong>. Podr\u00edas ver que la conexi\u00f3n es lenta, pero tambi\u00e9n que se corta continuamente, y no te permite reproducir v\u00eddeos en Streaming con calidad. En ambos casos, va a haber diferentes motivos por los cuales podes notar estos problemas:<\/p>\n<h3 class=\"yiv6801264242default-heading3\">Demasiado lejos del router<\/h3>\n<p>El primer motivo, es simplemente tener la\u00a0<strong>televisi\u00f3n demasiado lejos<\/strong>\u00a0del router. Puede que hagas un test de velocidad con la computadora o con el celular y veas que te llega correctamente. Sin embargo, not\u00e1s que en la televisi\u00f3n eso no es as\u00ed y ten\u00e9s m\u00e1s problemas para alcanzar una buena velocidad y ver contenido en alta calidad.<\/p>\n<p>Lo que ocurre es que la televisi\u00f3n suele tener menos potencia. La se\u00f1al va a llegar m\u00e1s d\u00e9bil y eso har\u00e1 que la velocidad no sea la adecuada. Para evitar que esto ocurra, lo que podes hacer es intentar mejorar la cobertura instalando alg\u00fan repetidor, sistema Mesh, dispositivos PLC o directamente conectar la TV por cable y no por Wi-Fi.<\/p>\n<h3 class=\"yiv6801264242default-heading3\">Hay interferencias<\/h3>\n<p>Otra causa es cuando hay\u00a0<strong>interferencias<\/strong>. Puede que tengas dispositivos cerca de la televisi\u00f3n y est\u00e1n generando problemas. Puede ser debido al uso del Bluetooth, por ejemplo. Al utilizar la frecuencia de los 2,4 GHz, eso puede dar lugar a que haya cortes y tengas problemas con la conexi\u00f3n inal\u00e1mbrica que recibe la Smart TV.<\/p>\n<p>Si tenes parlantes Bluetooth, mandos y dispositivos similares, lo ideal es que los apagues cuando no los necesites. Eso evitar\u00e1 que se generen interferencias y que la velocidad de la Wi-Fi pueda verse afectada. Otros aparatos pueden afectar a la TV aunque no seas consciente de ello. Conviene\u00a0<a href=\"https:\/\/41sau.r.sp1-brevo.net\/mk\/cl\/f\/sh\/1t6Af4OiGsE8LM5ebIag3QLIYOcXVS\/7woUHtNycgqa\" target=\"_blank\" rel=\"nofollow noopener noreferrer\"><strong>medir la estabilidad de la conexi\u00f3n<\/strong><\/a>\u00a0para detectar problemas.<\/p>\n<h3 class=\"yiv6801264242default-heading3\">Limitaciones de la TV<\/h3>\n<p>Adem\u00e1s, puede que simplemente tenga\u00a0<strong>limitaciones<\/strong>\u00a0esa televisi\u00f3n. La tarjeta de red inal\u00e1mbrica no es lo suficientemente potente para recibir bien la se\u00f1al y eso va a hacer que la conexi\u00f3n sea lenta, o que no tengas la velocidad suficiente para poder ver contenido de alta calidad en Streaming.<\/p>\n<p>En algunos casos, cambiar el adaptador del Wi-Fi de la Smart TV puede ser la soluci\u00f3n. Lograr\u00e1s una mayor velocidad, m\u00e1s cobertura y, en definitiva, evitar\u00e1s problemas que afecten a tu d\u00eda a d\u00eda.<\/p>\n<p>Estas son las principales razones por las que el Wi-Fi va lento en tu televisi\u00f3n. Podes tomar ciertas medidas para mejorar la se\u00f1al y ver contenido en Streaming sin tantos cortes.<\/p>\n<p>Siguiendo estas recomendaciones podremos hacer \u00a0m\u00e1s eficiente nuestra conexi\u00f3n de Internet y recordemos que el uso de Internet en el domicilio es responsabilidad del usuario.<\/p>\n<p>&nbsp;<\/p>\n<\/div>\n<\/td>\n<\/tr>\n<\/tbody>\n<\/table>\n<\/td>\n<\/tr>\n<tr>\n<td class=\"yiv6801264242r14-c\" align=\"center\"><img decoding=\"async\" src=\"https:\/\/ecp.yusercontent.com\/mail?url=https%3A%2F%2F41sau.img.sp1-brevo.net%2Fim%2Fsh%2F1lV_qGOapgmY.jpg%3Fu%3D2BpAyz2gMiWnco22ZZrj1smRcgWPxYEKQ6&amp;t=1711661954&amp;ymreqid=a1e28384-e738-286e-1ced-6c002c012e00&amp;sig=Z2cHPQw8R4WkzJD0oVVedA--~D\" width=\"560\" border=\"0\" \/><\/td>\n<\/tr>\n<tr>\n<td class=\"yiv6801264242r15-c\" align=\"left\">\n<table class=\"yiv6801264242r10-o\" role=\"presentation\" border=\"0\" width=\"100%\" cellspacing=\"0\" cellpadding=\"0\">\n<tbody>\n<tr>\n<td class=\"yiv6801264242r16-i yiv6801264242nl2go-default-textstyle\" valign=\"top\">\n<div>\n<p><em><strong>Recomendaciones para ahorrar energ\u00eda en el hogar<\/strong><\/em><\/p>\n<p>&nbsp;<\/p>\n<p><strong>Etiqueta de Eficiencia Energ\u00e9tica<\/strong><\/p>\n<p>En Argentina existen hasta siete categor\u00edas de eficiencia energ\u00e9tica, identificadas con barras de colores y letras en orden alfab\u00e9tico; desde el color verde y letra A para los equipos m\u00e1s eficientes, hasta el color rojo y la letra G para los menos eficientes. Este es un patr\u00f3n comparativo. Por ejemplo, la letra A indica que el aparato consume menos del 55% que un aparato est\u00e1ndar.<\/p>\n<p>A la hora de comprar, es muy importante optar por el artefacto m\u00e1s eficiente, que tenga el tama\u00f1o adecuado y que -cumpla con las funciones que necesitamos, ya que el mismo artefacto pero de distinta categor\u00eda puede llegar a consumir hasta tres veces m\u00e1s.<\/p>\n<p><strong>Calefacci\u00f3n<\/strong><\/p>\n<p>-Una temperatura de 20\u00b0C, en la mayor parte de las zonas clim\u00e1ticas del pa\u00eds, es suficiente para mantener el ambiente en condiciones confortables en invierno.<\/p>\n<p>-Se recomienda no calefaccionar los ambientes que no se utilicen y limpiar y hacer el mantenimiento de los sistemas, aunque si tienen m\u00e1s de 15 a\u00f1os de uso se recomienda cambiarlos. Si la llama es amarilla o roja y crepita (intermitente), la limpieza es obligatoria.<\/p>\n<p>-Es suficiente abrir las ventanas entre unos 5 a 10 minutos para renovar el aire de los ambientes del hogar. Cerrar las cortinas y persianas por la noche evitar\u00e1 importantes p\u00e9rdidas de calor.<\/p>\n<p>-Algunos termostatos se pueden programar de manera de bajar la temperatura a la hora de acostarse o cuando no est\u00e9s en tu casa.<\/p>\n<p><strong>Cocina<\/strong><\/p>\n<p>-En primer lugar es necesario recordar que, en general, los anafes el\u00e9ctricos son menos eficientes (gastan m\u00e1s energ\u00eda) que la cocina a gas.<\/p>\n<p>-No olvidar tapar las ollas al cocinar: la cocci\u00f3n ser\u00e1 m\u00e1s r\u00e1pida y se ahorra hasta un 25% de energ\u00eda.<\/p>\n<p>-La llama no debe superar el di\u00e1metro del recipiente, para no desperdiciar energ\u00eda. La parte de la llama que sobresale no aporta calor a la cocci\u00f3n.<\/p>\n<p>-Disminuir la llama cuando se alcanza el punto de hervor.<\/p>\n<p>-Limpiar los quemadores: si est\u00e1n sucios demoran la cocci\u00f3n de los alimentos y aumenta el consumo de energ\u00eda. Si la llama es amarilla o roja y crepita (es decir, si es intermitente), la limpieza es obligatoria.<\/p>\n<p>-En cocinas radiantes apagar las hornallas 5 minutos antes del fin de la cocci\u00f3n y continuar la misma con el calor acumulado en los quemadores.<\/p>\n<p><strong>Horno<\/strong><\/p>\n<p>-No abrir el horno innecesariamente para revisar la comida. Cada vez que se hace esto se pierde aproximadamente el 20% de la energ\u00eda acumulada. Revisar que la goma (burlete) que sella la puerta del horno est\u00e9 en buen estado para evitar p\u00e9rdidas de calor.<\/p>\n<p>-Aprovechar al m\u00e1ximo la temperatura del horno apag\u00e1ndolo antes de finalizar la cocci\u00f3n: el calor residual ser\u00e1 suficiente para acabar el proceso.<\/p>\n<p>-Realizar mantenimientos peri\u00f3dicos al horno a gas limpiando los quemadores e inyectores de la misma. Si la llama es amarilla o roja y crepita (intermitente), la limpieza es obligatoria.<\/p>\n<p><strong>Heladera y freezer<\/strong><\/p>\n<p>-Los modelos no-frost evitan la formaci\u00f3n de hielo y ello hace que se consuma menos energ\u00eda para el enfriamiento. Su potencia no es muy grande (entre 150W y 300W), pero al tener un uso continuo, el consumo de energ\u00eda es elevado. El etiquetado es obligatorio y actualmente el m\u00ednimo de eficiencia es la letra B.<\/p>\n<p>-La ubicaci\u00f3n de la heladera es muy importante: debe estar separada de la pared de manera de permitir la circulaci\u00f3n de aire en la parte trasera y estar alejada de los focos de calor o de la luz solar directa.<\/p>\n<p>-Si est\u00e1s por comprar una heladera, te recomendamos adquirir un equipo del tama\u00f1o que mejor se adapte a tus necesidades.<\/p>\n<p>-No se debe introducir alimentos calientes en la heladera porque se consume m\u00e1s energ\u00eda para enfriarlos. Abrir la heladera por el menor tiempo posible. Cada vez que se la abre pierde temperatura, recuperar esos valores genera m\u00e1s gasto de energ\u00eda.<\/p>\n<p>-Revisar que los burletes de las puertas est\u00e9n en buenas condiciones. En algunos casos conviene cambiarlos para evitar p\u00e9rdidas de fr\u00edo y ahorrar energ\u00eda. Y limpiar, al menos una vez al a\u00f1o, la parte trasera del equipo.<\/p>\n<p><strong>Peque\u00f1os electrodom\u00e9sticos<\/strong><\/p>\n<p>Por lo general los peque\u00f1os electrodom\u00e9sticos que realizan acciones como batir o trocear, tienen potencias bajas. Por otra parte, los que producen calor (plancha, tostadora, pava el\u00e9ctrica, etc.) tienen potencias mayores y dan lugar a consumos importantes de energ\u00eda si su tiempo de uso es prolongado.<\/p>\n<p>Aunque suene obvio, es clave apagar y desenchufar los aparatos el\u00e9ctricos que no se est\u00e9n usando. Desenchufar los aparatos el\u00e9ctricos en las noches porque en general cuando quedan enchufados, igual est\u00e1n consumiendo energ\u00eda.<\/p>\n<p><strong>Consejos para cuidar el agua<\/strong><\/p>\n<p>-El agua caliente es el segundo consumo de mayor energ\u00eda dentro de un hogar. Por eso se recomienda hacer un uso responsable en la ducha. No dejarla correr.<\/p>\n<p>-Cuando haya que comprar un inodoro nuevo, optar por los de doble descarga: pueden reducir el consumo de agua hasta en un 65%. Tienen la opci\u00f3n para descargar 3 o 9 litros, contra los inodoros tradicionales que utilizan entre 15 y 20 litros por descarga.<\/p>\n<p>-Por \u00faltimo, los aireadores en las canillas, son econ\u00f3micos y f\u00e1ciles de colocar.<\/p>\n<p><strong>Lavarropa<\/strong><\/p>\n<p>-En cuanto a la etiqueta, es obligatorio y tiene como m\u00ednimo de eficiencia la letra B. Aquellos lavarropas de clase A pueden ahorrar hasta un 50% en comparaci\u00f3n con los de clase G.<\/p>\n<p>-Es importante evaluar el grado de suciedad de la ropa que se va a lavar. Separando la ropa seg\u00fan lo sucia que est\u00e9 se administran mejor los ciclos de lavado y se mejora el uso de los ciclos cortos. Si hay ropa realmente sucia o con manchas dif\u00edciles es recomendable hacer un prelavado.<\/p>\n<p>-Usar el lavarropa a la m\u00e1xima capacidad de carga y con ciclos cortos de lavado.<\/p>\n<p>-Lavar siempre con agua fr\u00eda. Si fuera necesario calentar el agua, la temperatura no debe superar los 60 \u00b0C porque as\u00ed se reduce el gasto a la mitad que si se lavar a 90 \u00b0C.<\/p>\n<p>-Centrifugando se ahorra m\u00e1s energ\u00eda que utilizando un secarropas. Lo ideal es secar colgando la ropa al sol o aire libre.<\/p>\n<p>-Utilizar la menor cantidad de jab\u00f3n posible, indicada en el envase del producto: pasarse de la medida implica que el lavarropas trabaje de m\u00e1s para eliminarlo.<\/p>\n<p><strong>Aire acondicionado<\/strong><\/p>\n<p>-Es importante consultar con un profesional sobre el tipo de equipamiento que mejor responda a las necesidades y a las caracter\u00edsticas de las habitaciones a climatizar. Hay distintos sistemas de acondicionamiento de aire:<\/p>\n<p>-En verano, al usar el aire acondicionado ajustar el termostato a 24 \u00b0C porque los ambientes no se enfriaran mas r\u00e1pido aunque bajemos mas la temperatura. Adem\u00e1s ser\u00e1 un gasto innecesario de energ\u00eda. Cada grado de diferencia supone un ahorro de un 8% de energ\u00eda.<\/p>\n<p>-En invierno, en la mayor parte de las zonas clim\u00e1ticas del pa\u00eds, ajustar la temperatura a 20 \u00b0C es suficiente para mantener el ambiente en condiciones confortable. Bajar el termostato en 1 \u00b0C puede generar un ahorro del 10% al 20% del consumo en calefacci\u00f3n.<\/p>\n<p>-Los sistemas evaporativos est\u00e1n pensados para refrescar el ambiente unos pocos grados, y adem\u00e1s, su consumo es muy bajo. En determinados lugares, un ventilador, preferentemente de techo, puede ser suficiente para mantener un adecuado confort. Estos producen una sensaci\u00f3n de descenso de la temperatura de entre 3 y 5 \u00baC.<\/p>\n<p>-Limpiar los filtros cada temporada, cuando est\u00e1n sucios el equipo debe funcionar por m\u00e1s tiempo para obtener el mismo resultado que con los filtros limpios.<\/p>\n<p>-La altura recomendada para colocar un acondicionador de aire es de 1.80 a 2 metros, porque el aire caliente sube y desplaza al aire fr\u00edo, que tiende a bajar.<\/p>\n<p>-Instalando toldos, aleros o persianas en las ventanas donde da el sol, reduc\u00eds a\u00fan m\u00e1s el uso del aire acondicionado en verano.<\/p>\n<p>-Los nuevos aires acondicionados utilizan el gas refrigerante R410A son m\u00e1s eficientes y menos contaminante que el antiguamente utilizado R22.<\/p>\n<p>-La tecnolog\u00eda Inverter permite al equipo variar su frecuencia y regular el ciclo el\u00e9ctrico reduciendo el consumo de energ\u00eda hasta un 60%. Esto hace que se eviten los picos de consumo que se generan cuando el compresor arranca, alcanzando mayores niveles de confort ya que mantiene la temperatura del ambiente.<\/p>\n<p><strong>Computadora<\/strong><\/p>\n<p>-La cantidad de equipos inform\u00e1ticos en los hogares aumenta a\u00f1o a a\u00f1o. Los equipos port\u00e1tiles consumen mucho menos que los de escritorio, ya que en su dise\u00f1o influye el consumo energ\u00e9tico debido a que este impacta en la duraci\u00f3n de la bater\u00eda. Esto hizo que se busque la eficiencia en los componentes que la integran (pantallas, adaptadores y discos duros y UCP) los que incluyen funciones de gesti\u00f3n del consumo.<\/p>\n<p>-La pantalla de la computadora\/laptop es el elemento que m\u00e1s energ\u00eda consume, siendo recomendable el uso de pantallas planas para un mayor ahorro energ\u00e9tico.<\/p>\n<p>-No dejar los equipos en modo de espera (stand-by) porque consumen energ\u00eda.<\/p>\n<p>-Si te ausentas de tu computadora por 10 minutos apagar el monitor y si la ausencia es mayor a 30 minutos apagar todo el equipo.<\/p>\n<p>-Otra alternativa es conectar los equipos a una base (tambi\u00e9n conocida como m\u00faltiple o zapatilla) con interruptor on-off que evite la tarea de enchufar o desenchufar. Inclusive algunas bases est\u00e1n protegidas con un interruptor t\u00e9rmico contra sobrecargas.<\/p>\n<p><strong>Televisor<\/strong><\/p>\n<p>-El consumo de energ\u00eda del televisor estar\u00e1 relacionado con el tipo de la pantalla y la cantidad de horas de uso. La pantalla que menos energ\u00eda consume es la de LED, en segundo lugar la de LCD (cristal l\u00edquido) y, por \u00faltimo, la de plasma. Es importante mencionar que los TV de mayor consumo energ\u00e9tico son los de tubo de rayos cat\u00f3dicos. Si bien esta tecnolog\u00eda pr\u00e1cticamente no est\u00e1 disponible en el mercado, todav\u00eda hay hogares que tiene este tipo de equipos.<\/p>\n<p>-Conectar todos los equipos (televisores, DVD, equipo de audio, etc.) a una zapatilla para poder conectarlos y desconectarlos con facilidad y as\u00ed evitar tenerlos en modo de espera.<\/p>\n<p>&nbsp;<\/p>\n<p>&nbsp;<\/p>\n<p>&nbsp;<\/p>\n<\/div>\n<\/td>\n<\/tr>\n<\/tbody>\n<\/table>\n<\/td>\n<\/tr>\n<\/tbody>\n<\/table>\n<\/td>\n<\/tr>\n<\/tbody>\n<\/table>\n<\/th>\n<\/tr>\n<\/tbody>\n<\/table>\n<\/td>\n<\/tr>\n<\/tbody>\n<\/table>\n<table class=\"yiv6801264242r7-o\" role=\"presentation\" border=\"0\" width=\"100%\" cellspacing=\"0\" cellpadding=\"0\" align=\"center\">\n<tbody>\n<tr>\n<td class=\"yiv6801264242r23-i\">\n<table role=\"presentation\" border=\"0\" width=\"100%\" cellspacing=\"0\" cellpadding=\"0\">\n<tbody>\n<tr>\n<th class=\"yiv6801264242r5-c\" valign=\"top\" width=\"100%\">\n<table class=\"yiv6801264242r10-o\" role=\"presentation\" border=\"0\" width=\"100%\" cellspacing=\"0\" cellpadding=\"0\" align=\"left\">\n<tbody>\n<tr>\n<td class=\"yiv6801264242r11-i yiv6801264242nl2go-default-textstyle\" valign=\"top\">\n<div>\n<p><strong>Es de suma importancia contar con los requisitos t\u00e9cnicos de protecci\u00f3n el\u00e9ctrica dentro de los domicilios. \u00a0<\/strong><\/p>\n<\/div>\n<\/td>\n<\/tr>\n<\/tbody>\n<\/table>\n<\/th>\n<\/tr>\n<\/tbody>\n<\/table>\n<\/td>\n<\/tr>\n<\/tbody>\n<\/table>\n<table class=\"yiv6801264242r7-o\" role=\"presentation\" border=\"0\" width=\"100%\" cellspacing=\"0\" cellpadding=\"0\" align=\"center\">\n<tbody>\n<tr>\n<td class=\"yiv6801264242r24-i\">\n<table role=\"presentation\" border=\"0\" width=\"100%\" cellspacing=\"0\" cellpadding=\"0\">\n<tbody>\n<tr>\n<th class=\"yiv6801264242r5-c\" valign=\"top\" width=\"100%\">\n<table class=\"yiv6801264242r10-o\" role=\"presentation\" border=\"0\" width=\"100%\" cellspacing=\"0\" cellpadding=\"0\" align=\"left\">\n<tbody>\n<tr>\n<td class=\"yiv6801264242r11-i yiv6801264242nl2go-default-textstyle\" valign=\"top\">\n<div>\n<p>El Uso Racional de la Energ\u00eda El\u00e9ctrica nos beneficia a t<\/p>\n<\/div>\n<\/td>\n<\/tr>\n<\/tbody>\n<\/table>\n<\/th>\n<\/tr>\n<\/tbody>\n<\/table>\n<\/td>\n<\/tr>\n<\/tbody>\n<\/table>\n","protected":false},"excerpt":{"rendered":"<p>AMPLIA Y PORMENORIZADA INFORMACI\u00d3N IMPORTANTE PARA LOS USUARIOS.<\/p>\n","protected":false},"author":3,"featured_media":24614,"comment_status":"open","ping_status":"open","sticky":false,"template":"","format":"standard","meta":{"footnotes":"","jetpack_publicize_message":"","jetpack_publicize_feature_enabled":true,"jetpack_social_post_already_shared":true,"jetpack_social_options":{"image_generator_settings":{"template":"highway","default_image_id":0,"font":"","enabled":false},"version":2}},"categories":[5],"tags":[],"class_list":["post-24604","post","type-post","status-publish","format-standard","has-post-thumbnail","hentry","category-aqui-parada-robles"],"jetpack_publicize_connections":[],"jetpack_featured_media_url":"https:\/\/revistaepocadigital.com.ar\/wp-content\/uploads\/2024\/03\/LUZ111-1.jpg","jetpack_likes_enabled":true,"_links":{"self":[{"href":"https:\/\/revistaepocadigital.com.ar\/index.php?rest_route=\/wp\/v2\/posts\/24604","targetHints":{"allow":["GET"]}}],"collection":[{"href":"https:\/\/revistaepocadigital.com.ar\/index.php?rest_route=\/wp\/v2\/posts"}],"about":[{"href":"https:\/\/revistaepocadigital.com.ar\/index.php?rest_route=\/wp\/v2\/types\/post"}],"author":[{"embeddable":true,"href":"https:\/\/revistaepocadigital.com.ar\/index.php?rest_route=\/wp\/v2\/users\/3"}],"replies":[{"embeddable":true,"href":"https:\/\/revistaepocadigital.com.ar\/index.php?rest_route=%2Fwp%2Fv2%2Fcomments&post=24604"}],"version-history":[{"count":0,"href":"https:\/\/revistaepocadigital.com.ar\/index.php?rest_route=\/wp\/v2\/posts\/24604\/revisions"}],"wp:featuredmedia":[{"embeddable":true,"href":"https:\/\/revistaepocadigital.com.ar\/index.php?rest_route=\/wp\/v2\/media\/24614"}],"wp:attachment":[{"href":"https:\/\/revistaepocadigital.com.ar\/index.php?rest_route=%2Fwp%2Fv2%2Fmedia&parent=24604"}],"wp:term":[{"taxonomy":"category","embeddable":true,"href":"https:\/\/revistaepocadigital.com.ar\/index.php?rest_route=%2Fwp%2Fv2%2Fcategories&post=24604"},{"taxonomy":"post_tag","embeddable":true,"href":"https:\/\/revistaepocadigital.com.ar\/index.php?rest_route=%2Fwp%2Fv2%2Ftags&post=24604"}],"curies":[{"name":"wp","href":"https:\/\/api.w.org\/{rel}","templated":true}]}}