{"id":24627,"date":"2024-03-30T01:21:11","date_gmt":"2024-03-30T04:21:11","guid":{"rendered":"https:\/\/revistaepocadigital.com.ar\/?p=24627"},"modified":"2024-03-30T01:21:11","modified_gmt":"2024-03-30T04:21:11","slug":"en-la-delegacion-de-capilla-tambien-protestas-por-despidos-en-anses","status":"publish","type":"post","link":"https:\/\/revistaepocadigital.com.ar\/?p=24627","title":{"rendered":"En la delegaci\u00f3n de Capilla, tambi\u00e9n protestas por despidos en ANSES"},"content":{"rendered":"<h6><strong>LOS CARTELES COLOCADOS EN LAS PAREDES Y EL CLIMA REINANTE, REFLEJAN EL MUY COMPLEJO PRESENTE.<\/strong><\/h6>\n<p><!--more--><\/p>\n<p>Empleados de la delegaci\u00f3n de ANSES en Capilla del Se\u00f1or, han protestado en los \u00faltimos d\u00edas en rechazo a los despido que se han venido produciendo, ante las decisiones adoptadas por el gobierno de Javier Milei que en esta materia, abarca a m\u00e1s organismos de la administraci\u00f3n central.<\/p>\n<p>Los trabajadores de ANSES en Capilla del Se\u00f1or mostraron el repudio originado por las medidas del gobierno nacional, considerandolas un ataque contra los derechos de los trabajadores. Adem\u00e1s, contrariamente a lo se\u00f1alado por el gobierno, han se\u00f1alado que existen despidos arbitrarios. Exigen al gobierno que d\u00e9 marcha atr\u00e1s con las medidas de ajuste, y que defienda y preserve los derechos de los trabajadores.<\/p>\n<p>Las protestas en ANSES se suman a medidas de protesta que tambi\u00e9n existen en otras dependencias y organismos del Estado. Se estimaba, seg\u00fan inform\u00f3 el medio La Gaceta de Exaltaci\u00f3n que eran m\u00e1s de 10 mil los trabajadores estatales despedidos por el gobierno nacional.<\/p>\n","protected":false},"excerpt":{"rendered":"<p>LOS CARTELES COLOCADOS EN LAS PAREDES Y EL CLIMA REINANTE, REFLEJAN EL MUY COMPLEJO PRESENTE.<\/p>\n","protected":false},"author":3,"featured_media":24628,"comment_status":"open","ping_status":"open","sticky":false,"template":"","format":"standard","meta":{"footnotes":"","jetpack_publicize_message":"","jetpack_publicize_feature_enabled":true,"jetpack_social_post_already_shared":true,"jetpack_social_options":{"image_generator_settings":{"template":"highway","default_image_id":0,"font":"","enabled":false},"version":2}},"categories":[17],"tags":[21,2686,2687],"class_list":["post-24627","post","type-post","status-publish","format-standard","has-post-thumbnail","hentry","category-politica","tag-anses","tag-despidos","tag-protestas"],"jetpack_publicize_connections":[],"jetpack_featured_media_url":"https:\/\/revistaepocadigital.com.ar\/wp-content\/uploads\/2024\/03\/anses-capi.jpg","jetpack_likes_enabled":true,"_links":{"self":[{"href":"https:\/\/revistaepocadigital.com.ar\/index.php?rest_route=\/wp\/v2\/posts\/24627","targetHints":{"allow":["GET"]}}],"collection":[{"href":"https:\/\/revistaepocadigital.com.ar\/index.php?rest_route=\/wp\/v2\/posts"}],"about":[{"href":"https:\/\/revistaepocadigital.com.ar\/index.php?rest_route=\/wp\/v2\/types\/post"}],"author":[{"embeddable":true,"href":"https:\/\/revistaepocadigital.com.ar\/index.php?rest_route=\/wp\/v2\/users\/3"}],"replies":[{"embeddable":true,"href":"https:\/\/revistaepocadigital.com.ar\/index.php?rest_route=%2Fwp%2Fv2%2Fcomments&post=24627"}],"version-history":[{"count":0,"href":"https:\/\/revistaepocadigital.com.ar\/index.php?rest_route=\/wp\/v2\/posts\/24627\/revisions"}],"wp:featuredmedia":[{"embeddable":true,"href":"https:\/\/revistaepocadigital.com.ar\/index.php?rest_route=\/wp\/v2\/media\/24628"}],"wp:attachment":[{"href":"https:\/\/revistaepocadigital.com.ar\/index.php?rest_route=%2Fwp%2Fv2%2Fmedia&parent=24627"}],"wp:term":[{"taxonomy":"category","embeddable":true,"href":"https:\/\/revistaepocadigital.com.ar\/index.php?rest_route=%2Fwp%2Fv2%2Fcategories&post=24627"},{"taxonomy":"post_tag","embeddable":true,"href":"https:\/\/revistaepocadigital.com.ar\/index.php?rest_route=%2Fwp%2Fv2%2Ftags&post=24627"}],"curies":[{"name":"wp","href":"https:\/\/api.w.org\/{rel}","templated":true}]}}