{"id":24665,"date":"2024-04-02T22:51:02","date_gmt":"2024-04-03T01:51:02","guid":{"rendered":"https:\/\/revistaepocadigital.com.ar\/?p=24665"},"modified":"2024-04-02T22:52:43","modified_gmt":"2024-04-03T01:52:43","slug":"el-bar-di-yorio-mezcla-de-historia-amistad-y-buenos-momentos-cumplio-99-anos","status":"publish","type":"post","link":"https:\/\/revistaepocadigital.com.ar\/?p=24665","title":{"rendered":"El BAR DI YORIO, MEZCLA DE HISTORIA, AMISTAD Y BUENOS MOMENTOS. CUMPLI\u00d3 99 A\u00d1OS"},"content":{"rendered":"<div>\n<div class=\"\" dir=\"auto\">\n<div id=\":rki:\" class=\"x1iorvi4 x1pi30zi x1l90r2v x1swvt13\" data-ad-comet-preview=\"message\" data-ad-preview=\"message\">\n<div class=\"x78zum5 xdt5ytf xz62fqu x16ldp7u\">\n<div class=\"xu06os2 x1ok221b\">\n<div class=\"xdj266r x11i5rnm xat24cr x1mh8g0r x1vvkbs x126k92a\">\n<div dir=\"auto\"><strong>UNA DE LAS REFERENCIAS INELUDIBLES EN CARDALES.<!--more--><\/strong><\/div>\n<div dir=\"auto\"><\/div>\n<div dir=\"auto\">99 a\u00f1os, \u00a1Cu\u00e1ntas, cientos y cientos de an\u00e9cdotas, de historias, episodio, visitantes ilustres, entre quienes, los Di Yorio en la actualidad, los que siguen prolongando la historia!<\/div>\n<div dir=\"auto\"><\/div>\n<div dir=\"auto\">Naci\u00f3 en la emblem\u00e1tica esquina de Rivadavia y 25 de Mayo. All\u00ed los precursores Alfino Di Yorio y Juana Basiglio, ofrec\u00edan alojamiento y buena comida a los pasajeros que hac\u00edan un alto en Los Cardales, y hasta les ofrec\u00edan un corral para soltar a los animales.<\/div>\n<\/div>\n<div dir=\"auto\"><\/div>\n<div class=\"xdj266r x11i5rnm xat24cr x1mh8g0r x1vvkbs x126k92a\">\n<div dir=\"auto\"><img loading=\"lazy\" decoding=\"async\" class=\"aligncenter size-full wp-image-24671\" src=\"https:\/\/revistaepocadigital.com.ar\/wp-content\/uploads\/2024\/04\/diyo-2.jpg\" alt=\"\" width=\"576\" height=\"646\" srcset=\"https:\/\/revistaepocadigital.com.ar\/wp-content\/uploads\/2024\/04\/diyo-2.jpg 576w, https:\/\/revistaepocadigital.com.ar\/wp-content\/uploads\/2024\/04\/diyo-2-267x300.jpg 267w, https:\/\/revistaepocadigital.com.ar\/wp-content\/uploads\/2024\/04\/diyo-2-374x420.jpg 374w\" sizes=\"auto, (max-width: 576px) 100vw, 576px\" \/><\/div>\n<\/div>\n<div class=\"x11i5rnm xat24cr x1mh8g0r x1vvkbs xtlvy1s x126k92a\">\n<div dir=\"auto\">Desde que se inaugur\u00f3 en 1912, con el nombre de Fonda-Bar, ha sido lugar de encuentro para cardalenses y visitantes con dos que dejaron su sello, Alfredo Dist\u00e9fano una de las glorias del f\u00fatbol mundial y el folclorista recordado, Jorge Cafrune, as\u00ed como uno de los hacedores de nuestro pa\u00eds, Juan B. Justo quien supo brindar charlas de alto contenido pol\u00edtico.<\/div>\n<\/div>\n<\/div>\n<\/div>\n<\/div>\n<\/div>\n<\/div>\n<p>&nbsp;<\/p>\n<div dir=\"auto\"><img loading=\"lazy\" decoding=\"async\" class=\"aligncenter size-full wp-image-24673\" src=\"https:\/\/revistaepocadigital.com.ar\/wp-content\/uploads\/2024\/04\/diyo3-1.jpg\" alt=\"\" width=\"432\" height=\"539\" srcset=\"https:\/\/revistaepocadigital.com.ar\/wp-content\/uploads\/2024\/04\/diyo3-1.jpg 432w, https:\/\/revistaepocadigital.com.ar\/wp-content\/uploads\/2024\/04\/diyo3-1-240x300.jpg 240w, https:\/\/revistaepocadigital.com.ar\/wp-content\/uploads\/2024\/04\/diyo3-1-337x420.jpg 337w\" sizes=\"auto, (max-width: 432px) 100vw, 432px\" \/><\/div>\n<div>\n<div class=\"\" dir=\"auto\">\n<div id=\":rki:\" class=\"x1iorvi4 x1pi30zi x1l90r2v x1swvt13\" data-ad-comet-preview=\"message\" data-ad-preview=\"message\">\n<div class=\"x78zum5 xdt5ytf xz62fqu x16ldp7u\">\n<div class=\"xu06os2 x1ok221b\">\n<div class=\"x11i5rnm xat24cr x1mh8g0r x1vvkbs xtlvy1s x126k92a\">\n<div dir=\"auto\">El primer tel\u00e9fono del pueblo a\u00fan sigue all\u00ed, colgado en la pared desde 1921. Ocho a\u00f1os antes de que las calles de tierra se iluminaran por primera vez con luz el\u00e9ctrica.<\/div>\n<\/div>\n<div class=\"x11i5rnm xat24cr x1mh8g0r x1vvkbs xtlvy1s x126k92a\">\n<div dir=\"auto\">En 1952 un vendedor de televisores que se dirig\u00eda a Rosario, tuvo que detenerse por una aver\u00eda en su auto y no dud\u00f3 en ofrecer sus productos al bar. Desde ese d\u00eda, la novedad del pueblo era reunirse frente a la pantalla en los horarios que indicaba la programaci\u00f3n de canal 7 que se encontraba escrita en la pizarra de afuera.<\/div>\n<\/div>\n<div class=\"x11i5rnm xat24cr x1mh8g0r x1vvkbs xtlvy1s x126k92a\">\n<div dir=\"auto\"><\/div>\n<\/div>\n<\/div>\n<\/div>\n<\/div>\n<\/div>\n<div id=\":rkj:\" class=\"x1n2onr6\">\n<div class=\"x1n2onr6\">\n<div class=\"x1n2onr6\">\n<div class=\"x1n2onr6\">\n<div class=\"x6ikm8r x10wlt62 x10l6tqk\">\n<div class=\"x6ikm8r x10wlt62\">\n<div class=\"xqtp20y x6ikm8r x10wlt62 x1n2onr6\">\n<div class=\"x10l6tqk x13vifvy\"><img decoding=\"async\" class=\"xz74otr x1ey2m1c xds687c x5yr21d x10l6tqk x17qophe x13vifvy xh8yej3\" src=\"https:\/\/scontent-eze1-1.xx.fbcdn.net\/v\/t39.30808-6\/434160143_18249568780221668_5399931070168003614_n.jpg?stp=dst-jpg_p720x720&amp;_nc_cat=109&amp;ccb=1-7&amp;_nc_sid=5f2048&amp;_nc_ohc=rxQF_T389kMAX-i4MXC&amp;_nc_ht=scontent-eze1-1.xx&amp;oh=00_AfCzQfWDAaCQp8IGPf7G3MkAYBT3pcnssn_Z7cTJfFyg9g&amp;oe=661220CB\" alt=\"\" \/><\/div>\n<\/div>\n<div class=\"x1nb4dca x1q0q8m5 xso031l x1exxf4d x13fuv20 x178xt8z x1ey2m1c x9f619 xds687c x47corl x10l6tqk x17qophe x13vifvy\"><\/div>\n<\/div>\n<\/div>\n<\/div>\n<\/div>\n<\/div>\n<\/div>\n<\/div>\n<div>\n<div class=\"x168nmei x13lgxp2 x30kzoy x9jhf4c x6ikm8r x10wlt62\" data-visualcompletion=\"ignore-dynamic\">\n<div>\n<div>\n<div>\n<div class=\"x1n2onr6\">\n<div class=\"x9f619 x1n2onr6 x1ja2u2z x78zum5 x2lah0s x1qughib x1qjc9v5 xozqiw3 x1q0g3np xykv574 xbmpl8g x4cne27 xifccgj\">nota fuente gentileza: Exaltaci\u00f3n Informa<\/div>\n<\/div>\n<\/div>\n<\/div>\n<\/div>\n<\/div>\n<\/div>\n","protected":false},"excerpt":{"rendered":"<p>UNA DE LAS REFERENCIAS INELUDIBLES EN CARDALES.<\/p>\n","protected":false},"author":4,"featured_media":24670,"comment_status":"open","ping_status":"open","sticky":false,"template":"","format":"standard","meta":{"footnotes":"","jetpack_publicize_message":"","jetpack_publicize_feature_enabled":true,"jetpack_social_post_already_shared":true,"jetpack_social_options":{"image_generator_settings":{"template":"highway","default_image_id":0,"font":"","enabled":false},"version":2}},"categories":[12],"tags":[2690,2261],"class_list":["post-24665","post","type-post","status-publish","format-standard","has-post-thumbnail","hentry","category-espectaculos","tag-99-anos","tag-bar-di-yorio"],"jetpack_publicize_connections":[],"jetpack_featured_media_url":"https:\/\/revistaepocadigital.com.ar\/wp-content\/uploads\/2024\/04\/diyo1.jpg","jetpack_likes_enabled":true,"_links":{"self":[{"href":"https:\/\/revistaepocadigital.com.ar\/index.php?rest_route=\/wp\/v2\/posts\/24665","targetHints":{"allow":["GET"]}}],"collection":[{"href":"https:\/\/revistaepocadigital.com.ar\/index.php?rest_route=\/wp\/v2\/posts"}],"about":[{"href":"https:\/\/revistaepocadigital.com.ar\/index.php?rest_route=\/wp\/v2\/types\/post"}],"author":[{"embeddable":true,"href":"https:\/\/revistaepocadigital.com.ar\/index.php?rest_route=\/wp\/v2\/users\/4"}],"replies":[{"embeddable":true,"href":"https:\/\/revistaepocadigital.com.ar\/index.php?rest_route=%2Fwp%2Fv2%2Fcomments&post=24665"}],"version-history":[{"count":0,"href":"https:\/\/revistaepocadigital.com.ar\/index.php?rest_route=\/wp\/v2\/posts\/24665\/revisions"}],"wp:featuredmedia":[{"embeddable":true,"href":"https:\/\/revistaepocadigital.com.ar\/index.php?rest_route=\/wp\/v2\/media\/24670"}],"wp:attachment":[{"href":"https:\/\/revistaepocadigital.com.ar\/index.php?rest_route=%2Fwp%2Fv2%2Fmedia&parent=24665"}],"wp:term":[{"taxonomy":"category","embeddable":true,"href":"https:\/\/revistaepocadigital.com.ar\/index.php?rest_route=%2Fwp%2Fv2%2Fcategories&post=24665"},{"taxonomy":"post_tag","embeddable":true,"href":"https:\/\/revistaepocadigital.com.ar\/index.php?rest_route=%2Fwp%2Fv2%2Ftags&post=24665"}],"curies":[{"name":"wp","href":"https:\/\/api.w.org\/{rel}","templated":true}]}}