{"id":24675,"date":"2024-04-02T23:14:23","date_gmt":"2024-04-03T02:14:23","guid":{"rendered":"https:\/\/revistaepocadigital.com.ar\/?p=24675"},"modified":"2024-04-04T01:15:37","modified_gmt":"2024-04-04T04:15:37","slug":"24675","status":"publish","type":"post","link":"https:\/\/revistaepocadigital.com.ar\/?p=24675","title":{"rendered":"LAS MALVINAS, LOS VETERANOS Y LOS CA\u00cdDOS EN LA GUERRA. EL RECONOCIMIENTO ETERNO"},"content":{"rendered":"<div class=\"\" dir=\"auto\">\n<div id=\":rpe:\" class=\"x1iorvi4 x1pi30zi x1l90r2v x1swvt13\" data-ad-comet-preview=\"message\" data-ad-preview=\"message\">\n<div class=\"x78zum5 xdt5ytf xz62fqu x16ldp7u\">\n<div class=\"xu06os2 x1ok221b\">\n<div class=\"xdj266r x11i5rnm xat24cr x1mh8g0r x1vvkbs x126k92a\">\n<div dir=\"auto\"><strong>2 DE ABRIL: D\u00cdA DEL VETERANO Y DE LOS CA\u00cdDOS EN LA GUERRA DE MALVINAS.<!--more--><\/strong><\/div>\n<\/div>\n<div dir=\"auto\"><\/div>\n<div class=\"xdj266r x11i5rnm xat24cr x1mh8g0r x1vvkbs x126k92a\">\n<div dir=\"auto\">\n<div class=\"x11i5rnm xat24cr x1mh8g0r x1vvkbs xtlvy1s x126k92a\">\n<div dir=\"auto\">Se conmemor\u00f3 el D\u00eda del Veterano y de los Ca\u00eddos en la Guerra de Malvinas.<\/div>\n<\/div>\n<div class=\"x11i5rnm xat24cr x1mh8g0r x1vvkbs xtlvy1s x126k92a\">\n<div dir=\"auto\">El acto contempl\u00f3 el izamiento de la bandera argentina en la Plaza Islas Malvinas de Los Cardales, adem\u00e1s fue depositada una ofrenda floral por parte de Veteranos y sus familias.<\/div>\n<\/div>\n<\/div>\n<div dir=\"auto\">\n<figure id=\"attachment_24679\" aria-describedby=\"caption-attachment-24679\" style=\"width: 960px\" class=\"wp-caption aligncenter\"><img loading=\"lazy\" decoding=\"async\" class=\"size-full wp-image-24679\" src=\"https:\/\/revistaepocadigital.com.ar\/wp-content\/uploads\/2024\/04\/malvinas-dia.jpg\" alt=\"\" width=\"960\" height=\"679\" srcset=\"https:\/\/revistaepocadigital.com.ar\/wp-content\/uploads\/2024\/04\/malvinas-dia.jpg 960w, https:\/\/revistaepocadigital.com.ar\/wp-content\/uploads\/2024\/04\/malvinas-dia-300x212.jpg 300w, https:\/\/revistaepocadigital.com.ar\/wp-content\/uploads\/2024\/04\/malvinas-dia-768x543.jpg 768w, https:\/\/revistaepocadigital.com.ar\/wp-content\/uploads\/2024\/04\/malvinas-dia-100x70.jpg 100w, https:\/\/revistaepocadigital.com.ar\/wp-content\/uploads\/2024\/04\/malvinas-dia-200x140.jpg 200w, https:\/\/revistaepocadigital.com.ar\/wp-content\/uploads\/2024\/04\/malvinas-dia-696x492.jpg 696w, https:\/\/revistaepocadigital.com.ar\/wp-content\/uploads\/2024\/04\/malvinas-dia-594x420.jpg 594w\" sizes=\"auto, (max-width: 960px) 100vw, 960px\" \/><figcaption id=\"caption-attachment-24679\" class=\"wp-caption-text\">En el acto oficial, el intendente Nanni junto a veteranos de Malvinas. Muy sentido homenaje.<\/figcaption><\/figure>\n<\/div>\n<div dir=\"auto\">\n<div class=\"x11i5rnm xat24cr x1mh8g0r x1vvkbs xtlvy1s x126k92a\">\n<div dir=\"auto\">El acto oficial en el monumento por los Ca\u00eddos y Veteranos de Capilla del Se\u00f1or, se le rindi\u00f3 homenaje a los h\u00e9roes de Malvinas, y en particular a nuestros h\u00e9roes del distrito, manteni\u00e9ndose viva la memoria como todos los 2 de abril y cada d\u00eda del a\u00f1o como deber\u00eda ocurrir.<\/div>\n<div dir=\"auto\"><\/div>\n<\/div>\n<\/div>\n<div dir=\"auto\" style=\"text-align: center;\"><strong>LA VIGILIA<\/strong><\/div>\n<div dir=\"auto\"><\/div>\n<\/div>\n<div class=\"x11i5rnm xat24cr x1mh8g0r x1vvkbs xtlvy1s x126k92a\">\n<div dir=\"auto\">Por tercer a\u00f1o consecutivo se llev\u00f3 adelante la vigilia por el d\u00eda del Veterano y de los Ca\u00eddos en la guerra de Malvinas.<\/div>\n<\/div>\n<div class=\"x11i5rnm xat24cr x1mh8g0r x1vvkbs xtlvy1s x126k92a\">\n<div dir=\"auto\">Comenz\u00f3 con una ofrenda floral en el mural homenaje realizado por la muralista Bettina Sabbatini, ubicado en Parada Robles.<\/div>\n<\/div>\n<div class=\"x11i5rnm xat24cr x1mh8g0r x1vvkbs xtlvy1s x126k92a\">\n<div dir=\"auto\">Luego en el cenotafio ubicado en Capilla del Se\u00f1or, se realiz\u00f3 la procesi\u00f3n de motos, entrega de reconocimientos por parte de los Veteranos y el descubrimiento de los monolitos a los Veteranos fallecidos estos \u00faltimos a\u00f1os y a Luis Niz, h\u00e9roe del ARA San Juan.<\/div>\n<\/div>\n<div class=\"x11i5rnm xat24cr x1mh8g0r x1vvkbs xtlvy1s x126k92a\">\n<div dir=\"auto\">Adem\u00e1s, se llev\u00f3 adelante el descubrimiento de un nuevo mural y el encendido de velas a cargo de &#8220;Motociclistas Guardianes de Darwin&#8221; y vecinos, acompa\u00f1ados por la banda musical de la Escuela de Suboficiales Coronel Mart\u00edn Jacobo Thompson.<\/div>\n<div dir=\"auto\"><\/div>\n<\/div>\n<\/div>\n<\/div>\n<\/div>\n<\/div>\n<p><img decoding=\"async\" class=\"xz74otr x5yr21d x14atkfc\" src=\"https:\/\/scontent-eze1-1.xx.fbcdn.net\/v\/t15.5256-10\/433634711_393988493489533_5119806582322318066_n.jpg?stp=dst-jpg_s960x960&amp;_nc_cat=111&amp;ccb=1-7&amp;_nc_sid=5f2048&amp;_nc_ohc=Ii1umxlMiZkAX_UAfCv&amp;_nc_ht=scontent-eze1-1.xx&amp;oh=00_AfCCQiduDDYD77IpcHr6TZqlChpRLROjF0RWrQnHs2OHrg&amp;oe=66125479\" alt=\"\" \/><\/p>\n<div id=\":rpf:\" class=\"x1n2onr6\">\n<div class=\"x1n2onr6\">\n<div class=\"x78zum5 xdt5ytf x6ikm8r x10wlt62 x1n2onr6\">\n<div class=\"x6ikm8r x10wlt62 x1n2onr6\">\n<div class=\"x1n2onr6\">\n<div class=\"x1ey2m1c xds687c x5yr21d x10l6tqk x17qophe x13vifvy xh8yej3\" data-visualcompletion=\"ignore\">\n<div class=\"x1lliihq x5yr21d x1n2onr6 xh8yej3 x1ja2u2z\">\n<div data-instancekey=\"id-vpuid-fd9eedae434fe68aa\">\n<div class=\"x5yr21d x10l6tqk x13vifvy xh8yej3\" data-visualcompletion=\"ignore\">\n<pre class=\"x6s0dn4 x78zum5 x5yr21d xh8yej3\">El cenotafio existente en Capilla del Se\u00f1or.<\/pre>\n<div class=\"__fb-dark-mode x1afcbsf x1uhb9sk x1swf91x\">\n<div class=\"x1h0vfkc x1ey2m1c x9f619 x78zum5 xds687c xdt5ytf xl56j7k x10l6tqk x17qophe x13vifvy\">\n<div class=\"x78zum5 xdt5ytf x5yr21d xyamay9 x1pi30zi x18d9i69 x1swvt13\">\n<div class=\"x78zum5 xdt5ytf x1iyjqo2 x1a7vs8u xl56j7k x1l90r2v\">\n<p><iframe loading=\"lazy\" title=\"YouTube video player\" src=\"https:\/\/www.youtube.com\/embed\/iCoUlZRtNh4?si=ANhPBSNu5crBEHPl\" width=\"560\" height=\"315\" frameborder=\"0\" allowfullscreen=\"allowfullscreen\"><\/iframe><\/p>\n<\/div>\n<\/div>\n<\/div>\n<\/div>\n<\/div>\n<\/div>\n<\/div>\n<\/div>\n<\/div>\n<\/div>\n<\/div>\n<\/div>\n<\/div>\n","protected":false},"excerpt":{"rendered":"<p>2 DE ABRIL: D\u00cdA DEL VETERANO Y DE LOS CA\u00cdDOS EN LA GUERRA DE MALVINAS.<\/p>\n","protected":false},"author":4,"featured_media":24678,"comment_status":"open","ping_status":"open","sticky":false,"template":"","format":"standard","meta":{"footnotes":"","jetpack_publicize_message":"","jetpack_publicize_feature_enabled":true,"jetpack_social_post_already_shared":true,"jetpack_social_options":{"image_generator_settings":{"template":"highway","default_image_id":0,"font":"","enabled":false},"version":2}},"categories":[13],"tags":[1274,676,2691],"class_list":["post-24675","post","type-post","status-publish","format-standard","has-post-thumbnail","hentry","category-interes-general","tag-actos","tag-malvinas","tag-veteranos"],"jetpack_publicize_connections":[],"jetpack_featured_media_url":"https:\/\/revistaepocadigital.com.ar\/wp-content\/uploads\/2024\/04\/malvinas-nani.jpg","jetpack_likes_enabled":true,"_links":{"self":[{"href":"https:\/\/revistaepocadigital.com.ar\/index.php?rest_route=\/wp\/v2\/posts\/24675","targetHints":{"allow":["GET"]}}],"collection":[{"href":"https:\/\/revistaepocadigital.com.ar\/index.php?rest_route=\/wp\/v2\/posts"}],"about":[{"href":"https:\/\/revistaepocadigital.com.ar\/index.php?rest_route=\/wp\/v2\/types\/post"}],"author":[{"embeddable":true,"href":"https:\/\/revistaepocadigital.com.ar\/index.php?rest_route=\/wp\/v2\/users\/4"}],"replies":[{"embeddable":true,"href":"https:\/\/revistaepocadigital.com.ar\/index.php?rest_route=%2Fwp%2Fv2%2Fcomments&post=24675"}],"version-history":[{"count":0,"href":"https:\/\/revistaepocadigital.com.ar\/index.php?rest_route=\/wp\/v2\/posts\/24675\/revisions"}],"wp:featuredmedia":[{"embeddable":true,"href":"https:\/\/revistaepocadigital.com.ar\/index.php?rest_route=\/wp\/v2\/media\/24678"}],"wp:attachment":[{"href":"https:\/\/revistaepocadigital.com.ar\/index.php?rest_route=%2Fwp%2Fv2%2Fmedia&parent=24675"}],"wp:term":[{"taxonomy":"category","embeddable":true,"href":"https:\/\/revistaepocadigital.com.ar\/index.php?rest_route=%2Fwp%2Fv2%2Fcategories&post=24675"},{"taxonomy":"post_tag","embeddable":true,"href":"https:\/\/revistaepocadigital.com.ar\/index.php?rest_route=%2Fwp%2Fv2%2Ftags&post=24675"}],"curies":[{"name":"wp","href":"https:\/\/api.w.org\/{rel}","templated":true}]}}