{"id":24699,"date":"2024-04-01T10:55:53","date_gmt":"2024-04-01T13:55:53","guid":{"rendered":"https:\/\/revistaepocadigital.com.ar\/?p=24699"},"modified":"2024-04-03T11:07:57","modified_gmt":"2024-04-03T14:07:57","slug":"malvinas-y-autismo-temas-a-los-que-el-sindicato-empleados-de-comercio-zarate-adhirio-al-recuerdo-por-malvinas-y-al","status":"publish","type":"post","link":"https:\/\/revistaepocadigital.com.ar\/?p=24699","title":{"rendered":"Malvinas y Autismo. Temas a los que el Sindicato Empleados de Comercio Z\u00e1rate adhiri\u00f3"},"content":{"rendered":"<p><strong>LA ENTIDAD MOSTR\u00d3 SU COMPROMISO.<\/strong><!--more--><\/p>\n<p>&nbsp;<\/p>\n<p><img loading=\"lazy\" decoding=\"async\" class=\"aligncenter size-full wp-image-24701\" src=\"https:\/\/revistaepocadigital.com.ar\/wp-content\/uploads\/2024\/04\/autismo-sindi.jpeg\" alt=\"\" width=\"1080\" height=\"1080\" srcset=\"https:\/\/revistaepocadigital.com.ar\/wp-content\/uploads\/2024\/04\/autismo-sindi.jpeg 1080w, https:\/\/revistaepocadigital.com.ar\/wp-content\/uploads\/2024\/04\/autismo-sindi-300x300.jpeg 300w, https:\/\/revistaepocadigital.com.ar\/wp-content\/uploads\/2024\/04\/autismo-sindi-150x150.jpeg 150w, https:\/\/revistaepocadigital.com.ar\/wp-content\/uploads\/2024\/04\/autismo-sindi-768x768.jpeg 768w, https:\/\/revistaepocadigital.com.ar\/wp-content\/uploads\/2024\/04\/autismo-sindi-696x696.jpeg 696w, https:\/\/revistaepocadigital.com.ar\/wp-content\/uploads\/2024\/04\/autismo-sindi-1068x1068.jpeg 1068w, https:\/\/revistaepocadigital.com.ar\/wp-content\/uploads\/2024\/04\/autismo-sindi-420x420.jpeg 420w, https:\/\/revistaepocadigital.com.ar\/wp-content\/uploads\/2024\/04\/autismo-sindi-840x840.jpeg 840w\" sizes=\"auto, (max-width: 1080px) 100vw, 1080px\" \/><\/p>\n","protected":false},"excerpt":{"rendered":"<p>LA ENTIDAD MOSTR\u00d3 SU COMPROMISO.<\/p>\n","protected":false},"author":3,"featured_media":24700,"comment_status":"open","ping_status":"open","sticky":false,"template":"","format":"standard","meta":{"footnotes":"","jetpack_publicize_message":"","jetpack_publicize_feature_enabled":true,"jetpack_social_post_already_shared":true,"jetpack_social_options":{"image_generator_settings":{"template":"highway","default_image_id":0,"font":"","enabled":false},"version":2}},"categories":[13],"tags":[],"class_list":["post-24699","post","type-post","status-publish","format-standard","has-post-thumbnail","hentry","category-interes-general"],"jetpack_publicize_connections":[],"jetpack_featured_media_url":"https:\/\/revistaepocadigital.com.ar\/wp-content\/uploads\/2024\/04\/malvi-sindi.jpeg","jetpack_likes_enabled":true,"_links":{"self":[{"href":"https:\/\/revistaepocadigital.com.ar\/index.php?rest_route=\/wp\/v2\/posts\/24699","targetHints":{"allow":["GET"]}}],"collection":[{"href":"https:\/\/revistaepocadigital.com.ar\/index.php?rest_route=\/wp\/v2\/posts"}],"about":[{"href":"https:\/\/revistaepocadigital.com.ar\/index.php?rest_route=\/wp\/v2\/types\/post"}],"author":[{"embeddable":true,"href":"https:\/\/revistaepocadigital.com.ar\/index.php?rest_route=\/wp\/v2\/users\/3"}],"replies":[{"embeddable":true,"href":"https:\/\/revistaepocadigital.com.ar\/index.php?rest_route=%2Fwp%2Fv2%2Fcomments&post=24699"}],"version-history":[{"count":0,"href":"https:\/\/revistaepocadigital.com.ar\/index.php?rest_route=\/wp\/v2\/posts\/24699\/revisions"}],"wp:featuredmedia":[{"embeddable":true,"href":"https:\/\/revistaepocadigital.com.ar\/index.php?rest_route=\/wp\/v2\/media\/24700"}],"wp:attachment":[{"href":"https:\/\/revistaepocadigital.com.ar\/index.php?rest_route=%2Fwp%2Fv2%2Fmedia&parent=24699"}],"wp:term":[{"taxonomy":"category","embeddable":true,"href":"https:\/\/revistaepocadigital.com.ar\/index.php?rest_route=%2Fwp%2Fv2%2Fcategories&post=24699"},{"taxonomy":"post_tag","embeddable":true,"href":"https:\/\/revistaepocadigital.com.ar\/index.php?rest_route=%2Fwp%2Fv2%2Ftags&post=24699"}],"curies":[{"name":"wp","href":"https:\/\/api.w.org\/{rel}","templated":true}]}}