{"id":2470,"date":"2019-05-24T15:14:17","date_gmt":"2019-05-24T18:14:17","guid":{"rendered":"https:\/\/revistaepocadigital.com.ar\/?p=2470"},"modified":"2019-05-24T15:14:17","modified_gmt":"2019-05-24T18:14:17","slug":"rodrigo-beretta-al-campeonato-argentino-de-la-pizza","status":"publish","type":"post","link":"https:\/\/revistaepocadigital.com.ar\/?p=2470","title":{"rendered":"Rodrigo Beretta, al campeonato argentino de la pizza"},"content":{"rendered":"<p><strong>ORGULLOSO POR REPRESENTAR A EXALTACI\u00d3N DE LA CRUZ.<\/strong><!--more--><\/p>\n<p>As\u00ed lo ha reflejado <strong>Rodrigo Beretta<\/strong> de Capilla del Se\u00f1or, el maestro pizzero que compite contra los mejores especialistas en elaborar pizzas y empanadas en el pa\u00eds; el <strong>campeonato argentino de la pizza y la empanada,<\/strong> tiene lugar el lunes 3 y martes 4 de Junio.<\/p>\n<p><em>&#8220;Competir\u00e9 en pizza al molde, pizza a la piedra, gourmet, sin TACC, italiana, faina y empanada de carne. No se como me ir\u00e1 pero me estoy preparando con todo. Agradezco a Bordados de la Cruz por el trabajo realizado en la chaqueta. A cervecer\u00eda El Fruto que va a colaborar con cerveza artesanal para maridar las pizzas y empanadas durante la competencia. Y a todos por hacerme saber que van a estar pendientes de como vaya participando, y a mi familia y amigos que cada vez los veo menos por estar prepar\u00e1ndome para este certamen, gracias&#8221;,<\/em> ha comentado Rodrigo. Suerte!<\/p>\n","protected":false},"excerpt":{"rendered":"<p>ORGULLOSO POR REPRESENTAR A EXALTACI\u00d3N DE LA CRUZ.<\/p>\n","protected":false},"author":3,"featured_media":2471,"comment_status":"open","ping_status":"open","sticky":false,"template":"","format":"standard","meta":{"footnotes":"","jetpack_publicize_message":"","jetpack_publicize_feature_enabled":true,"jetpack_social_post_already_shared":false,"jetpack_social_options":{"image_generator_settings":{"template":"highway","default_image_id":0,"font":"","enabled":false},"version":2}},"categories":[13,14],"tags":[342,343],"class_list":["post-2470","post","type-post","status-publish","format-standard","has-post-thumbnail","hentry","category-interes-general","category-la-gente","tag-beretta","tag-campeonato"],"jetpack_publicize_connections":[],"jetpack_featured_media_url":"https:\/\/revistaepocadigital.com.ar\/wp-content\/uploads\/2019\/05\/beretta1.jpg","jetpack_likes_enabled":true,"_links":{"self":[{"href":"https:\/\/revistaepocadigital.com.ar\/index.php?rest_route=\/wp\/v2\/posts\/2470","targetHints":{"allow":["GET"]}}],"collection":[{"href":"https:\/\/revistaepocadigital.com.ar\/index.php?rest_route=\/wp\/v2\/posts"}],"about":[{"href":"https:\/\/revistaepocadigital.com.ar\/index.php?rest_route=\/wp\/v2\/types\/post"}],"author":[{"embeddable":true,"href":"https:\/\/revistaepocadigital.com.ar\/index.php?rest_route=\/wp\/v2\/users\/3"}],"replies":[{"embeddable":true,"href":"https:\/\/revistaepocadigital.com.ar\/index.php?rest_route=%2Fwp%2Fv2%2Fcomments&post=2470"}],"version-history":[{"count":0,"href":"https:\/\/revistaepocadigital.com.ar\/index.php?rest_route=\/wp\/v2\/posts\/2470\/revisions"}],"wp:featuredmedia":[{"embeddable":true,"href":"https:\/\/revistaepocadigital.com.ar\/index.php?rest_route=\/wp\/v2\/media\/2471"}],"wp:attachment":[{"href":"https:\/\/revistaepocadigital.com.ar\/index.php?rest_route=%2Fwp%2Fv2%2Fmedia&parent=2470"}],"wp:term":[{"taxonomy":"category","embeddable":true,"href":"https:\/\/revistaepocadigital.com.ar\/index.php?rest_route=%2Fwp%2Fv2%2Fcategories&post=2470"},{"taxonomy":"post_tag","embeddable":true,"href":"https:\/\/revistaepocadigital.com.ar\/index.php?rest_route=%2Fwp%2Fv2%2Ftags&post=2470"}],"curies":[{"name":"wp","href":"https:\/\/api.w.org\/{rel}","templated":true}]}}