{"id":24734,"date":"2024-04-10T09:19:51","date_gmt":"2024-04-10T12:19:51","guid":{"rendered":"https:\/\/revistaepocadigital.com.ar\/?p=24734"},"modified":"2024-04-10T09:40:32","modified_gmt":"2024-04-10T12:40:32","slug":"el-ips-paga-haberes-de-abril","status":"publish","type":"post","link":"https:\/\/revistaepocadigital.com.ar\/?p=24734","title":{"rendered":"EL IPS PAGA HABERES DE ABRIL"},"content":{"rendered":"<p>El Instituto de Previsi\u00f3n Social (IPS) informo que las personas jubiladas y pensionadas de la provincia de Buenos Aires percibir\u00e1n los haberes del mes de abril los d\u00edas lunes 29 y martes 30 del corriente, seg\u00fan cronograma que se detalla a continuaci\u00f3n:<\/p>\n<p>Lunes 29 de abril:<\/p>\n<p>Jubilaciones y pensiones con DNI terminados en 0, 1, 2 y 3;<br \/>\nPensiones sociales &#8211; no contributivas- con DNI terminados en 0, 1 , 2, 3, 4, 5, 6, 7, 8 y 9.<\/p>\n<p>Martes 30 de abril:<\/p>\n<p>jubilaciones y pensiones con DNI terminados en 4, 5, 6 ,7, 8 y 9.<\/p>\n<p>El organismo previsional record\u00f3 adem\u00e1s que el vencimiento del pago por ventanilla ser\u00e1 el 23 de mayo de 2024.<\/p>\n","protected":false},"excerpt":{"rendered":"<p>El Instituto de Previsi\u00f3n Social (IPS) informo que las personas jubiladas y pensionadas de la provincia de Buenos Aires percibir\u00e1n los haberes del mes de abril los d\u00edas lunes 29 y martes 30 del corriente, seg\u00fan cronograma que se detalla a continuaci\u00f3n: Lunes 29 de abril: Jubilaciones y pensiones con DNI terminados en 0, 1, [&hellip;]<\/p>\n","protected":false},"author":3,"featured_media":24737,"comment_status":"open","ping_status":"open","sticky":false,"template":"","format":"standard","meta":{"footnotes":"","jetpack_publicize_message":"","jetpack_publicize_feature_enabled":true,"jetpack_social_post_already_shared":true,"jetpack_social_options":{"image_generator_settings":{"template":"highway","default_image_id":0,"font":"","enabled":false},"version":2}},"categories":[17],"tags":[],"class_list":["post-24734","post","type-post","status-publish","format-standard","has-post-thumbnail","hentry","category-politica"],"jetpack_publicize_connections":[],"jetpack_featured_media_url":"https:\/\/revistaepocadigital.com.ar\/wp-content\/uploads\/2024\/04\/ips.jpg","jetpack_likes_enabled":true,"_links":{"self":[{"href":"https:\/\/revistaepocadigital.com.ar\/index.php?rest_route=\/wp\/v2\/posts\/24734","targetHints":{"allow":["GET"]}}],"collection":[{"href":"https:\/\/revistaepocadigital.com.ar\/index.php?rest_route=\/wp\/v2\/posts"}],"about":[{"href":"https:\/\/revistaepocadigital.com.ar\/index.php?rest_route=\/wp\/v2\/types\/post"}],"author":[{"embeddable":true,"href":"https:\/\/revistaepocadigital.com.ar\/index.php?rest_route=\/wp\/v2\/users\/3"}],"replies":[{"embeddable":true,"href":"https:\/\/revistaepocadigital.com.ar\/index.php?rest_route=%2Fwp%2Fv2%2Fcomments&post=24734"}],"version-history":[{"count":0,"href":"https:\/\/revistaepocadigital.com.ar\/index.php?rest_route=\/wp\/v2\/posts\/24734\/revisions"}],"wp:featuredmedia":[{"embeddable":true,"href":"https:\/\/revistaepocadigital.com.ar\/index.php?rest_route=\/wp\/v2\/media\/24737"}],"wp:attachment":[{"href":"https:\/\/revistaepocadigital.com.ar\/index.php?rest_route=%2Fwp%2Fv2%2Fmedia&parent=24734"}],"wp:term":[{"taxonomy":"category","embeddable":true,"href":"https:\/\/revistaepocadigital.com.ar\/index.php?rest_route=%2Fwp%2Fv2%2Fcategories&post=24734"},{"taxonomy":"post_tag","embeddable":true,"href":"https:\/\/revistaepocadigital.com.ar\/index.php?rest_route=%2Fwp%2Fv2%2Ftags&post=24734"}],"curies":[{"name":"wp","href":"https:\/\/api.w.org\/{rel}","templated":true}]}}