{"id":24738,"date":"2024-04-11T09:40:41","date_gmt":"2024-04-11T12:40:41","guid":{"rendered":"https:\/\/revistaepocadigital.com.ar\/?p=24738"},"modified":"2024-04-11T09:40:41","modified_gmt":"2024-04-11T12:40:41","slug":"inversiones-que-precisa-exaltacion-de-la-cruz","status":"publish","type":"post","link":"https:\/\/revistaepocadigital.com.ar\/?p=24738","title":{"rendered":"INVERSIONES QUE PRECISA EXALTACI\u00d3N DE LA CRUZ"},"content":{"rendered":"<p>El intendente interino, Luis Mariano Mart\u00edn, particip\u00f3 de SINOR, el evento inmobiliario de referencia del Corredor Norte Productivo, que cont\u00f3 con la presencia de referentes del sector nacional e internacional y se desarroll\u00f3 en Sofitel.<\/p>\n<p>Junto a los intendentes de Campana y Z\u00e1rate, particip\u00f3 de este tan importante evento en donde se expuso a Exaltaci\u00f3n de la Cruz como un distrito que avanza en un camino de expansi\u00f3n en el mundo industrial. Con importantes naves industriales sobre la ruta 6 y la ruta 8, y otras tantas en ejecuci\u00f3n, con proyectos en el corto y mediano plazo.<br \/>\nEl distrito, ideal para inversiones inmobiliarias e industriales, se encuentra en un punto estrat\u00e9gico, donde nos atraviesan las rutas 8 y 6, adem\u00e1s de la cercan\u00eda con el corredor portuario de la ruta 9 y el principal centro de consumo del pa\u00eds, la capital federal y el gran Buenos Aires.<\/p>\n<p>La edici\u00f3n estuvo dirigida a inversionistas; desarrolladores urbanos, log\u00edsticos e industriales; actores econ\u00f3micos locales; responsables del desarrollo territorial y organismos competentes del sector p\u00fablico; entidades de financiamiento; referentes inmobiliarios; y profesionales de la cadena de valor de la planificaci\u00f3n territorial.<\/p>\n<p>El intendente interino estuvo acompa\u00f1ado por Mar\u00eda Luz Bozzani, secretaria de Gobierno y Benjam\u00edn Vittori, director de Industria y Asuntos Agrarios del municipio<\/p>\n","protected":false},"excerpt":{"rendered":"<p>El intendente interino, Luis Mariano Mart\u00edn, particip\u00f3 de SINOR, el evento inmobiliario de referencia del Corredor Norte Productivo, que cont\u00f3 con la presencia de referentes del sector nacional e internacional y se desarroll\u00f3 en Sofitel. Junto a los intendentes de Campana y Z\u00e1rate, particip\u00f3 de este tan importante evento en donde se expuso a Exaltaci\u00f3n [&hellip;]<\/p>\n","protected":false},"author":3,"featured_media":24739,"comment_status":"open","ping_status":"open","sticky":false,"template":"","format":"standard","meta":{"footnotes":"","jetpack_publicize_message":"","jetpack_publicize_feature_enabled":true,"jetpack_social_post_already_shared":true,"jetpack_social_options":{"image_generator_settings":{"template":"highway","default_image_id":0,"font":"","enabled":false},"version":2}},"categories":[11],"tags":[],"class_list":["post-24738","post","type-post","status-publish","format-standard","has-post-thumbnail","hentry","category-entidades"],"jetpack_publicize_connections":[],"jetpack_featured_media_url":"https:\/\/revistaepocadigital.com.ar\/wp-content\/uploads\/2024\/04\/foto.jpg","jetpack_likes_enabled":true,"_links":{"self":[{"href":"https:\/\/revistaepocadigital.com.ar\/index.php?rest_route=\/wp\/v2\/posts\/24738","targetHints":{"allow":["GET"]}}],"collection":[{"href":"https:\/\/revistaepocadigital.com.ar\/index.php?rest_route=\/wp\/v2\/posts"}],"about":[{"href":"https:\/\/revistaepocadigital.com.ar\/index.php?rest_route=\/wp\/v2\/types\/post"}],"author":[{"embeddable":true,"href":"https:\/\/revistaepocadigital.com.ar\/index.php?rest_route=\/wp\/v2\/users\/3"}],"replies":[{"embeddable":true,"href":"https:\/\/revistaepocadigital.com.ar\/index.php?rest_route=%2Fwp%2Fv2%2Fcomments&post=24738"}],"version-history":[{"count":0,"href":"https:\/\/revistaepocadigital.com.ar\/index.php?rest_route=\/wp\/v2\/posts\/24738\/revisions"}],"wp:featuredmedia":[{"embeddable":true,"href":"https:\/\/revistaepocadigital.com.ar\/index.php?rest_route=\/wp\/v2\/media\/24739"}],"wp:attachment":[{"href":"https:\/\/revistaepocadigital.com.ar\/index.php?rest_route=%2Fwp%2Fv2%2Fmedia&parent=24738"}],"wp:term":[{"taxonomy":"category","embeddable":true,"href":"https:\/\/revistaepocadigital.com.ar\/index.php?rest_route=%2Fwp%2Fv2%2Fcategories&post=24738"},{"taxonomy":"post_tag","embeddable":true,"href":"https:\/\/revistaepocadigital.com.ar\/index.php?rest_route=%2Fwp%2Fv2%2Ftags&post=24738"}],"curies":[{"name":"wp","href":"https:\/\/api.w.org\/{rel}","templated":true}]}}