{"id":24749,"date":"2024-04-11T10:34:08","date_gmt":"2024-04-11T13:34:08","guid":{"rendered":"https:\/\/revistaepocadigital.com.ar\/?p=24749"},"modified":"2024-04-11T10:35:29","modified_gmt":"2024-04-11T13:35:29","slug":"lo-que-todos-esperaban-la-demarcacion-de-la-ruta-39","status":"publish","type":"post","link":"https:\/\/revistaepocadigital.com.ar\/?p=24749","title":{"rendered":"Lo que todos esperaban: LA DEMARCACI\u00d3N DE LA RUTA 39"},"content":{"rendered":"<p>Una necesidad imperiosa que hace a la fundamental seguridad en el tr\u00e1nsito diario, y m\u00e1s a\u00fan en la ruta 39 principal v\u00eda de comunicaci\u00f3n del distrito, con un movimiento vehicular incesante en forma permanente. Hubo reclamos de sectores de la comunidad y pol\u00edticos. Hubo gestiones desde el municipio ante Vialidad Provincial, finalmente concretadas. Los trabajos de demarcaci\u00f3n y se\u00f1alamiento de la ruta 39 se estaban llevando a cabo desde la rotonda de la ruta 8 hasta Capilla del Se\u00f1or.<\/p>\n<p>Esta obra tan importante brindar\u00e1 una mayor y tan importante seguridad y mejor transitabilidad a quienes transitan la ruta 39. Tambi\u00e9n habr\u00eda que considerar la reparaci\u00f3n de los pasos a nivel sobre las v\u00edas de ferrocarriles que atraviesan la misma ruta 39<br \/>\n<img loading=\"lazy\" decoding=\"async\" class=\"aligncenter size-large wp-image-24746\" src=\"https:\/\/revistaepocadigital.com.ar\/wp-content\/uploads\/2024\/04\/dentro-1200x938.jpg\" alt=\"\" width=\"696\" height=\"544\" srcset=\"https:\/\/revistaepocadigital.com.ar\/wp-content\/uploads\/2024\/04\/dentro-1200x938.jpg 1200w, https:\/\/revistaepocadigital.com.ar\/wp-content\/uploads\/2024\/04\/dentro-300x235.jpg 300w, https:\/\/revistaepocadigital.com.ar\/wp-content\/uploads\/2024\/04\/dentro-768x600.jpg 768w, https:\/\/revistaepocadigital.com.ar\/wp-content\/uploads\/2024\/04\/dentro-696x544.jpg 696w, https:\/\/revistaepocadigital.com.ar\/wp-content\/uploads\/2024\/04\/dentro-1068x835.jpg 1068w, https:\/\/revistaepocadigital.com.ar\/wp-content\/uploads\/2024\/04\/dentro-537x420.jpg 537w, https:\/\/revistaepocadigital.com.ar\/wp-content\/uploads\/2024\/04\/dentro-1074x840.jpg 1074w, https:\/\/revistaepocadigital.com.ar\/wp-content\/uploads\/2024\/04\/dentro.jpg 1279w\" sizes=\"auto, (max-width: 696px) 100vw, 696px\" \/><\/p>\n","protected":false},"excerpt":{"rendered":"<p>Una necesidad imperiosa que hace a la fundamental seguridad en el tr\u00e1nsito diario, y m\u00e1s a\u00fan en la ruta 39 principal v\u00eda de comunicaci\u00f3n del distrito, con un movimiento vehicular incesante en forma permanente. Hubo reclamos de sectores de la comunidad y pol\u00edticos. Hubo gestiones desde el municipio ante Vialidad Provincial, finalmente concretadas. Los trabajos [&hellip;]<\/p>\n","protected":false},"author":4,"featured_media":24747,"comment_status":"open","ping_status":"open","sticky":false,"template":"","format":"standard","meta":{"footnotes":"","jetpack_publicize_message":"","jetpack_publicize_feature_enabled":true,"jetpack_social_post_already_shared":true,"jetpack_social_options":{"image_generator_settings":{"template":"highway","default_image_id":0,"font":"","enabled":false},"version":2}},"categories":[17],"tags":[],"class_list":["post-24749","post","type-post","status-publish","format-standard","has-post-thumbnail","hentry","category-politica"],"jetpack_publicize_connections":[],"jetpack_featured_media_url":"https:\/\/revistaepocadigital.com.ar\/wp-content\/uploads\/2024\/04\/porta.jpg","jetpack_likes_enabled":true,"_links":{"self":[{"href":"https:\/\/revistaepocadigital.com.ar\/index.php?rest_route=\/wp\/v2\/posts\/24749","targetHints":{"allow":["GET"]}}],"collection":[{"href":"https:\/\/revistaepocadigital.com.ar\/index.php?rest_route=\/wp\/v2\/posts"}],"about":[{"href":"https:\/\/revistaepocadigital.com.ar\/index.php?rest_route=\/wp\/v2\/types\/post"}],"author":[{"embeddable":true,"href":"https:\/\/revistaepocadigital.com.ar\/index.php?rest_route=\/wp\/v2\/users\/4"}],"replies":[{"embeddable":true,"href":"https:\/\/revistaepocadigital.com.ar\/index.php?rest_route=%2Fwp%2Fv2%2Fcomments&post=24749"}],"version-history":[{"count":0,"href":"https:\/\/revistaepocadigital.com.ar\/index.php?rest_route=\/wp\/v2\/posts\/24749\/revisions"}],"wp:featuredmedia":[{"embeddable":true,"href":"https:\/\/revistaepocadigital.com.ar\/index.php?rest_route=\/wp\/v2\/media\/24747"}],"wp:attachment":[{"href":"https:\/\/revistaepocadigital.com.ar\/index.php?rest_route=%2Fwp%2Fv2%2Fmedia&parent=24749"}],"wp:term":[{"taxonomy":"category","embeddable":true,"href":"https:\/\/revistaepocadigital.com.ar\/index.php?rest_route=%2Fwp%2Fv2%2Fcategories&post=24749"},{"taxonomy":"post_tag","embeddable":true,"href":"https:\/\/revistaepocadigital.com.ar\/index.php?rest_route=%2Fwp%2Fv2%2Ftags&post=24749"}],"curies":[{"name":"wp","href":"https:\/\/api.w.org\/{rel}","templated":true}]}}