{"id":24765,"date":"2024-04-18T09:27:43","date_gmt":"2024-04-18T12:27:43","guid":{"rendered":"https:\/\/revistaepocadigital.com.ar\/?p=24765"},"modified":"2024-04-18T09:27:43","modified_gmt":"2024-04-18T12:27:43","slug":"concejo-delibrante-la-polemica-por-los-asesores-personales","status":"publish","type":"post","link":"https:\/\/revistaepocadigital.com.ar\/?p=24765","title":{"rendered":"Concejo Delibrante. La pol\u00e9mica por los \u201casesores personales \u201c"},"content":{"rendered":"<p>LLA comenz\u00f3 con todo el a\u00f1o, como una de sus primeras iniciativas apunt\u00f3 a un proyecto por la quita de un art\u00edculo que habilitaba la posibilidad de agregar secretarios personales, tanto el bloque opositor de Uni\u00f3n por la Patria, como el de Juntos por el Cambio, lo bajaron<\/p>\n<p>El proyecto para desactivar el art\u00edculo 60 del reglamento interno del Concejo Deliberante trajo consigo malestar en parte del cuerpo legislativo, que no vio con buenos ojos la acusaci\u00f3n impl\u00edcita que derivaba de dicha presentaci\u00f3n. El art\u00edculo en cuesti\u00f3n existe hace varios a\u00f1os y en negociaciones internas, los propios concejales negociaron y estuvieron de acuerdo en no activar ese recurso, ya que ambos bloques consideran innecesaria la presencia de asesores o secretarios.<\/p>\n<p>El pedido llevaba impl\u00edcito la acusaci\u00f3n hacia el resto del plantel legislativo, porque seg\u00fan las argumentaciones de la LLA fuera de las actas, esto habilitaba a que cualquier miembro lo haga salteando el acuerdo mutuo y lo peor creando al mismo tiempo la temida figura del \u00d1oqui.<\/p>\n<p>El \u201crevuelo\u201d fue tal, que los Concejales de JxC se, expresaron al respecto no acompa\u00f1ando en un acuerdo con UxP, una conjunci\u00f3n de criterios que hubiera sido imposible en el contexto pol\u00edtico partidario, pensarla en los \u00faltimos dos a\u00f1os. Sin embargo el proyecto, considerado extempor\u00e1neo, logr\u00f3 la impensada unificaci\u00f3n.<\/p>\n<p>Seg\u00fan la opini\u00f3n de algunos ediles distritales, inc\u00f3modos con la situaci\u00f3n creada a partir del malogrado proyecto, los nuevos legisladores de la LLA necesitan mayor rodaje para poder llevar una iniciativa que no ten\u00eda porque presentarse y que teniendo todo a favor, termin\u00f3 transform\u00e1ndose en una derrota. Esto adem\u00e1s, sac\u00f3 a la superficie, que el apoyo de sus m\u00e1s estrechos aliados en el concejo, no es incondicional.<\/p>\n<p>En declaraciones a los medios, el concejal por UxP, Cristian Alonso ya hab\u00eda adelantado que no iba a acompa\u00f1ar el proyecto, aunque estaba de acuerdo con no utilizar el articulo 60 del reglamento interno, lo mismo ocurri\u00f3 con representantes de JxC. Ahora el proyecto de derogaci\u00f3n baj\u00f3 a Comisi\u00f3n, para que los concejales puedan llegar a un consenso y darle un tratamiento minucioso, que no est\u00e9 atado a los ritmos de LLA.<\/p>\n<p>Nota publicada en Diario Digital: https:\/\/noticiasexaltacion.com<\/p>\n","protected":false},"excerpt":{"rendered":"<p>LLA comenz\u00f3 con todo el a\u00f1o, como una de sus primeras iniciativas apunt\u00f3 a un proyecto por la quita de un art\u00edculo que habilitaba la posibilidad de agregar secretarios personales, tanto el bloque opositor de Uni\u00f3n por la Patria, como el de Juntos por el Cambio, lo bajaron El proyecto para desactivar el art\u00edculo 60 [&hellip;]<\/p>\n","protected":false},"author":3,"featured_media":24766,"comment_status":"open","ping_status":"open","sticky":false,"template":"","format":"standard","meta":{"footnotes":"","jetpack_publicize_message":"","jetpack_publicize_feature_enabled":true,"jetpack_social_post_already_shared":true,"jetpack_social_options":{"image_generator_settings":{"template":"highway","default_image_id":0,"font":"","enabled":false},"version":2}},"categories":[17],"tags":[],"class_list":["post-24765","post","type-post","status-publish","format-standard","has-post-thumbnail","hentry","category-politica"],"jetpack_publicize_connections":[],"jetpack_featured_media_url":"https:\/\/revistaepocadigital.com.ar\/wp-content\/uploads\/2024\/04\/hcd-1.jpg","jetpack_likes_enabled":true,"_links":{"self":[{"href":"https:\/\/revistaepocadigital.com.ar\/index.php?rest_route=\/wp\/v2\/posts\/24765","targetHints":{"allow":["GET"]}}],"collection":[{"href":"https:\/\/revistaepocadigital.com.ar\/index.php?rest_route=\/wp\/v2\/posts"}],"about":[{"href":"https:\/\/revistaepocadigital.com.ar\/index.php?rest_route=\/wp\/v2\/types\/post"}],"author":[{"embeddable":true,"href":"https:\/\/revistaepocadigital.com.ar\/index.php?rest_route=\/wp\/v2\/users\/3"}],"replies":[{"embeddable":true,"href":"https:\/\/revistaepocadigital.com.ar\/index.php?rest_route=%2Fwp%2Fv2%2Fcomments&post=24765"}],"version-history":[{"count":0,"href":"https:\/\/revistaepocadigital.com.ar\/index.php?rest_route=\/wp\/v2\/posts\/24765\/revisions"}],"wp:featuredmedia":[{"embeddable":true,"href":"https:\/\/revistaepocadigital.com.ar\/index.php?rest_route=\/wp\/v2\/media\/24766"}],"wp:attachment":[{"href":"https:\/\/revistaepocadigital.com.ar\/index.php?rest_route=%2Fwp%2Fv2%2Fmedia&parent=24765"}],"wp:term":[{"taxonomy":"category","embeddable":true,"href":"https:\/\/revistaepocadigital.com.ar\/index.php?rest_route=%2Fwp%2Fv2%2Fcategories&post=24765"},{"taxonomy":"post_tag","embeddable":true,"href":"https:\/\/revistaepocadigital.com.ar\/index.php?rest_route=%2Fwp%2Fv2%2Ftags&post=24765"}],"curies":[{"name":"wp","href":"https:\/\/api.w.org\/{rel}","templated":true}]}}