{"id":24771,"date":"2024-05-02T01:47:45","date_gmt":"2024-05-02T04:47:45","guid":{"rendered":"https:\/\/revistaepocadigital.com.ar\/?p=24771"},"modified":"2024-05-02T01:51:49","modified_gmt":"2024-05-02T04:51:49","slug":"cepral-informa-10","status":"publish","type":"post","link":"https:\/\/revistaepocadigital.com.ar\/?p=24771","title":{"rendered":"Cepral Informa. Temas candentes que hacen a los vecinos y usuarios"},"content":{"rendered":"<p><img decoding=\"async\" class=\"aligncenter\" src=\"https:\/\/41sau.img.sp1-brevo.net\/im\/sh\/KlkLYyaNNnlE.jpg?u=WtVElij8PJZGcPbQH8MzxJFB7O82KS38\" width=\"590\" border=\"0\" \/><img decoding=\"async\" class=\"aligncenter\" src=\"https:\/\/41sau.img.sp1-brevo.net\/im\/sh\/KvXfbQKfq6-g.jpg?u=WtVElij8PJZGcrw8TYlM3EPRBDVrJBlC\" width=\"590\" border=\"0\" \/><\/p>\n<p>\u00a1En Contacto!<\/p>\n<p><strong>Estimados vecinos y usuarios:<\/strong><\/p>\n<p>Les compartimos informaci\u00f3n de su inter\u00e9s.<\/p>\n<p>Nos llena de orgullo contarles que, en un contexto pa\u00eds donde tantas empresas est\u00e1n despidiendo trabajadores, nuestra F\u00e1brica de Columnas de Hormig\u00f3n Pretensando ha sumado 12 nuevos integrantes a su equipo.<\/p>\n<p><strong>Recordamos que entr\u00f3 en vigencia \u00a0<\/strong><strong>el Nuevo Cuadro Tarifario del Servicio El\u00e9ctrico <\/strong><strong>para los consumos registrados a partir del 15 de marzo de 2024 .<\/strong> El mismo contempla fuertes aumentos en todos sus escalones, siendo en los consumos residenciales donde se dan los mayores incrementos: <strong>N1 50%, N2 240%, N3 150%<\/strong>, <strong>Tarifa Social 285%.<\/strong><\/p>\n<p>Continuamos trabajando en los distintos barrios con el cambio de postes y reacomodamiento de las l\u00edneas de cableado de nuestros Servicios.<\/p>\n<p><strong>\u00a0\u00a0<\/strong><\/p>\n<p>Con motivo de celebrarse el pr\u00f3ximo <strong>lunes 22 de abril el D\u00eda del Trabajador de la Construcci\u00f3n,<\/strong> aprovechamos desde aqu\u00ed para enviarles <strong>nuestro saludo y el reconocimiento a todo el Equipo de nuestra F\u00e1brica de Columnas de Hormig\u00f3n Pretensado. \u00a0<\/strong><\/p>\n<p>Quedamos a disposici\u00f3n de nuestros usuarios por todas nuestras v\u00edas de comunicaci\u00f3n, ante cualquier inquietud que pueda surgirles.<\/p>\n<p><strong>Consejo de Administraci\u00f3n\u00a0<\/strong><br \/>\n<strong>Cepral<\/strong><\/p>\n<hr \/>\n<p><strong>Es de suma importancia contar con los requisitos t\u00e9cnicos de protecci\u00f3n el\u00e9ctrica dentro de los domicilios.<\/strong><\/p>\n<hr \/>\n<p><img decoding=\"async\" class=\"aligncenter\" src=\"https:\/\/41sau.img.sp1-brevo.net\/im\/sh\/9h4Z-XgEXoip.jpg?u=WtVElij8PJZGdKGqfz9i99ZhF2tgHvTG\" width=\"550\" border=\"0\" \/><\/p>\n<h4 class=\"yiv8348587400default-heading4\">FABRICA DE COLUMNAS DE HORMIG\u00d3N PRETENSADO<\/h4>\n<p>Les damos la bienvenida a los 12 nuevos integrantes que se suman al equipo de trabajadores de nuestra F\u00e1brica de Columnas.<\/p>\n<p>Estos ingresos son el resultado de una gesti\u00f3n comercial que se viene llevando a cabo en los \u00faltimos a\u00f1os y que nos ha permitido incorporar nuevos clientes, generando un aumento de la producci\u00f3n.<\/p>\n<p>Complementando este escenario, Cepral gan\u00f3 una \u00a0Licitaci\u00f3n para EDENOR, lo que implica cumplir con la entrega en tiempo y forma de un gran volumen de columnas de hormig\u00f3n pretensado.<\/p>\n<p>Felicitamos a todo el Equipo que lo est\u00e1 haciendo posible.<\/p>\n<hr \/>\n<p><img decoding=\"async\" class=\"aligncenter\" src=\"https:\/\/41sau.img.sp1-brevo.net\/im\/sh\/zM8vcXXKOkxz.png?u=WtVElij8PJZGgWbq4xuCobjVfqaR95Ri\" width=\"550\" border=\"0\" \/><img decoding=\"async\" class=\"aligncenter\" src=\"https:\/\/41sau.img.sp1-brevo.net\/im\/sh\/1yam9T2TYc7F.jpg?u=WtVElij8PJZGeEwH4pwQKzuDMhfKFOtO\" width=\"550\" border=\"0\" \/><\/p>\n<h4 class=\"yiv8348587400default-heading4\"><strong>TE RESPONDEMOS ALGUNAS PREGUNTAS FRECUENTES ACERCA DE TU CONSUMO EL\u00c9CTRICO<\/strong><\/h4>\n<p><strong>\u00bfC\u00f3mo mide mis consumos Cepral?<br \/>\n<\/strong>La lectura de medidores se realiza bimestralmente, la unidad de medida es KWh y comprende 60 d\u00edas.<\/p>\n<p><strong>\u00bfQu\u00e9 es lo que estoy pagando?<br \/>\n<\/strong>Siempre pag\u00e1s la energ\u00eda que ya consumiste. \u00a0Por ejemplo: los consumos de marzo y abril los pagar\u00e1s en las facturas con vencimiento en mayo y junio.<\/p>\n<p><strong>\u00bfC\u00f3mo veo mi consumo en la factura?<br \/>\n<\/strong>En tu factura pod\u00e9s chequear tu consumo, confirmar en que \u201cR\u201d est\u00e1s y cu\u00e1nto vas a pagar el KWh. Tambi\u00e9n encontr\u00e1s toda esta informaci\u00f3n en nuestra Oficina Virtual ingresando a\u00a0<a href=\"https:\/\/41sau.r.sp1-brevo.net\/mk\/cl\/f\/sh\/1t6Af4OiGsDg0dtECwUktAHTAZdnnO\/nDJ1KLR2cNaf\" target=\"_blank\" rel=\"noreferrer noopener\">www.cepral.coop<\/a><\/p>\n<p><strong>\u00bfDe d\u00f3nde surge el importe que me facturan?<br \/>\n<\/strong>Al total de los KWh consumidos que arroj\u00f3 la medici\u00f3n se lo divide en 2 y se lo multiplica por el costo del KWh, de acuerdo al segmento y categor\u00eda en que te encuentres.<\/p>\n<p><strong>Mi consumo es bimestral, pero \u00bfc\u00f3mo impacta en el valor de mi factura?<br \/>\n<\/strong>El total de tu consumo se divide en 2 facturas mensuales consecutivas.<\/p>\n<p><strong>\u00bfQu\u00e9 pasa si sube la tarifa?<br \/>\n<\/strong>La tarifa se aplica proporcional al per\u00edodo que consumiste (60 d\u00edas).\u00a0 Si hubo ajuste en este per\u00edodo, se aplicar\u00e1 a los d\u00edas correspondientes a partir de la vigencia del nuevo cuadro tarifario.<\/p>\n<p><strong>Importante:<\/strong> por esta raz\u00f3n puede ocurrir que dentro de un mismo mes, haya dos precios distintos y el resultado de lo que abonar\u00e1s en tu factura sea el mix del Cuadro Tarifario vigente anterior y del nuevo.<\/p>\n<p>Para consultar los Cuadros Tarifarios correspondientes a nuestra zona (\u00c1rea Norte), ingresar a:<\/p>\n<p><a href=\"https:\/\/41sau.r.sp1-brevo.net\/mk\/cl\/f\/sh\/1t6Af4OiGsE8LM5ebIag3QLIYOcXVS\/T3neLvLaD3sy\" target=\"_blank\" rel=\"noreferrer noopener\">https:\/\/www.oceba.gba.gov.ar\/nueva_web\/s.php?i=17<\/a><\/p>\n<p>&nbsp;<\/p>\n<hr \/>\n<p><strong>Desde nuestra Cooperativa los instamos a seguir haciendo un uso racional del consumo de energ\u00eda el\u00e9ctrica para prevenir un fuerte aumento en las pr\u00f3ximas facturas.<\/strong><\/p>\n<hr \/>\n<p><img decoding=\"async\" class=\"aligncenter\" src=\"https:\/\/41sau.img.sp1-brevo.net\/im\/sh\/2OSMXB9vO3Wm.png?u=WtVElij8PJZGehGzHGKmQv4TQX39E8bS\" width=\"560\" border=\"0\" \/><\/p>\n<hr \/>\n<h4 class=\"yiv8348587400default-heading4\"><strong><u>COMO IMPACTAR\u00c1N LOS NUEVOS AUMENTOS EN LAS FUTURAS FACTURAS DE ENERG\u00cdA<\/u><\/strong><\/h4>\n<p>Como lo venimos advirtiendo desde comunicaciones previas, les informamos que el lunes 11 de marzo de 2024 el Gobierno de la Provincia de Buenos Aires aprob\u00f3, bajo la Resoluci\u00f3n N\u00ba 284\/2024, el Nuevo Cuadro Tarifario del Servicio El\u00e9ctrico.<\/p>\n<p>\u00c9ste entr\u00f3 en vigencia para los consumos registrados a partir del 15 de marzo de 2024. El mismo contempla fuertes aumentos en todos sus escalones, siendo en los consumos residenciales donde se dan los mayores incrementos: <strong>N1 50%, N2 240%, N3 150%<\/strong>, <strong>Tarifa Social 285%.<\/strong><\/p>\n<p>Estos aumentos se ver\u00e1n reflejados en los vencimientos de <strong><u>MAYO, CON UN PORCENTAJE NO MUY SIGNIFICATIVO Y EN JUNIO YA CON EL TOTAL DEL AUMENTO EN LOS PORCENTAJES COMENTADOS.<\/u><\/strong><\/p>\n<p>Tambi\u00e9n hay que tener en cuenta que este incremento no solo impacta en el valor de la energ\u00eda sino tambi\u00e9n en el valor de los impuestos Nacionales y Provinciales que est\u00e1n en el orden del 50% del valor de la energ\u00eda.<\/p>\n<p><strong>Reiteramos nuestra recomendaci\u00f3n de hacer un uso racional de la energ\u00eda el\u00e9ctrica, y tambi\u00e9n que CEPRAL no tiene la potestad de fijar las Tarifas, solo aplica lo que el Gobierno le dicta.<\/strong><\/p>\n<hr \/>\n<p><img decoding=\"async\" class=\"aligncenter\" src=\"https:\/\/41sau.img.sp1-brevo.net\/im\/sh\/dTogJUrV9P-t.jpg?u=WtVElij8PJZGf9bhTgj8WqEjUMQyCsJW\" width=\"560\" border=\"0\" \/><\/p>\n<h4 class=\"yiv8348587400default-heading4\">MANTENEMOS LOS ABONOS DE INTERNET CON EL MISMO PRECIO DEL MES DE FEBRERO<\/h4>\n<p>Con un gran esfuerzo desde nuestra Cooperativa logramos mantener los precios del abono de internet desde el mes de febrero. \u00a0Aunque de mantenerse las condiciones econ\u00f3micas del pa\u00eds, nos veremos obligados a realizar un ajuste del mismo a partir del mes de junio 2024.<\/p>\n<p>Recordamos que a trav\u00e9s del D<i>ecreto 302\/2024 <\/i>publicado en el Bolet\u00edn Oficial el 10 de abril, el Ejecutivo le puso fin al Decreto 690 de 2020, que le daba al ENACOM la facultad de congelar precios y fijar los aumentos tarifarios de los Servicios de <strong>internet, telefon\u00eda y televisi\u00f3n por cable<\/strong>.<\/p>\n<p><a title=\"Nota Diario La Naci\u00f3n \" href=\"https:\/\/41sau.r.sp1-brevo.net\/mk\/cl\/f\/sh\/1t6Af4OiGsF30mUVO0mWNwSxK2a0va\/lmgRU-yaCyun\" target=\"_blank\" rel=\"noreferrer noopener\">https:\/\/www.lanacion.com.ar\/politica\/el-gobierno-derogo-el-dnu-que-controlaba-los-precios-de-los-servicios-de-cable-internet-y-celular-nid10042024\/<\/a><\/p>\n<hr \/>\n<p><img decoding=\"async\" class=\"aligncenter\" src=\"https:\/\/41sau.img.sp1-brevo.net\/im\/sh\/cuCO50rnpG_w.jpeg?u=2BpAyz2gMiWncci5QY1rcU4DSlfPmZVsl0\" width=\"560\" border=\"0\" \/><\/p>\n<h4 class=\"yiv8348587400default-heading4\"><strong>BARRIO LOS PINOS<\/strong><\/h4>\n<p>RECAMBIO DE POSTACI\u00d3N Y FINALIZACI\u00d3N DEL TENDIDO DE LA RED DE FIBRA \u00d3PTICA EN TU HOGAR<\/p>\n<p>En estas \u00faltimas semanas continuamos realizando en el barrio Los Pinos el recambio de postaci\u00f3n, por postes de cemento, reacomodando el tendido de red el\u00e9ctrica y la instalaci\u00f3n de la \u00faltima etapa del cableado de Fibra \u00d3ptica.<\/p>\n<hr \/>\n<p style=\"text-align: center;\"><strong>El Uso Racional de la Energ\u00eda El\u00e9ctrica nos beneficia a todos.<\/strong><\/p>\n","protected":false},"excerpt":{"rendered":"<p>\u00a1En Contacto! Estimados vecinos y usuarios: Les compartimos informaci\u00f3n de su inter\u00e9s. Nos llena de orgullo contarles que, en un contexto pa\u00eds donde tantas empresas est\u00e1n despidiendo trabajadores, nuestra F\u00e1brica de Columnas de Hormig\u00f3n Pretensando ha sumado 12 nuevos integrantes a su equipo. Recordamos que entr\u00f3 en vigencia \u00a0el Nuevo Cuadro Tarifario del Servicio El\u00e9ctrico [&hellip;]<\/p>\n","protected":false},"author":3,"featured_media":0,"comment_status":"open","ping_status":"open","sticky":false,"template":"","format":"standard","meta":{"footnotes":"","jetpack_publicize_message":"","jetpack_publicize_feature_enabled":true,"jetpack_social_post_already_shared":true,"jetpack_social_options":{"image_generator_settings":{"template":"highway","default_image_id":0,"font":"","enabled":false},"version":2}},"categories":[5],"tags":[2709],"class_list":["post-24771","post","type-post","status-publish","format-standard","hentry","category-aqui-parada-robles","tag-informe-cepral"],"jetpack_publicize_connections":[],"jetpack_featured_media_url":"","jetpack_likes_enabled":true,"_links":{"self":[{"href":"https:\/\/revistaepocadigital.com.ar\/index.php?rest_route=\/wp\/v2\/posts\/24771","targetHints":{"allow":["GET"]}}],"collection":[{"href":"https:\/\/revistaepocadigital.com.ar\/index.php?rest_route=\/wp\/v2\/posts"}],"about":[{"href":"https:\/\/revistaepocadigital.com.ar\/index.php?rest_route=\/wp\/v2\/types\/post"}],"author":[{"embeddable":true,"href":"https:\/\/revistaepocadigital.com.ar\/index.php?rest_route=\/wp\/v2\/users\/3"}],"replies":[{"embeddable":true,"href":"https:\/\/revistaepocadigital.com.ar\/index.php?rest_route=%2Fwp%2Fv2%2Fcomments&post=24771"}],"version-history":[{"count":0,"href":"https:\/\/revistaepocadigital.com.ar\/index.php?rest_route=\/wp\/v2\/posts\/24771\/revisions"}],"wp:attachment":[{"href":"https:\/\/revistaepocadigital.com.ar\/index.php?rest_route=%2Fwp%2Fv2%2Fmedia&parent=24771"}],"wp:term":[{"taxonomy":"category","embeddable":true,"href":"https:\/\/revistaepocadigital.com.ar\/index.php?rest_route=%2Fwp%2Fv2%2Fcategories&post=24771"},{"taxonomy":"post_tag","embeddable":true,"href":"https:\/\/revistaepocadigital.com.ar\/index.php?rest_route=%2Fwp%2Fv2%2Ftags&post=24771"}],"curies":[{"name":"wp","href":"https:\/\/api.w.org\/{rel}","templated":true}]}}