{"id":24790,"date":"2024-04-24T16:39:59","date_gmt":"2024-04-24T19:39:59","guid":{"rendered":"https:\/\/revistaepocadigital.com.ar\/?p=24790"},"modified":"2024-04-24T16:41:49","modified_gmt":"2024-04-24T19:41:49","slug":"el-area-de-educacion-y-produccion-y-la-sociedad-rural-reunidos-por-el-desarrollo-productibo","status":"publish","type":"post","link":"https:\/\/revistaepocadigital.com.ar\/?p=24790","title":{"rendered":"El \u00e1rea de Educaci\u00f3n y Producci\u00f3n y la Sociedad Rural reunidos por el desarrollo productibo"},"content":{"rendered":"<div>\n<div class=\"\" dir=\"auto\">\n<div id=\":r5o:\" class=\"x1iorvi4 x1pi30zi x1l90r2v x1swvt13\" data-ad-comet-preview=\"message\" data-ad-preview=\"message\">\n<div class=\"x78zum5 xdt5ytf xz62fqu x16ldp7u\">\n<div class=\"xu06os2 x1ok221b\">\n<div class=\"xdj266r x11i5rnm xat24cr x1mh8g0r x1vvkbs x126k92a\">\n<div dir=\"auto\"><strong>LA MIRA EN EL DESARROLLO PRODUCTIVO LOCAL.<!--more--><\/strong><\/div>\n<\/div>\n<div class=\"x11i5rnm xat24cr x1mh8g0r x1vvkbs xtlvy1s x126k92a\">\n<div dir=\"auto\">Como parte de la mesa del Di\u00e1logo Productivo, que se promueve desde la Direcci\u00f3n de Industria y Asuntos Agrarios, se realiz\u00f3 un encuentro con autoridades de la Sociedad Rural local a fines de potenciar programas de estudio y cursos cortos de formaci\u00f3n con la mira puesta en la producci\u00f3n.<\/div>\n<div dir=\"auto\"><\/div>\n<\/div>\n<div class=\"x11i5rnm xat24cr x1mh8g0r x1vvkbs xtlvy1s x126k92a\">\n<div dir=\"auto\">Del encuentro surgieron varios proyectos e ideas para potenciar el trabajo del Complejo Universitario local, mediante el dictado de carreras terciarias, cursos cortos y tecnicaturas, con la mirada puesta en la producci\u00f3n agro bio industrial, utilizando las instalaciones de la Sociedad Rural, y locaciones que los socios de la entidad dispongan para las pr\u00e1cticas &#8220;a campo&#8221; con la posibilidad de visitar distintas exposiciones donde se encuentra lo m\u00e1s avanzado en tecnolog\u00eda, gen\u00e9tica y maquinaria.<\/div>\n<div dir=\"auto\"><\/div>\n<\/div>\n<div class=\"x11i5rnm xat24cr x1mh8g0r x1vvkbs xtlvy1s x126k92a\">\n<div dir=\"auto\">En otro tramo del encuentro se hizo referencia al programa de becas que la entidad rural dispone mediante el convenio suscripto con el Club de Leones, para los estudiantes que cursen carreras afines con la producci\u00f3n agropecuaria.<\/div>\n<div dir=\"auto\"><\/div>\n<\/div>\n<div class=\"x11i5rnm xat24cr x1mh8g0r x1vvkbs xtlvy1s x126k92a\">\n<div dir=\"auto\">Cabe destacar que la entidad tiene una larga tradici\u00f3n de apoyo a la educaci\u00f3n bajo todas sus formas, siendo actualmente sede del curso de Perito Clasificador de Cereales y Oleaginosas, as\u00ed como tambi\u00e9n de la &#8220;Feria de las Carreras Universitarias Agropecuarias&#8221; que convoc\u00f3 el \u00faltimo a\u00f1o a m\u00e1s de 130 alumnos.<\/div>\n<div dir=\"auto\"><\/div>\n<\/div>\n<div class=\"x11i5rnm xat24cr x1mh8g0r x1vvkbs xtlvy1s x126k92a\">\n<div dir=\"auto\">Participaron del encuentro el director de Educaci\u00f3n Hern\u00e1n Dunj\u00f3, la directora del Complejo Universitario Gisela Llanos, el director de Industria y Asuntos Agrarios del municipio Benjam\u00edn Vittori, el vicepresidente de la Sociedad Rural de Ex. de la Cruz, Campana y Z\u00e1rate Fernando Boracchia, el prosecretario Felipe Carlevaro, la secretaria de Actas y la coordinadora de Educaci\u00f3n de la Sociedad Rural Ana Boracchia, y la ingeniera agr\u00f3noma Paula Hijos, a cargo del Proyecto BPA (Buenas Pr\u00e1cticas Agropecuarias).<\/div>\n<\/div>\n<div dir=\"auto\"><\/div>\n<\/div>\n<\/div>\n<\/div>\n<\/div>\n<div id=\":r5p:\" class=\"x1n2onr6\">\n<div class=\"x1n2onr6\">\n<div class=\"x6s0dn4 x1jx94hy x78zum5 xdt5ytf x6ikm8r x10wlt62 x1n2onr6 xh8yej3\">\n<div>\n<div class=\"xqtp20y x6ikm8r x10wlt62 x1n2onr6\">\n<div class=\"x10l6tqk x13vifvy\"><img loading=\"lazy\" decoding=\"async\" class=\"x1ey2m1c xds687c x5yr21d x10l6tqk x17qophe x13vifvy xh8yej3 xl1xv1r\" src=\"https:\/\/scontent-eze1-1.xx.fbcdn.net\/v\/t39.30808-6\/435341674_788462143330677_4397619793816779790_n.jpg?_nc_cat=111&amp;ccb=1-7&amp;_nc_sid=5f2048&amp;_nc_eui2=AeHGn9VjYQtoUDFS641Zc_7IdYhuSxWuwC91iG5LFa7AL6liU8Sw1o9Vdl2c1bPdvIM&amp;_nc_ohc=NyWHu1v7j5EAb6Mz4Sd&amp;_nc_ht=scontent-eze1-1.xx&amp;oh=00_AfB62dvz2VPzznEdzGVrxqdW5MNXav-RyuT3DOtPyk91Qg&amp;oe=662DF24A\" alt=\"Puede ser una imagen de 5 personas y personas estudiando\" width=\"960\" height=\"594\" \/><\/div>\n<\/div>\n<\/div>\n<\/div>\n<div class=\"xua58t2 xzg4506 x1ey2m1c xds687c x47corl x10l6tqk x17qophe x13vifvy\"><\/div>\n<div class=\"x1ey2m1c xds687c x17qophe xg01cxk x47corl x10l6tqk x13vifvy x1ebt8du x19991ni x1dhq9h x1o1ewxj x3x9cwd x1e5q0jg x13rtm0m\" role=\"none\" data-visualcompletion=\"ignore\"><\/div>\n<\/div>\n<div class=\"html-div xe8uvvx xdj266r x11i5rnm xat24cr x1mh8g0r xexx8yu x4uap5 x18d9i69 xkhd6sd x6ikm8r x10wlt62\">Foto: Sociedad Rural<\/div>\n<\/div>\n<\/div>\n<div>\n<div class=\"x168nmei x13lgxp2 x30kzoy x9jhf4c x6ikm8r x10wlt62\" data-visualcompletion=\"ignore-dynamic\">\n<div class=\"x1n2onr6\">\n<div class=\"x6s0dn4 xi81zsa x78zum5 x6prxxf x13a6bvl xvq8zen xdj266r xktsk01 xat24cr x1d52u69 x889kno x4uap5 x1a8lsjc xkhd6sd xdppsyt\">\n<div class=\"x1c4vz4f x2lah0s xci0xqf\"><\/div>\n<div class=\"x9f619 x1n2onr6 x1ja2u2z x78zum5 x2lah0s x1qughib x1qjc9v5 xozqiw3 x1q0g3np xykv574 xbmpl8g x4cne27 xifccgj\"><\/div>\n<\/div>\n<\/div>\n<\/div>\n<\/div>\n","protected":false},"excerpt":{"rendered":"<p>LA MIRA EN EL DESARROLLO PRODUCTIVO LOCAL.<\/p>\n","protected":false},"author":3,"featured_media":24833,"comment_status":"open","ping_status":"open","sticky":false,"template":"","format":"standard","meta":{"footnotes":"","jetpack_publicize_message":"","jetpack_publicize_feature_enabled":true,"jetpack_social_post_already_shared":true,"jetpack_social_options":{"image_generator_settings":{"template":"highway","default_image_id":0,"font":"","enabled":false},"version":2}},"categories":[11],"tags":[2694,784,347],"class_list":["post-24790","post","type-post","status-publish","format-standard","has-post-thumbnail","hentry","category-entidades","tag-f","tag-reunion","tag-sociedad-rural"],"jetpack_publicize_connections":[],"jetpack_featured_media_url":"https:\/\/revistaepocadigital.com.ar\/wp-content\/uploads\/2024\/04\/rurr-2.jpg","jetpack_likes_enabled":true,"_links":{"self":[{"href":"https:\/\/revistaepocadigital.com.ar\/index.php?rest_route=\/wp\/v2\/posts\/24790","targetHints":{"allow":["GET"]}}],"collection":[{"href":"https:\/\/revistaepocadigital.com.ar\/index.php?rest_route=\/wp\/v2\/posts"}],"about":[{"href":"https:\/\/revistaepocadigital.com.ar\/index.php?rest_route=\/wp\/v2\/types\/post"}],"author":[{"embeddable":true,"href":"https:\/\/revistaepocadigital.com.ar\/index.php?rest_route=\/wp\/v2\/users\/3"}],"replies":[{"embeddable":true,"href":"https:\/\/revistaepocadigital.com.ar\/index.php?rest_route=%2Fwp%2Fv2%2Fcomments&post=24790"}],"version-history":[{"count":0,"href":"https:\/\/revistaepocadigital.com.ar\/index.php?rest_route=\/wp\/v2\/posts\/24790\/revisions"}],"wp:featuredmedia":[{"embeddable":true,"href":"https:\/\/revistaepocadigital.com.ar\/index.php?rest_route=\/wp\/v2\/media\/24833"}],"wp:attachment":[{"href":"https:\/\/revistaepocadigital.com.ar\/index.php?rest_route=%2Fwp%2Fv2%2Fmedia&parent=24790"}],"wp:term":[{"taxonomy":"category","embeddable":true,"href":"https:\/\/revistaepocadigital.com.ar\/index.php?rest_route=%2Fwp%2Fv2%2Fcategories&post=24790"},{"taxonomy":"post_tag","embeddable":true,"href":"https:\/\/revistaepocadigital.com.ar\/index.php?rest_route=%2Fwp%2Fv2%2Ftags&post=24790"}],"curies":[{"name":"wp","href":"https:\/\/api.w.org\/{rel}","templated":true}]}}