{"id":24793,"date":"2024-04-23T21:19:09","date_gmt":"2024-04-24T00:19:09","guid":{"rendered":"https:\/\/revistaepocadigital.com.ar\/?p=24793"},"modified":"2024-04-23T21:41:42","modified_gmt":"2024-04-24T00:41:42","slug":"osde-informo-cuanto-bajara-la-cuota-de-los-afiliados-en-la-proxima-factura","status":"publish","type":"post","link":"https:\/\/revistaepocadigital.com.ar\/?p=24793","title":{"rendered":"OSDE inform\u00f3 cu\u00e1nto bajar\u00e1 la cuota de los afiliados en la pr\u00f3xima factura"},"content":{"rendered":"<div class=\"sc-48d6fe69-0 jehYey normal-header false normal-header false\">\n<div class=\"sc-48d6fe69-0 jehYey shared-header shared-header\">\n<div class=\"mt\">\n<h5 class=\"storyTitle\"><strong>El conflicto por las prepagas<\/strong>.<!--more--><\/h5>\n<ul>\n<li>La reducci\u00f3n ser\u00e1 del 22 por ciento en la cuota de abril con respecto a la de marzo.<\/li>\n<li>La compa\u00f1\u00eda tambi\u00e9n inform\u00f3 que no habr\u00e1 una reducci\u00f3n en el pago a los prestadores.<\/li>\n<\/ul>\n<\/div>\n<div class=\"image-container\"><picture><source srcset=\"https:\/\/www.clarin.com\/img\/2024\/04\/16\/MVl-zdFn5_1256x620__1.jpg\" media=\"(min-width: 975px)\" \/><\/picture><button class=\"open-image\" aria-label=\"Open Image\"><br \/>\n<\/button><\/div>\n<\/div>\n<\/div>\n<p><!--more--><\/p>\n<section class=\"sc-74c11983-1 cTtuGz\">\n<article id=\"storyBody\" class=\"sc-74c11983-2 gsHXKI\">\n<div class=\"StoryTextContainer\" data-mrf-recirculation=\"Article Body\">\n<div class=\"sc-fe41104-0 iJNYzW container-text\">\n<p>La incertidumbre y las inc\u00f3gnitas sobre<strong>\u00a0c\u00f3mo y cu\u00e1nto cobrar\u00e1n las empresas<\/strong> de medicina privada a sus afiliados empiezan a ceder. La prepaga que acapara la mayor\u00eda de los afiliados del mercado inform\u00f3 cu\u00e1l ser\u00e1 el esquema de las <strong>nuevas facturas\u00a0<\/strong>que empezar\u00e1n a llegar a la gente los pr\u00f3ximos d\u00edas.<\/p>\n<\/div>\n<div class=\"sc-fe41104-0 iJNYzW container-text\">\n<p>Como regla general, la informaci\u00f3n brindada por fuentes de la compa\u00f1\u00eda es que la reducci\u00f3n que los afiliados ver\u00e1n reflejado en las cuotas\u00a0<strong>ser\u00e1 del 22 por ciento en abril<\/strong>\u00a0con respecto al mes de marzo. Hay que aclarar que OSDE cobra por mes vencido. Sin embargo, habr\u00e1 una diferencia entre los afiliados desregulados (a trav\u00e9s de obra social) y los directos.<\/p>\n<\/div>\n<div class=\"sc-fe41104-0 iJNYzW container-text\">\n<p>Seg\u00fan explicaron desde la empresa, a los desregulados se les debe cobrar todav\u00eda la diferencia (entre el aporte y el excedente)\u00a0<strong>de marzo<\/strong>, por lo que ese pago llevar\u00e1 un\u00a0<strong>19 por ciento de aumento<\/strong> con respecto a lo abonado por esos afiliados en febrero. Representan el 75 por ciento del total. Luego, s\u00ed, a partir de abril -es decir en la siguiente factura- ver\u00e1n reflejada la reducci\u00f3n anunciada del 22 por ciento.<\/p>\n<\/div>\n<div class=\"sc-fe41104-0 iJNYzW container-text\">\n<p>En cambio, los\u00a0<strong>afiliados directos y monotributistas<\/strong>\u00a0recibir\u00e1n en las pr\u00f3ximas horas las facturas correspondientes al mes de abril (que deber\u00e1n pagar los primeros d\u00edas de mayo) y en ese caso las cuotas ya se ver\u00e1n ajustadas con la reducci\u00f3n del 22 por ciento. En este caso, el \u00faltimo incremento del 19 por ciento lo hab\u00edan pagado por el mes de marzo en los primeros d\u00edas de abril.<\/p>\n<\/div>\n<div class=\"sc-fe41104-0 iJNYzW container-text\">\n<p>Esta modificaci\u00f3n ocurre luego de que la Secretar\u00eda de Industria y Comercio del Ministerio de Econom\u00eda, mediante\u00a0<strong>una resoluci\u00f3n dictada el 17 de abril<\/strong>, ordenara a siete prepagas retrotraer los precios de las cuotas a los valores de diciembre y sobre eso sumarles\u00a0<strong>la inflaci\u00f3n acumulada<\/strong>. La orden tuvo lugar luego de que todas las prepagas aumentaron sus cuotas\u00a0<strong>por encima del Indice de Precios al Consumidor<\/strong>\u00a0(IPC), luego de que el DNU 70 (de diciembre pasado) las habilitara a hacerlo.<\/p>\n<\/div>\n<div class=\"sc-fe41104-0 iJNYzW container-text\">\n<p>Las siete prepagas incluidas en la resoluci\u00f3n del Poder Ejecutivo son OSDE, Galeno, Hospital Brit\u00e1nico, Hospital Alem\u00e1n, Medif\u00e9, Swiss Medical y Omint. Hasta el momento, seg\u00fan pudo saber\u00a0<strong>Clar\u00edn<\/strong>, s\u00f3lo OSDE inform\u00f3 c\u00f3mo facturar\u00e1 la pr\u00f3xima cuota, en un contexto de incertidumbre generalizada de los afiliados.<\/p>\n<\/div>\n<div class=\"sc-fe41104-0 iJNYzW container-text\">\n<p>Por otro carril sigue su curso el<strong>\u00a0amparo judicial\u00a0<\/strong>que present\u00f3 la Superintendencia de Servicios de Salud (SSS) y que se tramita en el juzgado Juzgado Civil y Comercial Federal 9, a cargo de Mercedes Maquieira. En este caso se trata de la parte m\u00e1s delicada del asunto. El Gobierno argumenta que hubo\u00a0<strong>&#8220;cartelizaci\u00f3n&#8221; de las prepagas<\/strong>\u00a0para incrementar sus cuotas y en consecuencia pretende que les\u00a0<strong>devuelvan a los afiliados<\/strong> lo cobrado por encima de la inflaci\u00f3n entre los meses de diciembre y marzo.<\/p>\n<\/div>\n<div class=\"sc-fe41104-0 iJNYzW container-text\">\n<p>Adem\u00e1s, desde la prepaga informaron que a los prestadores &#8220;se les pagar\u00e1 los mismos honorarios que en el mes de marzo&#8221;, algo que era una gran preocupaci\u00f3n del sector de las cl\u00ednicas y sanatorios.<\/p>\n<\/div>\n<div class=\"sc-fe41104-0 iJNYzW container-text\">\n<p>nota publicada en el diario Clar\u00edn.<\/p>\n<\/div>\n<\/div>\n<\/article>\n<\/section>\n","protected":false},"excerpt":{"rendered":"<p>El conflicto por las prepagas.<\/p>\n","protected":false},"author":3,"featured_media":24799,"comment_status":"open","ping_status":"open","sticky":false,"template":"","format":"standard","meta":{"footnotes":"","jetpack_publicize_message":"","jetpack_publicize_feature_enabled":true,"jetpack_social_post_already_shared":true,"jetpack_social_options":{"image_generator_settings":{"template":"highway","default_image_id":0,"font":"","enabled":false},"version":2}},"categories":[13],"tags":[2696,2695],"class_list":["post-24793","post","type-post","status-publish","format-standard","has-post-thumbnail","hentry","category-interes-general","tag-conflictos","tag-prepagas"],"jetpack_publicize_connections":[],"jetpack_featured_media_url":"https:\/\/revistaepocadigital.com.ar\/wp-content\/uploads\/2024\/04\/prepaga.jpg","jetpack_likes_enabled":true,"_links":{"self":[{"href":"https:\/\/revistaepocadigital.com.ar\/index.php?rest_route=\/wp\/v2\/posts\/24793","targetHints":{"allow":["GET"]}}],"collection":[{"href":"https:\/\/revistaepocadigital.com.ar\/index.php?rest_route=\/wp\/v2\/posts"}],"about":[{"href":"https:\/\/revistaepocadigital.com.ar\/index.php?rest_route=\/wp\/v2\/types\/post"}],"author":[{"embeddable":true,"href":"https:\/\/revistaepocadigital.com.ar\/index.php?rest_route=\/wp\/v2\/users\/3"}],"replies":[{"embeddable":true,"href":"https:\/\/revistaepocadigital.com.ar\/index.php?rest_route=%2Fwp%2Fv2%2Fcomments&post=24793"}],"version-history":[{"count":0,"href":"https:\/\/revistaepocadigital.com.ar\/index.php?rest_route=\/wp\/v2\/posts\/24793\/revisions"}],"wp:featuredmedia":[{"embeddable":true,"href":"https:\/\/revistaepocadigital.com.ar\/index.php?rest_route=\/wp\/v2\/media\/24799"}],"wp:attachment":[{"href":"https:\/\/revistaepocadigital.com.ar\/index.php?rest_route=%2Fwp%2Fv2%2Fmedia&parent=24793"}],"wp:term":[{"taxonomy":"category","embeddable":true,"href":"https:\/\/revistaepocadigital.com.ar\/index.php?rest_route=%2Fwp%2Fv2%2Fcategories&post=24793"},{"taxonomy":"post_tag","embeddable":true,"href":"https:\/\/revistaepocadigital.com.ar\/index.php?rest_route=%2Fwp%2Fv2%2Ftags&post=24793"}],"curies":[{"name":"wp","href":"https:\/\/api.w.org\/{rel}","templated":true}]}}