{"id":24797,"date":"2024-04-23T21:39:59","date_gmt":"2024-04-24T00:39:59","guid":{"rendered":"https:\/\/revistaepocadigital.com.ar\/?p=24797"},"modified":"2024-04-23T21:40:00","modified_gmt":"2024-04-24T00:40:00","slug":"la-marcha-por-la-educacion-publica-entre-la-legitimidad-y-la-politizacion","status":"publish","type":"post","link":"https:\/\/revistaepocadigital.com.ar\/?p=24797","title":{"rendered":"La marcha por la educaci\u00f3n p\u00fablica. Entre la legitimidad y la politizaci\u00f3n"},"content":{"rendered":"<div class=\"content-body\">\n<div class=\"span-body\">\n<section class=\"article-section page-container\">\n<header class=\"article-header-wrapper\">\n<div class=\"article-header \">\n<h5 class=\"article-subheadline left \"><strong>En el oficialismo consideraron que se trat\u00f3 del \u201cprimer golpe\u201d que les \u201centr\u00f3\u201d desde que asumieron, pero negaron un desfinanciamiento en el sector.<!--more--><\/strong><\/h5>\n<div class=\"byline\">\n<div class=\"byline-image-ctn\"><\/div>\n<\/div>\n<\/div>\n<\/header>\n<article class=\"article\">\n<div class=\"body-article\">\n<div class=\"visual__image\">Miles de personas marcharon a la Casa Rosada (23-4) para reclamar un mayor presupuesto universitario.<\/div>\n<div class=\"news-module\" data-mrf-recirculation=\"IL_2_GB_9O-QPaEgG0T7rEvhQ\" data-testid=\"text-html\" data-mrf-experience=\"IL_2_GB_9O-QPaEgG0T7rEvhQ\">\n<div class=\"recommended-card__image-container\"><\/div>\n<\/div>\n<p class=\"paragraph\" data-mrf-recirculation=\"Links inline\">El vocero <b>Manuel Adorni\u00a0<\/b>ratific\u00f3 la postura que ven\u00edan expresando distintos integrantes del Gobierno desde que se convoc\u00f3 la marcha universitaria: que \u201ces leg\u00edtimo cualquier reclamo\u201d de los alumnos, pero que tambi\u00e9n se mezclaron \u201caquellos que hacen pol\u00edtica\u201d, de distintos partidos.<\/p>\n<div class=\"inline ad-wrapper\">\n<div class=\"dfpAd ad-inline\">\n<div id=\"infobae\/politica\/nota\/inline\" class=\"infobae\/politica\/nota\/inline arcad\" data-google-query-id=\"CJbrtebD2YUDFUlRuAQd_zcP8Q\">\n<div id=\"google_ads_iframe_\/1058609\/infobae\/politica\/nota\/inline_0__container__\">\u201c<b>Es casi un tren fantasma<\/b>\u201d, opin\u00f3 Adorni sobre los dirigentes que participaron de la protesta, entre los que estaban los referentes de Uni\u00f3n por la Patria,\u00a0<b>Sergio Massa<\/b>,\u00a0<b>M\u00e1ximo Kirchner<\/b>\u00a0y\u00a0<b>Axel Kicillof<\/b>, de los sindicatos, de los movimientos sociales y de izquierda, como\u00a0<b>Eduardo Belliboni<\/b>, del Polo Obrero, y dirigentes de la Uni\u00f3n C\u00edvica Radical (UCR), como\u00a0<b>Facundo Manes<\/b>\u00a0y\u00a0<b>Mart\u00edn Lousteau<\/b>, entre otros.<\/div>\n<\/div>\n<\/div>\n<\/div>\n<div class=\"news-module\" data-mrf-recirculation=\"IL_wv5lqF4aQ7G5etrMMyn62Q\" data-testid=\"text-html\" data-mrf-experience=\"IL_wv5lqF4aQ7G5etrMMyn62Q\">\n<div class=\"recommended-card__image-container\"><img loading=\"lazy\" decoding=\"async\" class=\"recommended-card__image lazyload\" src=\"https:\/\/www.infobae.com\/new-resizer\/ncMPxW6VHDujivCtuPMGY70eqcQ=\/1200x675\/filters:format(webp):quality(85)\/cloudfront-us-east-1.images.arcpublishing.com\/infobae\/FGH4C2ITUBDQPNNK2PBQAN4O2Q.jpg\" sizes=\"auto, (min-width: 800px) 50vw, 90vw\" alt=\"El Gobierno admite que la auditor\u00eda de las universidades p\u00fablicas en realidad depende de la AGN\" width=\"16\" height=\"9\" data-src=\"https:\/\/www.infobae.com\/new-resizer\/ncMPxW6VHDujivCtuPMGY70eqcQ=\/1200x675\/filters:format(webp):quality(85)\/cloudfront-us-east-1.images.arcpublishing.com\/infobae\/FGH4C2ITUBDQPNNK2PBQAN4O2Q.jpg\" \/><\/div>\n<div class=\"recommended-card__info\">\n<p><em><span class=\"recommended-card__info-title\">El Gobierno admite que la auditor\u00eda de las universidades p\u00fablicas en realidad depende de la AGN<\/span><\/em><\/p>\n<div class=\"recommended-card__info-button recommended-card__info-button--deportes\">No obstante, las autoridades nacionales tomaron nota de las miles de personas que marcharon este martes en rechazo de la desfinanciaci\u00f3n de las universidades, que fue la primera masiva que enfrent\u00f3 esta gesti\u00f3n y que incluso super\u00f3 a las fuerzas de seguridad, que no pudieron evitar el corte del tr\u00e1nsito en diferentes partes de la ciudad de Buenos Aires.<\/div>\n<div><\/div>\n<\/div>\n<\/div>\n<div class=\"visual__image\"><em><span class=\"recommended-card__info-title\">Kicillof encabez\u00f3 una columna propia en la que junt\u00f3 a intendentes y dirigentes peronistas<\/span><\/em><\/div>\n<div><\/div>\n<p class=\"paragraph\" data-mrf-recirculation=\"Links inline\"><b>\u201cEs el primer golpe que nos entra\u201d<\/b>, reconoci\u00f3 a\u00a0<b>Infobae\u00a0<\/b>un importante dirigente de La Libertad Avanza, quien se\u00f1al\u00f3 que, de todas formas,\u00a0<b>el hecho de que la marcha se haya politizado termin\u00f3 beneficiando al oficialismo<\/b>.<\/p>\n<div class=\"news-module\" data-mrf-recirculation=\"IL_JkB3GTBFTj2urpbOlzOORQ\" data-testid=\"text-html\" data-mrf-experience=\"IL_JkB3GTBFTj2urpbOlzOORQ\">\n<div class=\"recommended-card__info\">\n<div class=\"recommended-card__info-button recommended-card__info-button--deportes\">El propio Presidente, de hecho, mientras se realizaba la manifestaci\u00f3n, retuite\u00f3 varios videos de algunos de los protestantes que fueron entrevistados por los canales de televisi\u00f3n que cubrieron el evento, los cuales insultaban -e incluso amenazaban- al jefe de Estado.<\/div>\n<\/div>\n<\/div>\n<p class=\"paragraph\" data-mrf-recirculation=\"Links inline\">Distintas fuentes cercanas al mandatario resaltaron que entre los oradores de la jornada estuvieron figuras que no est\u00e1n vinculadas al sector educativo, como<b>\u00a0Taty Almeida<\/b>, de Madres de Plaza de Mayo, y el premio Nobel de la Paz\u00a0<b>Adolfo P\u00e9rez Esquivel<\/b>.<\/p>\n<p class=\"paragraph\" data-mrf-recirculation=\"Links inline\">\u201c<b>El kirchnerismo y la UCR massista coparon la marcha<\/b>.<b>\u00a0Usaron a los chicos para cuidar sus cajas.\u00a0<\/b>La educaci\u00f3n p\u00fablica est\u00e1 garantizada. Lo \u00fanico que peligra son los curros de unos pocos&#8230;\u201d, sostuvo el subsecretario de Prensa,\u00a0<b>Javier Lanari<\/b>.<\/p>\n<p class=\"paragraph\" data-mrf-recirculation=\"Links inline\">Sin embargo, en este contexto, el Gobierno remarc\u00f3 en reiteradas oportunidades que est\u00e1n lejos \u201cde querer cerrar las universidades\u201d, sino que solamente reclaman que las casas de estudio acepten someterse a auditor\u00edas externas para que se conozca c\u00f3mo se administran los fondos entregados por el Estado.<\/p>\n<p class=\"paragraph\" data-mrf-recirculation=\"Links inline\">Lo que s\u00ed explican en la c\u00fapula del Poder Ejecutivo es que en la ideolog\u00eda de libre mercado de Milei est\u00e1 la perspectiva de que la educaci\u00f3n superior, as\u00ed como otros servicios que actualmente son p\u00fablicos, sea arancelada, aunque aclaran que \u201cesa es una discusi\u00f3n para dentro de muchos a\u00f1os\u201d.<\/p>\n<p class=\"paragraph\" data-mrf-recirculation=\"Links inline\">\u201c<b>No es algo que est\u00e9 en nuestros planes ni a corto ni a mediano plazo<\/b>, porque vos no pod\u00e9s plantear que la gente pague por su carrera cuando no tiene para comer\u201d, detall\u00f3 un funcionario que visita asiduamente el Ministerio del Interior y el despacho del Presidente. En este sentido, argument\u00f3 que la gran mayor\u00eda de los estudiantes que se reciben en las instituciones de gesti\u00f3n p\u00fablica pertenecen a las clases media y alta, por lo que son personas que podr\u00edan pagar \u201cuna cuota m\u00f3dica\u201d.<\/p>\n<p class=\"paragraph\" data-mrf-recirculation=\"Links inline\">Incluso, coment\u00f3 que<b>\u00a0las propias universidades est\u00e1n analizando formas de autosustentarse y buscando financiamiento externo<\/b>, como \u201cde parte de graduados que est\u00e1n en una buena posici\u00f3n econ\u00f3mica\u201d, pero remarc\u00f3 que se trata \u201cde una iniciativa de las autoridades de esas instituciones y el Gobierno solamente es un observador\u201d.<\/p>\n<p class=\"paragraph\" data-mrf-recirculation=\"Links inline\">En tanto, el propio Adorni adelant\u00f3 una propuesta que s\u00ed est\u00e1 en agenda, que es comenzar a cobrarles una matr\u00edcula a aquellos estudiantes que no cuenten con la nacionalidad: \u201c<b>El costo de que un extranjero venga a estudiar a una universidad p\u00fablica a la Argentina lo pagamos nosotros<\/b>. Vos, yo y el alumno que est\u00e1 al lado del alumno extranjero. Son temas que hay que atender, debatir, y no nos parece que sea una discusi\u00f3n que no deba darse\u201d, expres\u00f3.<\/p>\n<\/div>\n<\/article>\n<\/section>\n<\/div>\n<\/div>\n<p>Nota publicada en Infobae.com<\/p>\n<p>Foto portada: gentileza P\u00e1gina 12<\/p>\n","protected":false},"excerpt":{"rendered":"<p>En el oficialismo consideraron que se trat\u00f3 del \u201cprimer golpe\u201d que les \u201centr\u00f3\u201d desde que asumieron, pero negaron un desfinanciamiento en el sector.<\/p>\n","protected":false},"author":3,"featured_media":24803,"comment_status":"open","ping_status":"open","sticky":false,"template":"","format":"standard","meta":{"footnotes":"","jetpack_publicize_message":"","jetpack_publicize_feature_enabled":true,"jetpack_social_post_already_shared":true,"jetpack_social_options":{"image_generator_settings":{"template":"highway","default_image_id":0,"font":"","enabled":false},"version":2}},"categories":[17],"tags":[2697],"class_list":["post-24797","post","type-post","status-publish","format-standard","has-post-thumbnail","hentry","category-politica","tag-marcha-universitaria"],"jetpack_publicize_connections":[],"jetpack_featured_media_url":"https:\/\/revistaepocadigital.com.ar\/wp-content\/uploads\/2024\/04\/universi.jpeg","jetpack_likes_enabled":true,"_links":{"self":[{"href":"https:\/\/revistaepocadigital.com.ar\/index.php?rest_route=\/wp\/v2\/posts\/24797","targetHints":{"allow":["GET"]}}],"collection":[{"href":"https:\/\/revistaepocadigital.com.ar\/index.php?rest_route=\/wp\/v2\/posts"}],"about":[{"href":"https:\/\/revistaepocadigital.com.ar\/index.php?rest_route=\/wp\/v2\/types\/post"}],"author":[{"embeddable":true,"href":"https:\/\/revistaepocadigital.com.ar\/index.php?rest_route=\/wp\/v2\/users\/3"}],"replies":[{"embeddable":true,"href":"https:\/\/revistaepocadigital.com.ar\/index.php?rest_route=%2Fwp%2Fv2%2Fcomments&post=24797"}],"version-history":[{"count":0,"href":"https:\/\/revistaepocadigital.com.ar\/index.php?rest_route=\/wp\/v2\/posts\/24797\/revisions"}],"wp:featuredmedia":[{"embeddable":true,"href":"https:\/\/revistaepocadigital.com.ar\/index.php?rest_route=\/wp\/v2\/media\/24803"}],"wp:attachment":[{"href":"https:\/\/revistaepocadigital.com.ar\/index.php?rest_route=%2Fwp%2Fv2%2Fmedia&parent=24797"}],"wp:term":[{"taxonomy":"category","embeddable":true,"href":"https:\/\/revistaepocadigital.com.ar\/index.php?rest_route=%2Fwp%2Fv2%2Fcategories&post=24797"},{"taxonomy":"post_tag","embeddable":true,"href":"https:\/\/revistaepocadigital.com.ar\/index.php?rest_route=%2Fwp%2Fv2%2Ftags&post=24797"}],"curies":[{"name":"wp","href":"https:\/\/api.w.org\/{rel}","templated":true}]}}