{"id":24805,"date":"2024-04-23T21:56:08","date_gmt":"2024-04-24T00:56:08","guid":{"rendered":"https:\/\/revistaepocadigital.com.ar\/?p=24805"},"modified":"2024-04-23T21:56:33","modified_gmt":"2024-04-24T00:56:33","slug":"todos-a-pagar-en-el-peaje-larena-y-la-calle-colectora","status":"publish","type":"post","link":"https:\/\/revistaepocadigital.com.ar\/?p=24805","title":{"rendered":"Todos a pagar en el Peaje Larena. \u00bfY la calle colectora?"},"content":{"rendered":"<div class=\"xdj266r x11i5rnm xat24cr x1mh8g0r x1vvkbs x126k92a\">\n<div dir=\"auto\"><strong>LA OBLIGATORIEDAD DE PAGAR.<\/strong><\/div>\n<div dir=\"auto\"><\/div>\n<\/div>\n<p><!--more--><\/p>\n<div class=\"x11i5rnm xat24cr x1mh8g0r x1vvkbs xtlvy1s x126k92a\">\n<div dir=\"auto\">En el Peaje Larena los usuarios de Exaltaci\u00f3n de la Cruz y Pilar se ven obligados a abonar el peaje, o bien abonar con el pase vecinal a gestionar ante la empresa via internet y siendo asesorado tambi\u00e9n por personal en las oficinas del Peaje Larena.<\/div>\n<\/div>\n<div class=\"x11i5rnm xat24cr x1mh8g0r x1vvkbs xtlvy1s x126k92a\">\n<div dir=\"auto\"><\/div>\n<div dir=\"auto\">Mientras que la empresa ha adoptado la medida mencionada, los usuarios del distrito y los que transitan provenientes de otros puntos, aguardan desde hace a\u00f1os cuando comenz\u00f3 a funcionar la estaci\u00f3n de peaje, la existencia de la correspondiente calle colectora habilitada para circular.<\/div>\n<\/div>\n","protected":false},"excerpt":{"rendered":"<p>LA OBLIGATORIEDAD DE PAGAR.<\/p>\n","protected":false},"author":3,"featured_media":24807,"comment_status":"open","ping_status":"open","sticky":false,"template":"","format":"standard","meta":{"footnotes":"","jetpack_publicize_message":"","jetpack_publicize_feature_enabled":true,"jetpack_social_post_already_shared":true,"jetpack_social_options":{"image_generator_settings":{"template":"highway","default_image_id":0,"font":"","enabled":false},"version":2}},"categories":[4],"tags":[2699,2698],"class_list":["post-24805","post","type-post","status-publish","format-standard","has-post-thumbnail","hentry","category-aqui-los-cardales","tag-calle-colectora","tag-peaje"],"jetpack_publicize_connections":[],"jetpack_featured_media_url":"https:\/\/revistaepocadigital.com.ar\/wp-content\/uploads\/2024\/04\/peaje-larena.jpg","jetpack_likes_enabled":true,"_links":{"self":[{"href":"https:\/\/revistaepocadigital.com.ar\/index.php?rest_route=\/wp\/v2\/posts\/24805","targetHints":{"allow":["GET"]}}],"collection":[{"href":"https:\/\/revistaepocadigital.com.ar\/index.php?rest_route=\/wp\/v2\/posts"}],"about":[{"href":"https:\/\/revistaepocadigital.com.ar\/index.php?rest_route=\/wp\/v2\/types\/post"}],"author":[{"embeddable":true,"href":"https:\/\/revistaepocadigital.com.ar\/index.php?rest_route=\/wp\/v2\/users\/3"}],"replies":[{"embeddable":true,"href":"https:\/\/revistaepocadigital.com.ar\/index.php?rest_route=%2Fwp%2Fv2%2Fcomments&post=24805"}],"version-history":[{"count":0,"href":"https:\/\/revistaepocadigital.com.ar\/index.php?rest_route=\/wp\/v2\/posts\/24805\/revisions"}],"wp:featuredmedia":[{"embeddable":true,"href":"https:\/\/revistaepocadigital.com.ar\/index.php?rest_route=\/wp\/v2\/media\/24807"}],"wp:attachment":[{"href":"https:\/\/revistaepocadigital.com.ar\/index.php?rest_route=%2Fwp%2Fv2%2Fmedia&parent=24805"}],"wp:term":[{"taxonomy":"category","embeddable":true,"href":"https:\/\/revistaepocadigital.com.ar\/index.php?rest_route=%2Fwp%2Fv2%2Fcategories&post=24805"},{"taxonomy":"post_tag","embeddable":true,"href":"https:\/\/revistaepocadigital.com.ar\/index.php?rest_route=%2Fwp%2Fv2%2Ftags&post=24805"}],"curies":[{"name":"wp","href":"https:\/\/api.w.org\/{rel}","templated":true}]}}