{"id":24809,"date":"2024-05-09T13:19:45","date_gmt":"2024-05-09T16:19:45","guid":{"rendered":"https:\/\/revistaepocadigital.com.ar\/?p=24809"},"modified":"2024-05-13T23:27:24","modified_gmt":"2024-05-14T02:27:24","slug":"a-partir-del-lunes-29-comienza-el-pago-de-haberes-de-abril","status":"publish","type":"post","link":"https:\/\/revistaepocadigital.com.ar\/?p=24809","title":{"rendered":"ANSES. JUBILADOS Y PENSIONADOS: C\u00d3MO DESIGNAR A UN APODERADO. CALENDARIOS DE PAGOS DE MAYO"},"content":{"rendered":"<p dir=\"ltr\"><strong>INFORMACI\u00d3N MUY \u00daTIL.<\/strong><!--more--><\/p>\n<p class=\"yiv6287375441MsoNormal\">Jubilados y pensionados pueden designar a un apoderado para tramitar o percibir su prestaci\u00f3n en su nombre. Para ello, deben tener sus datos y los de su grupo familiar registrados y actualizados en\u00a0<a href=\"https:\/\/servicioscorp.anses.gob.ar\/clavelogon\/logon.aspx?system=miansesv2\" target=\"_blank\" rel=\"nofollow noopener noreferrer\"><i>mi ANSES<\/i><\/a>, y luego\u00a0solicitar un\u00a0<b>turno<\/b>\u00a0para concurrir con DNI a la oficina m\u00e1s cercana a su domicilio.<\/p>\n<p class=\"yiv6287375441MsoNormal\">En ese sentido, pueden ser apoderados c\u00f3nyuge, conviviente previsional, madre o padre, abuelo, bisabuelo, hijo, nieto, bisnieto, t\u00edo, primo, hermano, sobrino, yerno, nuera, madrastra, padrastro, suegro, hijastro, cu\u00f1ado. Asimismo, puede nombrarse un representante especial por tiempo determinado cuando una persona se encuentre imposibilitada para movilizarse.<\/p>\n<p class=\"yiv6287375441MsoNormal\">Para el cobro pueden elegir tambi\u00e9n como apoderado a una entidad p\u00fablica nacional, provincial o municipal; mutuales e instituciones de asistencia social; as\u00ed como abogados y procuradores.<\/p>\n<p class=\"yiv6287375441MsoNormal\">En caso de residentes en el exterior, el poder puede otorgarse a un banco para cobro de la jubilaci\u00f3n o pensi\u00f3n. Las entidades habilitadas son: Banco de la Naci\u00f3n Argentina, Banco de la Ciudad de Buenos Aires, Patagonia S.A., Credicoop Cooperativo Ltdo., Banco Piano S.A., Banco Comafi S.A. y Banco Macro BMA.<\/p>\n<p class=\"yiv6287375441MsoNormal\">Para m\u00e1s informaci\u00f3n, ingresar\u00a0<a href=\"https:\/\/www.anses.gob.ar\/jubilaciones-y-pensiones\/consultas-y-tramites-frecuentes-para-jubilados\/apoderada-o-apoderado-para-titulares-de-jubilaciones-y-pensiones\" target=\"_blank\" rel=\"nofollow noopener noreferrer\">aqu\u00ed<\/a>.<b><\/b><\/p>\n<p>&nbsp;<\/p>\n<p style=\"text-align: center;\"><strong>&#8212;&#8212;&#8212;&#8212;&#8212;&#8212;&#8212;&#8212;&#8212;&#8212;&#8212;&#8212;&#8212;&#8212;&#8212;<\/strong><\/p>\n<p>nota anterior<\/p>\n<p><strong> CALENDARIOS DE PAGOS DE MAYO<\/strong><\/p>\n<p class=\"yiv8849853958MsoNormal\">Se comunicaron los calendarios de pagos de <b>mayo<\/b>\u00a0para jubilados, pensionados y titulares de Pensiones No Contributivas (PNC), Asignaci\u00f3n Universal por Hijo, Asignaci\u00f3n por Embarazo, Asignaciones Familiares y Prestaci\u00f3n por Desempleo.<\/p>\n<p class=\"yiv8849853958MsoNormal\" align=\"left\"><b>Jubilaciones y pensiones que no superen un haber m\u00ednimo<\/b><\/p>\n<p class=\"yiv8849853958MsoNormal\" align=\"left\">\u00b7\u00a0\u00a0\u00a0\u00a0\u00a0\u00a0\u00a0\u00a0DNI terminados en 0: 9\u00a0de mayo<\/p>\n<p class=\"yiv8849853958MsoNormal\" align=\"left\">\u00b7\u00a0\u00a0\u00a0\u00a0\u00a0\u00a0\u00a0\u00a0DNI terminados en 1: 10\u00a0de mayo<\/p>\n<p class=\"yiv8849853958MsoNormal\" align=\"left\">\u00b7\u00a0\u00a0\u00a0\u00a0\u00a0\u00a0\u00a0\u00a0DNI terminados en 2: 13\u00a0de mayo<\/p>\n<p class=\"yiv8849853958MsoNormal\" align=\"left\">\u00b7\u00a0\u00a0\u00a0\u00a0\u00a0\u00a0\u00a0\u00a0DNI terminados en 3: 14\u00a0de mayo<\/p>\n<p class=\"yiv8849853958MsoNormal\" align=\"left\">\u00b7\u00a0\u00a0\u00a0\u00a0\u00a0\u00a0\u00a0\u00a0DNI terminados en 4: 15\u00a0de mayo<\/p>\n<p class=\"yiv8849853958MsoNormal\" align=\"left\">\u00b7\u00a0\u00a0\u00a0\u00a0\u00a0\u00a0\u00a0\u00a0DNI terminados en 5: 16\u00a0de mayo<\/p>\n<p class=\"yiv8849853958MsoNormal\" align=\"left\">\u00b7\u00a0\u00a0\u00a0\u00a0\u00a0\u00a0\u00a0\u00a0DNI terminados en 6: 17\u00a0de mayo<\/p>\n<p class=\"yiv8849853958MsoNormal\" align=\"left\">\u00b7\u00a0\u00a0\u00a0\u00a0\u00a0\u00a0\u00a0\u00a0DNI terminados en 7: 20\u00a0de mayo<\/p>\n<p class=\"yiv8849853958MsoNormal\" align=\"left\">\u00b7\u00a0\u00a0\u00a0\u00a0\u00a0\u00a0\u00a0\u00a0DNI terminados en 8: 21\u00a0de mayo<\/p>\n<p class=\"yiv8849853958MsoNormal\" align=\"left\">\u00b7\u00a0\u00a0\u00a0\u00a0\u00a0\u00a0\u00a0\u00a0DNI terminados en 9: 22\u00a0de mayo<\/p>\n<p class=\"yiv8849853958MsoNormal\" align=\"left\"><b>\u00a0<\/b><\/p>\n<p class=\"yiv8849853958MsoNormal\"><b>Jubilaciones y pensiones que superen un haber m\u00ednimo<\/b><\/p>\n<p class=\"yiv8849853958MsoNormal\" align=\"left\">\u00b7\u00a0\u00a0\u00a0\u00a0\u00a0\u00a0\u00a0\u00a0DNI terminados en 0 y 1: 23\u00a0de mayo<\/p>\n<p class=\"yiv8849853958MsoNormal\" align=\"left\">\u00b7\u00a0\u00a0\u00a0\u00a0\u00a0\u00a0\u00a0\u00a0DNI terminados en 2 y 3: 24\u00a0de mayo<\/p>\n<p class=\"yiv8849853958MsoNormal\" align=\"left\">\u00b7\u00a0\u00a0\u00a0\u00a0\u00a0\u00a0\u00a0\u00a0DNI terminados en 4 y 5: 27\u00a0de mayo<\/p>\n<p class=\"yiv8849853958MsoNormal\" align=\"left\">\u00b7\u00a0\u00a0\u00a0\u00a0\u00a0\u00a0\u00a0\u00a0DNI terminados en 6 y 7: 28\u00a0de mayo<\/p>\n<p class=\"yiv8849853958MsoNormal\" align=\"left\">\u00b7\u00a0\u00a0\u00a0\u00a0\u00a0\u00a0\u00a0\u00a0DNI terminados en 8 y 9: 29\u00a0de mayo<\/p>\n<p class=\"yiv8849853958MsoNormal\" align=\"left\"><b>\u00a0<\/b><\/p>\n<p class=\"yiv8849853958MsoNormal\" align=\"left\"><b>Asignaci\u00f3n Universal por Hijo y Asignaci\u00f3n Familiar por Hijo<\/b><\/p>\n<p class=\"yiv8849853958MsoNormal\" align=\"left\">\u00b7\u00a0\u00a0\u00a0\u00a0\u00a0\u00a0\u00a0\u00a0DNI terminados en 0: 9\u00a0de mayo<\/p>\n<p class=\"yiv8849853958MsoNormal\" align=\"left\">\u00b7\u00a0\u00a0\u00a0\u00a0\u00a0\u00a0\u00a0\u00a0DNI terminados en 1: 10\u00a0de mayo<\/p>\n<p class=\"yiv8849853958MsoNormal\" align=\"left\">\u00b7\u00a0\u00a0\u00a0\u00a0\u00a0\u00a0\u00a0\u00a0DNI terminados en 2: 13\u00a0de mayo<\/p>\n<p class=\"yiv8849853958MsoNormal\" align=\"left\">\u00b7\u00a0\u00a0\u00a0\u00a0\u00a0\u00a0\u00a0\u00a0DNI terminados en 3: 14\u00a0de mayo<\/p>\n<p class=\"yiv8849853958MsoNormal\" align=\"left\">\u00b7\u00a0\u00a0\u00a0\u00a0\u00a0\u00a0\u00a0\u00a0DNI terminados en 4: 15\u00a0de mayo<\/p>\n<p class=\"yiv8849853958MsoNormal\" align=\"left\">\u00b7\u00a0\u00a0\u00a0\u00a0\u00a0\u00a0\u00a0\u00a0DNI terminados en 5: 16\u00a0de mayo<\/p>\n<p class=\"yiv8849853958MsoNormal\" align=\"left\">\u00b7\u00a0\u00a0\u00a0\u00a0\u00a0\u00a0\u00a0\u00a0DNI terminados en 6: 17\u00a0de mayo<\/p>\n<p class=\"yiv8849853958MsoNormal\" align=\"left\">\u00b7\u00a0\u00a0\u00a0\u00a0\u00a0\u00a0\u00a0\u00a0DNI terminados en 7: 20\u00a0de mayo<\/p>\n<p class=\"yiv8849853958MsoNormal\" align=\"left\">\u00b7\u00a0\u00a0\u00a0\u00a0\u00a0\u00a0\u00a0\u00a0DNI terminados en 8: 21\u00a0de mayo<\/p>\n<p class=\"yiv8849853958MsoNormal\" align=\"left\">\u00b7\u00a0\u00a0\u00a0\u00a0\u00a0\u00a0\u00a0\u00a0DNI terminados en 9: 22\u00a0de mayo<\/p>\n<p class=\"yiv8849853958MsoNormal\" align=\"left\"><b>\u00a0<\/b><\/p>\n<p class=\"yiv8849853958MsoNormal\" align=\"left\"><b>Asignaci\u00f3n por Embarazo<\/b><\/p>\n<p class=\"yiv8849853958MsoNormal\" align=\"left\">\u00b7\u00a0\u00a0\u00a0\u00a0\u00a0\u00a0\u00a0\u00a0DNI terminados en 0: 10\u00a0de mayo<\/p>\n<p class=\"yiv8849853958MsoNormal\" align=\"left\">\u00b7\u00a0\u00a0\u00a0\u00a0\u00a0\u00a0\u00a0\u00a0DNI terminados en 1: 13\u00a0de mayo<\/p>\n<p class=\"yiv8849853958MsoNormal\" align=\"left\">\u00b7\u00a0\u00a0\u00a0\u00a0\u00a0\u00a0\u00a0\u00a0DNI terminados en 2: 14\u00a0de mayo<\/p>\n<p class=\"yiv8849853958MsoNormal\" align=\"left\">\u00b7\u00a0\u00a0\u00a0\u00a0\u00a0\u00a0\u00a0\u00a0DNI terminados en 3: 15\u00a0de mayo<\/p>\n<p class=\"yiv8849853958MsoNormal\" align=\"left\">\u00b7\u00a0\u00a0\u00a0\u00a0\u00a0\u00a0\u00a0\u00a0DNI terminados en 4: 16\u00a0de mayo<\/p>\n<p class=\"yiv8849853958MsoNormal\" align=\"left\">\u00b7\u00a0\u00a0\u00a0\u00a0\u00a0\u00a0\u00a0\u00a0DNI terminados en 5: 17\u00a0de mayo<\/p>\n<p class=\"yiv8849853958MsoNormal\" align=\"left\">\u00b7\u00a0\u00a0\u00a0\u00a0\u00a0\u00a0\u00a0\u00a0DNI terminados en 6: 20\u00a0de mayo<\/p>\n<p class=\"yiv8849853958MsoNormal\" align=\"left\">\u00b7\u00a0\u00a0\u00a0\u00a0\u00a0\u00a0\u00a0\u00a0DNI terminados en 7: 21\u00a0de mayo<\/p>\n<p class=\"yiv8849853958MsoNormal\" align=\"left\">\u00b7\u00a0\u00a0\u00a0\u00a0\u00a0\u00a0\u00a0\u00a0DNI terminados en 8: 22\u00a0de mayo<\/p>\n<p class=\"yiv8849853958MsoNormal\" align=\"left\">\u00b7\u00a0\u00a0\u00a0\u00a0\u00a0\u00a0\u00a0\u00a0DNI terminados en 9: 23\u00a0de mayo<\/p>\n<p class=\"yiv8849853958MsoNormal\"><b>\u00a0<\/b><\/p>\n<p class=\"yiv8849853958MsoNormal\"><b>Asignaci\u00f3n por Prenatal y Maternidad<\/b><\/p>\n<p class=\"yiv8849853958MsoNormal\" align=\"left\">\u00b7\u00a0\u00a0\u00a0\u00a0\u00a0\u00a0\u00a0\u00a0DNI terminados en 0 y 1: 10\u00a0de mayo<\/p>\n<p class=\"yiv8849853958MsoNormal\" align=\"left\">\u00b7\u00a0\u00a0\u00a0\u00a0\u00a0\u00a0\u00a0\u00a0DNI terminados en 2 y 3: 13\u00a0de mayo<\/p>\n<p class=\"yiv8849853958MsoNormal\" align=\"left\">\u00b7\u00a0\u00a0\u00a0\u00a0\u00a0\u00a0\u00a0\u00a0DNI terminados en 4 y 5: 14\u00a0de mayo<\/p>\n<p class=\"yiv8849853958MsoNormal\" align=\"left\">\u00b7\u00a0\u00a0\u00a0\u00a0\u00a0\u00a0\u00a0\u00a0DNI terminados en 6 y 7: 15\u00a0de mayo<\/p>\n<p class=\"yiv8849853958MsoNormal\" align=\"left\">\u00b7\u00a0\u00a0\u00a0\u00a0\u00a0\u00a0\u00a0\u00a0DNI terminados en 8 y 9: 16\u00a0de mayo<\/p>\n<p class=\"yiv8849853958MsoNormal\"><b>\u00a0<\/b><\/p>\n<p class=\"yiv8849853958MsoNormal\"><b>Asignaciones Pago \u00danico<\/b><\/p>\n<p class=\"yiv8849853958MsoNormal\">\u00b7\u00a0\u00a0\u00a0\u00a0\u00a0\u00a0\u00a0\u00a0Todas las terminaciones de documento: 7\u00a0de mayo al 10 de junio<b><\/b><\/p>\n<p class=\"yiv8849853958MsoNormal\"><b>\u00a0<\/b><\/p>\n<p class=\"yiv8849853958MsoNormal\"><b>Pensiones No Contributivas<\/b><\/p>\n<p class=\"yiv8849853958MsoNormal\" align=\"left\">\u00b7\u00a0\u00a0\u00a0\u00a0\u00a0\u00a0\u00a0\u00a0DNI terminados en 0 y 1: 9\u00a0de mayo<\/p>\n<p class=\"yiv8849853958MsoNormal\" align=\"left\">\u00b7\u00a0\u00a0\u00a0\u00a0\u00a0\u00a0\u00a0\u00a0DNI terminados en 2 y 3: 10\u00a0de mayo<\/p>\n<p class=\"yiv8849853958MsoNormal\" align=\"left\">\u00b7\u00a0\u00a0\u00a0\u00a0\u00a0\u00a0\u00a0\u00a0DNI terminados en 4 y 5: 13\u00a0de mayo<\/p>\n<p class=\"yiv8849853958MsoNormal\" align=\"left\">\u00b7\u00a0\u00a0\u00a0\u00a0\u00a0\u00a0\u00a0\u00a0DNI terminados en 6 y 7: 14\u00a0de mayo<\/p>\n<p class=\"yiv8849853958MsoNormal\" align=\"left\">\u00b7\u00a0\u00a0\u00a0\u00a0\u00a0\u00a0\u00a0\u00a0DNI terminados en 8 y 9: 15\u00a0de mayo<\/p>\n<p class=\"yiv8849853958MsoNormal\"><b>\u00a0<\/b><\/p>\n<p class=\"yiv8849853958MsoNormal\"><b>Asignaciones Familiares de Pensiones No Contributivas<\/b><\/p>\n<p class=\"yiv8849853958MsoNormal\">\u00b7\u00a0\u00a0\u00a0\u00a0\u00a0\u00a0\u00a0\u00a0Todas las terminaciones de documento: 9\u00a0de mayo al 10 de junio<\/p>\n<p class=\"yiv8849853958MsoNormal\"><b>\u00a0<\/b><\/p>\n<p class=\"yiv8849853958MsoNormal\"><b>Prestaci\u00f3n por Desempleo<\/b><\/p>\n<p class=\"yiv8849853958MsoNormal\" align=\"left\">\u00b7\u00a0\u00a0\u00a0\u00a0\u00a0\u00a0\u00a0\u00a0DNI terminados en 0 y 1: 22\u00a0de mayo<\/p>\n<p class=\"yiv8849853958MsoNormal\" align=\"left\">\u00b7\u00a0\u00a0\u00a0\u00a0\u00a0\u00a0\u00a0\u00a0DNI terminados en 2 y 3: 23\u00a0de mayo<\/p>\n<p class=\"yiv8849853958MsoNormal\" align=\"left\">\u00b7\u00a0\u00a0\u00a0\u00a0\u00a0\u00a0\u00a0\u00a0DNI terminados en 4 y 5: 24\u00a0de mayo<\/p>\n<p class=\"yiv8849853958MsoNormal\" align=\"left\">\u00b7\u00a0\u00a0\u00a0\u00a0\u00a0\u00a0\u00a0\u00a0DNI terminados en 6 y 7: 27\u00a0de mayo<\/p>\n<p class=\"yiv8849853958MsoNormal\" align=\"left\">\u00b7\u00a0\u00a0\u00a0\u00a0\u00a0\u00a0\u00a0\u00a0DNI terminados en 8 y 9: 28\u00a0de mayo<\/p>\n<p class=\"yiv8849853958MsoListParagraphCxSpFirst\" align=\"right\"><strong>Se agradece difusi\u00f3n<\/strong><\/p>\n<p class=\"yiv8849853958MsoListParagraphCxSpLast\" align=\"right\"><strong>ANSES<\/strong><\/p>\n<p dir=\"ltr\"><strong>El Instituto de Previsi\u00f3n Social (IPS) inform\u00f3.<\/strong><!--more--><\/p>\n<p dir=\"ltr\">El IPS hizo saber que las personas jubiladas y pensionadas de la provincia de Buenos Aires, comenzar\u00e1n a percibir los haberes del mes de abril a partir del pr\u00f3ximo lunes 29, seg\u00fan cronograma que se detalla a continuaci\u00f3n:<\/p>\n<p dir=\"ltr\"><img loading=\"lazy\" decoding=\"async\" src=\"https:\/\/ecp.yusercontent.com\/mail?url=https%3A%2F%2Flh7-us.googleusercontent.com%2Ff8GG8a5FKDVY_v9KNPAO3rhjCshcNT6i1BJfRwx30I0z6k8c0S_c4KhY4HxI49JSX-AAnFNpfp5jEwh1Wx7VwSXREwZktilSHowaKx0kG-l0FIXgXx8g9pJACvQPbswjro-VGF9CS92nLKCLH3psczc&amp;t=1713924704&amp;ymreqid=a1e28384-e738-286e-1c5f-92000601a100&amp;sig=acOekcC_EHBZR1QU5jGwJQ--~D\" width=\"602\" height=\"401\" \/><\/p>\n<p dir=\"ltr\">El organismo previsional recuerda que el vencimiento del pago por ventanilla ser\u00e1 el 23 de mayo de 2024.<\/p>\n","protected":false},"excerpt":{"rendered":"<p>INFORMACI\u00d3N MUY \u00daTIL.<\/p>\n","protected":false},"author":3,"featured_media":24930,"comment_status":"open","ping_status":"open","sticky":false,"template":"","format":"standard","meta":{"footnotes":"","jetpack_publicize_message":"","jetpack_publicize_feature_enabled":true,"jetpack_social_post_already_shared":true,"jetpack_social_options":{"image_generator_settings":{"template":"highway","default_image_id":0,"font":"","enabled":false},"version":2}},"categories":[81],"tags":[2700,142],"class_list":["post-24809","post","type-post","status-publish","format-standard","has-post-thumbnail","hentry","category-anses","tag-ips","tag-pagos"],"jetpack_publicize_connections":[],"jetpack_featured_media_url":"https:\/\/revistaepocadigital.com.ar\/wp-content\/uploads\/2024\/04\/anses-pagos-5-24.png","jetpack_likes_enabled":true,"_links":{"self":[{"href":"https:\/\/revistaepocadigital.com.ar\/index.php?rest_route=\/wp\/v2\/posts\/24809","targetHints":{"allow":["GET"]}}],"collection":[{"href":"https:\/\/revistaepocadigital.com.ar\/index.php?rest_route=\/wp\/v2\/posts"}],"about":[{"href":"https:\/\/revistaepocadigital.com.ar\/index.php?rest_route=\/wp\/v2\/types\/post"}],"author":[{"embeddable":true,"href":"https:\/\/revistaepocadigital.com.ar\/index.php?rest_route=\/wp\/v2\/users\/3"}],"replies":[{"embeddable":true,"href":"https:\/\/revistaepocadigital.com.ar\/index.php?rest_route=%2Fwp%2Fv2%2Fcomments&post=24809"}],"version-history":[{"count":0,"href":"https:\/\/revistaepocadigital.com.ar\/index.php?rest_route=\/wp\/v2\/posts\/24809\/revisions"}],"wp:featuredmedia":[{"embeddable":true,"href":"https:\/\/revistaepocadigital.com.ar\/index.php?rest_route=\/wp\/v2\/media\/24930"}],"wp:attachment":[{"href":"https:\/\/revistaepocadigital.com.ar\/index.php?rest_route=%2Fwp%2Fv2%2Fmedia&parent=24809"}],"wp:term":[{"taxonomy":"category","embeddable":true,"href":"https:\/\/revistaepocadigital.com.ar\/index.php?rest_route=%2Fwp%2Fv2%2Fcategories&post=24809"},{"taxonomy":"post_tag","embeddable":true,"href":"https:\/\/revistaepocadigital.com.ar\/index.php?rest_route=%2Fwp%2Fv2%2Ftags&post=24809"}],"curies":[{"name":"wp","href":"https:\/\/api.w.org\/{rel}","templated":true}]}}