{"id":24815,"date":"2024-04-24T01:30:50","date_gmt":"2024-04-24T04:30:50","guid":{"rendered":"https:\/\/revistaepocadigital.com.ar\/?p=24815"},"modified":"2024-04-24T01:32:24","modified_gmt":"2024-04-24T04:32:24","slug":"lemuel-nassivera-dejo-todo-en-la-copa-argentina","status":"publish","type":"post","link":"https:\/\/revistaepocadigital.com.ar\/?p=24815","title":{"rendered":"Lemuel Nassivera dej\u00f3 todo en la Copa Argentina"},"content":{"rendered":"<p><strong>DESPU\u00c9S DE UNOS D\u00cdAS VERTIGINOSOS.<\/strong><!--more--><\/p>\n<p>El capillense Lemuel Nassivera le coment\u00f3 a EPOCA acerca de su actuaci\u00f3n en la Copa Argentina de kickboxing, que clasificaba a representantes argentinos para el campeonato mundial que tendr\u00e1 lugar en Espa\u00f1a.<\/p>\n<p>Nassivera, quien ha venido mostrando una muy buena evoluci\u00f3n desde que comenz\u00f3 a incursionar en este deporte, lleg\u00f3 a la instancia final como qued\u00f3 dicho, clasificatoria para el Mundial en suelo espa\u00f1ol.<\/p>\n<p>&#8220;Ahora mucho m\u00e1s tranquilo y seguro de haber dado todo de mi en la participaci\u00f3n en la Copa Argentina fue positiva, si bien no alcanc\u00e9 a concretar mi participaci\u00f3n en el Mundial en la que fue mi \u00faltima chance&#8221;, coment\u00f3 el chico de Capilla del Se\u00f1or quien combati\u00f3 en la categor\u00eda hasta -71kg.<\/p>\n<p>&#8220;Gan\u00e9 la primera pelea por K.O.T en el primer round y pase a la semifinal donde perd\u00ed por puntos; la verdad sent\u00ed mucho no conseguir la clasificaci\u00f3n que fu\u00edmos a buscar, pero m\u00e1s all\u00e1 del resultado, qued\u00e9 contento por el desempe\u00f1o que tuve, estoy entero al 100% y con hambre de pelear, preparado para cualquier cosa y prepar\u00e1ndome para dar las mejores batallas arriba del ring&#8221;, se\u00f1al\u00f3 Nassivera.<\/p>\n<p><strong><img loading=\"lazy\" decoding=\"async\" class=\"aligncenter size-full wp-image-24817\" src=\"https:\/\/revistaepocadigital.com.ar\/wp-content\/uploads\/2024\/04\/LE.jpg\" alt=\"\" width=\"500\" height=\"623\" srcset=\"https:\/\/revistaepocadigital.com.ar\/wp-content\/uploads\/2024\/04\/LE.jpg 500w, https:\/\/revistaepocadigital.com.ar\/wp-content\/uploads\/2024\/04\/LE-241x300.jpg 241w, https:\/\/revistaepocadigital.com.ar\/wp-content\/uploads\/2024\/04\/LE-337x420.jpg 337w\" sizes=\"auto, (max-width: 500px) 100vw, 500px\" \/><\/strong><\/p>\n<p>&#8220;Como dije, d\u00ed todo de m\u00ed en la Copa Argentina, y mucho le debo al acompa\u00f1amiento de mis viejos y a mis sponsors de todo coraz\u00f3n les agradezco por apoyarme y ayudarme en mi carrera; gracias a SM SAN MARTIN CONSTRUCCIONES Marcos Galeano, @LOGISTICA Y DISTRIBUCION CTL Forraje La Esperanza Lepore, @CASA PARODI, Pintureria Arco Iris, @CARNICERIA LA NUEVA, Revista Epoca Digital Carlos Saavedra, Construcciones Zarza Rodrigo Zarza&#8221;.<\/p>\n<p>&nbsp;<\/p>\n","protected":false},"excerpt":{"rendered":"<p>DESPU\u00c9S DE UNOS D\u00cdAS VERTIGINOSOS.<\/p>\n","protected":false},"author":4,"featured_media":24818,"comment_status":"open","ping_status":"open","sticky":false,"template":"","format":"standard","meta":{"footnotes":"","jetpack_publicize_message":"","jetpack_publicize_feature_enabled":true,"jetpack_social_post_already_shared":true,"jetpack_social_options":{"image_generator_settings":{"template":"highway","default_image_id":0,"font":"","enabled":false},"version":2}},"categories":[9],"tags":[],"class_list":["post-24815","post","type-post","status-publish","format-standard","has-post-thumbnail","hentry","category-deportes"],"jetpack_publicize_connections":[],"jetpack_featured_media_url":"https:\/\/revistaepocadigital.com.ar\/wp-content\/uploads\/2024\/04\/LE1.jpg","jetpack_likes_enabled":true,"_links":{"self":[{"href":"https:\/\/revistaepocadigital.com.ar\/index.php?rest_route=\/wp\/v2\/posts\/24815","targetHints":{"allow":["GET"]}}],"collection":[{"href":"https:\/\/revistaepocadigital.com.ar\/index.php?rest_route=\/wp\/v2\/posts"}],"about":[{"href":"https:\/\/revistaepocadigital.com.ar\/index.php?rest_route=\/wp\/v2\/types\/post"}],"author":[{"embeddable":true,"href":"https:\/\/revistaepocadigital.com.ar\/index.php?rest_route=\/wp\/v2\/users\/4"}],"replies":[{"embeddable":true,"href":"https:\/\/revistaepocadigital.com.ar\/index.php?rest_route=%2Fwp%2Fv2%2Fcomments&post=24815"}],"version-history":[{"count":0,"href":"https:\/\/revistaepocadigital.com.ar\/index.php?rest_route=\/wp\/v2\/posts\/24815\/revisions"}],"wp:featuredmedia":[{"embeddable":true,"href":"https:\/\/revistaepocadigital.com.ar\/index.php?rest_route=\/wp\/v2\/media\/24818"}],"wp:attachment":[{"href":"https:\/\/revistaepocadigital.com.ar\/index.php?rest_route=%2Fwp%2Fv2%2Fmedia&parent=24815"}],"wp:term":[{"taxonomy":"category","embeddable":true,"href":"https:\/\/revistaepocadigital.com.ar\/index.php?rest_route=%2Fwp%2Fv2%2Fcategories&post=24815"},{"taxonomy":"post_tag","embeddable":true,"href":"https:\/\/revistaepocadigital.com.ar\/index.php?rest_route=%2Fwp%2Fv2%2Ftags&post=24815"}],"curies":[{"name":"wp","href":"https:\/\/api.w.org\/{rel}","templated":true}]}}