{"id":24834,"date":"2024-04-25T23:19:37","date_gmt":"2024-04-26T02:19:37","guid":{"rendered":"https:\/\/revistaepocadigital.com.ar\/?p=24834"},"modified":"2024-04-25T23:24:49","modified_gmt":"2024-04-26T02:24:49","slug":"seras-feliz-cuando-te-canses","status":"publish","type":"post","link":"https:\/\/revistaepocadigital.com.ar\/?p=24834","title":{"rendered":"SER\u00c1S FELIZ CUANDO TE CANSES"},"content":{"rendered":"<div class=\"update-components-actor display-flex update-components-actor--with-control-menu-and-hide-post \">\n<div class=\"update-components-actor__container pr4 display-flex flex-grow-1\">\n<div class=\"update-components-actor__meta relative\">Jorge Inda.<\/div>\n<\/div>\n<\/div>\n<div><a class=\"app-aware-link update-components-actor__meta-link\" href=\"https:\/\/www.linkedin.com\/in\/jorgeindacoachdeempleo?miniProfileUrn=urn%3Ali%3Afs_miniProfile%3AACoAABqqIN0BeAaM0xPWrREtxRyGWx7kKUZFlWs\" target=\"_self\" rel=\"noopener\" aria-label=\"Ver: Jorge Inda \u2022 Siguiendo Como Coach, preparo, acompa\u00f1o e inspiro personas a que se reinventen y despierten todo su potencial con mi m\u00e9todo de los 8 recursos. Embajador de Marca.\" data-test-app-aware-link=\"\"><span class=\"update-components-actor__title \"><span class=\"update-components-actor__name hoverable-link-text t-14 t-bold t-black\"><span class=\"visually-hidden\">Jorge Inda<\/span><\/span><span class=\"update-components-actor__supplementary-actor-info t-black--light t-14 t-normal ml1 \"><span aria-hidden=\"true\">\u2022<\/span><\/span><\/span><span class=\"update-components-actor__description t-black--light update-components-actor--with-control-menu-and-hide-post t-12 t-normal \"><span aria-hidden=\"true\"> Coach de empleo. Prepara, acompa\u00f1a e inspira a personas a que se reinventen y despierten todo su potencial con su m\u00e9todo de los 8 recursos. Embajador de Marca. Es oriundo de Capilla del Se\u00f1or.<\/span><\/span><\/a><\/div>\n<div class=\"feed-shared-control-menu display-flex feed-shared-update-v2__control-menu absolute text-align-right feed-shared-update-v2--with-hide-post \"><button id=\"ember301\" class=\"feed-shared-control-menu__hide-post-button artdeco-button artdeco-button--circle artdeco-button--muted artdeco-button--1 artdeco-button--tertiary ember-view\" aria-label=\"Descartar publicaci\u00f3n de Jorge Inda\">\u00a0<\/button><\/div>\n<p><!--more--><\/p>\n<div class=\"feed-shared-update-v2__description-wrapper mr2\" tabindex=\"-1\">\n<div class=\"feed-shared-inline-show-more-text feed-shared-update-v2__description feed-shared-inline-show-more-text--minimal-padding feed-shared-inline-show-more-text--7-lines feed-shared-inline-show-more-text--expanded \" tabindex=\"-1\">\n<div class=\"update-components-text relative update-components-update-v2__commentary \" dir=\"ltr\"><span class=\"break-words \"><span class=\"break-words \"><span class=\"text-view-model\" dir=\"ltr\"><img loading=\"lazy\" decoding=\"async\" class=\"alignleft size-medium wp-image-24839\" src=\"https:\/\/revistaepocadigital.com.ar\/wp-content\/uploads\/2024\/04\/indas-300x300.jpeg\" alt=\"\" width=\"300\" height=\"300\" srcset=\"https:\/\/revistaepocadigital.com.ar\/wp-content\/uploads\/2024\/04\/indas-300x300.jpeg 300w, https:\/\/revistaepocadigital.com.ar\/wp-content\/uploads\/2024\/04\/indas-150x150.jpeg 150w, https:\/\/revistaepocadigital.com.ar\/wp-content\/uploads\/2024\/04\/indas.jpeg 400w\" sizes=\"auto, (max-width: 300px) 100vw, 300px\" \/><br \/>\n\u2013\u00bfCU\u00c1NDO CONSEGUIR\u00c9 SER FELIZ? \u2013pregunt\u00f3 la Mujer Insatisfecha a la m\u00e1s Anciana del Valle.<\/span><\/span><\/span>\u2013CUANDO TE CANSES \u2013le respondi\u00f3 esta sin pens\u00e1rselo, mientras continuaba arando su huerto.La mujer la mir\u00f3 muy sorprendida, sin comprender sus palabras.<\/p>\n<p>&nbsp;<\/p>\n<\/div>\n<div dir=\"ltr\"><\/div>\n<pre dir=\"ltr\">Jorge Inda<\/pre>\n<div dir=\"ltr\"><\/div>\n<div class=\"update-components-text relative update-components-update-v2__commentary \" dir=\"ltr\">\n<p><span class=\"break-words \"><span class=\"text-view-model\" dir=\"ltr\">\u2013CUANDO TE CANSES -de preocuparte por el ma\u00f1ana, cuando te canses de compararte con otros \u2013 prosigui\u00f3 la anciana sonri\u00e9ndole con simpat\u00eda \u2013.<\/span><\/span><\/p>\n<p>CUANDO TE CANSES-de recordar lo que pas\u00f3, lo que se fue de tu vida y lo que pudo haber sido.<\/p>\n<p>CUANDO TE CANSES-de querer ser diferente, de mirar con lupa lo que te falta.<\/p>\n<p>CUANDO TE CANSES-de resistirte, de batallar contigo misma y empieces a seguir los deseos de tu alma para dejar de sentirte frustrada \u2013 asinti\u00f3 \u2013.<\/p>\n<p>Igual que la Semilla se abre paso con fuerza a trav\u00e9s de la tierra, cuando te canses nacer\u00e1 en tu interior una decisi\u00f3n inquebrantable: la de ELEGIR SER FELIZ POR ENCIMA DE CUALQUIER OTRA POSIBILIDAD, como la Semilla elige la Vida.<\/p>\n<p>Autor: Desconocido<\/p>\n<\/div>\n<div class=\"update-components-text relative update-components-update-v2__commentary \" dir=\"ltr\" style=\"text-align: center;\"><span class=\"break-words \"><span class=\"text-view-model\" dir=\"ltr\">#serloquequierove<span style=\"color: #000000; font-family: Arial;\"><span style=\"font-size: 17.3333px; background-color: #f0f0f0;\">r<\/span><\/span><\/span><\/span><\/div>\n<\/div>\n<\/div>\n<div class=\"update-components-image update-components-image--single-image feed-shared-update-v2__content\">\n<div class=\"relative\">\n<div class=\"update-components-image__container\">\n<div class=\"ivm-image-view-model \">\n<div class=\"ivm-view-attr__img-wrapper ivm-view-attr__img-wrapper--no-flex\"><img loading=\"lazy\" decoding=\"async\" class=\"aligncenter size-full wp-image-24840\" src=\"https:\/\/revistaepocadigital.com.ar\/wp-content\/uploads\/2024\/04\/1713878822526.jpeg\" alt=\"\" width=\"480\" height=\"480\" srcset=\"https:\/\/revistaepocadigital.com.ar\/wp-content\/uploads\/2024\/04\/1713878822526.jpeg 480w, https:\/\/revistaepocadigital.com.ar\/wp-content\/uploads\/2024\/04\/1713878822526-300x300.jpeg 300w, https:\/\/revistaepocadigital.com.ar\/wp-content\/uploads\/2024\/04\/1713878822526-150x150.jpeg 150w, https:\/\/revistaepocadigital.com.ar\/wp-content\/uploads\/2024\/04\/1713878822526-420x420.jpeg 420w\" sizes=\"auto, (max-width: 480px) 100vw, 480px\" \/><\/div>\n<\/div>\n<\/div>\n<p>&nbsp;<\/p>\n<\/div>\n<\/div>\n","protected":false},"excerpt":{"rendered":"<p>Jorge Inda. Jorge Inda\u2022 Coach de empleo. Prepara, acompa\u00f1a e inspira a personas a que se reinventen y despierten todo su potencial con su m\u00e9todo de los 8 recursos. Embajador de Marca. Es oriundo de Capilla del Se\u00f1or. \u00a0<\/p>\n","protected":false},"author":3,"featured_media":24840,"comment_status":"open","ping_status":"open","sticky":false,"template":"","format":"standard","meta":{"footnotes":"","jetpack_publicize_message":"","jetpack_publicize_feature_enabled":true,"jetpack_social_post_already_shared":true,"jetpack_social_options":{"image_generator_settings":{"template":"highway","default_image_id":0,"font":"","enabled":false},"version":2}},"categories":[12],"tags":[2283,2704],"class_list":["post-24834","post","type-post","status-publish","format-standard","has-post-thumbnail","hentry","category-espectaculos","tag-coaching","tag-inda"],"jetpack_publicize_connections":[],"jetpack_featured_media_url":"https:\/\/revistaepocadigital.com.ar\/wp-content\/uploads\/2024\/04\/1713878822526.jpeg","jetpack_likes_enabled":true,"_links":{"self":[{"href":"https:\/\/revistaepocadigital.com.ar\/index.php?rest_route=\/wp\/v2\/posts\/24834","targetHints":{"allow":["GET"]}}],"collection":[{"href":"https:\/\/revistaepocadigital.com.ar\/index.php?rest_route=\/wp\/v2\/posts"}],"about":[{"href":"https:\/\/revistaepocadigital.com.ar\/index.php?rest_route=\/wp\/v2\/types\/post"}],"author":[{"embeddable":true,"href":"https:\/\/revistaepocadigital.com.ar\/index.php?rest_route=\/wp\/v2\/users\/3"}],"replies":[{"embeddable":true,"href":"https:\/\/revistaepocadigital.com.ar\/index.php?rest_route=%2Fwp%2Fv2%2Fcomments&post=24834"}],"version-history":[{"count":0,"href":"https:\/\/revistaepocadigital.com.ar\/index.php?rest_route=\/wp\/v2\/posts\/24834\/revisions"}],"wp:featuredmedia":[{"embeddable":true,"href":"https:\/\/revistaepocadigital.com.ar\/index.php?rest_route=\/wp\/v2\/media\/24840"}],"wp:attachment":[{"href":"https:\/\/revistaepocadigital.com.ar\/index.php?rest_route=%2Fwp%2Fv2%2Fmedia&parent=24834"}],"wp:term":[{"taxonomy":"category","embeddable":true,"href":"https:\/\/revistaepocadigital.com.ar\/index.php?rest_route=%2Fwp%2Fv2%2Fcategories&post=24834"},{"taxonomy":"post_tag","embeddable":true,"href":"https:\/\/revistaepocadigital.com.ar\/index.php?rest_route=%2Fwp%2Fv2%2Ftags&post=24834"}],"curies":[{"name":"wp","href":"https:\/\/api.w.org\/{rel}","templated":true}]}}