{"id":24846,"date":"2024-04-26T01:25:30","date_gmt":"2024-04-26T04:25:30","guid":{"rendered":"https:\/\/revistaepocadigital.com.ar\/?p=24846"},"modified":"2024-04-26T01:25:30","modified_gmt":"2024-04-26T04:25:30","slug":"intendentes-reunidos-nunca-esta-mal-juntos-somos-mas","status":"publish","type":"post","link":"https:\/\/revistaepocadigital.com.ar\/?p=24846","title":{"rendered":"Intendentes reunidos. Nunca est\u00e1 mal. Juntos somos m\u00e1s"},"content":{"rendered":"<div class=\"itemHeader\">\n<h4 class=\"itemTitle\"><strong>SE REUNIERON LOS DE LA REGI\u00d3N NORTE 2. ENTRE ELLOS LUIS MARIANO MART\u00cdN, JEFE COMUNAL INTERINO DE EXALTACI\u00d3N DE LA CRUZ.<\/strong><!--more--><\/h4>\n<h6 class=\"itemTitle\">Potenciar desarrollos de cada distrito entre los principales objetivos. El encuentro del denominado Consorcio Regi\u00f3n Norte 2, estuvo encabezado por el intendente de Pilar Federico Ach\u00e1val, quien resalt\u00f3 la necesidad de enfocarse en el desarrollo de Exaltaci\u00f3n de la Cruz, seg\u00fan inform\u00f3 el sitio Capillaonline.com<\/h6>\n<\/div>\n<div class=\"itemFullText\">\n<p>La reuni\u00f3n del Consorcio Regi\u00f3n Norte 2, cont\u00f3 con la presencia de los jefes comunales de Malvinas Argentinas, Escobar, Campana, San Fernando y Luis Mariano Mart\u00edn, intendente interino de Exaltaci\u00f3n de la Cruz , poni\u00e9ndose \u00e9nfasis en la importancia de trabajar conjuntamente para el desarrollo regional.<\/p>\n<p>Estos encuentros permiten discutir y coordinar pol\u00edticas p\u00fablicas, a modo de mejorar la calidad de vida de la gente de los distritos, agreg\u00f3 Capillaonline.com Son abordados en tal sentido, los desaf\u00edos locales con una perspectiva m\u00e1s amplia y cooperativa. La visi\u00f3n regional mencionada por el intendente Ach\u00e1val, es fundamental para enfrentar problemas comunes y aprovechar oportunidades de desarrollo que benefician a todos los distritos involucrados.<\/p>\n<p>&nbsp;<\/p>\n<\/div>\n","protected":false},"excerpt":{"rendered":"<p>SE REUNIERON LOS DE LA REGI\u00d3N NORTE 2. ENTRE ELLOS LUIS MARIANO MART\u00cdN, JEFE COMUNAL INTERINO DE EXALTACI\u00d3N DE LA CRUZ.<\/p>\n","protected":false},"author":3,"featured_media":24847,"comment_status":"open","ping_status":"open","sticky":false,"template":"","format":"standard","meta":{"footnotes":"","jetpack_publicize_message":"","jetpack_publicize_feature_enabled":true,"jetpack_social_post_already_shared":true,"jetpack_social_options":{"image_generator_settings":{"template":"highway","default_image_id":0,"font":"","enabled":false},"version":2}},"categories":[17],"tags":[313,2705],"class_list":["post-24846","post","type-post","status-publish","format-standard","has-post-thumbnail","hentry","category-politica","tag-martin","tag-reunion-intendentes"],"jetpack_publicize_connections":[],"jetpack_featured_media_url":"https:\/\/revistaepocadigital.com.ar\/wp-content\/uploads\/2024\/04\/intendentess.jpg","jetpack_likes_enabled":true,"_links":{"self":[{"href":"https:\/\/revistaepocadigital.com.ar\/index.php?rest_route=\/wp\/v2\/posts\/24846","targetHints":{"allow":["GET"]}}],"collection":[{"href":"https:\/\/revistaepocadigital.com.ar\/index.php?rest_route=\/wp\/v2\/posts"}],"about":[{"href":"https:\/\/revistaepocadigital.com.ar\/index.php?rest_route=\/wp\/v2\/types\/post"}],"author":[{"embeddable":true,"href":"https:\/\/revistaepocadigital.com.ar\/index.php?rest_route=\/wp\/v2\/users\/3"}],"replies":[{"embeddable":true,"href":"https:\/\/revistaepocadigital.com.ar\/index.php?rest_route=%2Fwp%2Fv2%2Fcomments&post=24846"}],"version-history":[{"count":0,"href":"https:\/\/revistaepocadigital.com.ar\/index.php?rest_route=\/wp\/v2\/posts\/24846\/revisions"}],"wp:featuredmedia":[{"embeddable":true,"href":"https:\/\/revistaepocadigital.com.ar\/index.php?rest_route=\/wp\/v2\/media\/24847"}],"wp:attachment":[{"href":"https:\/\/revistaepocadigital.com.ar\/index.php?rest_route=%2Fwp%2Fv2%2Fmedia&parent=24846"}],"wp:term":[{"taxonomy":"category","embeddable":true,"href":"https:\/\/revistaepocadigital.com.ar\/index.php?rest_route=%2Fwp%2Fv2%2Fcategories&post=24846"},{"taxonomy":"post_tag","embeddable":true,"href":"https:\/\/revistaepocadigital.com.ar\/index.php?rest_route=%2Fwp%2Fv2%2Ftags&post=24846"}],"curies":[{"name":"wp","href":"https:\/\/api.w.org\/{rel}","templated":true}]}}