{"id":24856,"date":"2024-04-28T18:04:40","date_gmt":"2024-04-28T21:04:40","guid":{"rendered":"https:\/\/revistaepocadigital.com.ar\/?p=24856"},"modified":"2024-04-28T18:05:37","modified_gmt":"2024-04-28T21:05:37","slug":"dengue-jornada-de-prevencion-en-el-barrio-marin","status":"publish","type":"post","link":"https:\/\/revistaepocadigital.com.ar\/?p=24856","title":{"rendered":"DENGUE: JORNADA DE PREVENCI\u00d3N EN EL BARRIO MARIN"},"content":{"rendered":"<div class=\"xdj266r x11i5rnm xat24cr x1mh8g0r x1vvkbs x126k92a\">\n<div dir=\"auto\"><strong>VECINOS FUERON INFORMADOS.<!--more--><\/strong><\/div>\n<div dir=\"auto\"><\/div>\n<div dir=\"auto\">Residentes en el Barrio Mar\u00edn, cercano al centro de Capilla del Se\u00f1or, recibieron informaci\u00f3n acerca de la enfermedad que tanto preocupa en el pa\u00eds, como prevenirla, sus s\u00edntomas y cu\u00e1les son los lugares en los que se reproduce el mosquito que la transmite.<\/div>\n<div dir=\"auto\"><\/div>\n<\/div>\n<div dir=\"auto\"><img loading=\"lazy\" decoding=\"async\" class=\"aligncenter size-medium wp-image-24860\" src=\"https:\/\/revistaepocadigital.com.ar\/wp-content\/uploads\/2024\/04\/bar-marin-dengue.jpg-11-300x169.jpg\" alt=\"\" width=\"300\" height=\"169\" srcset=\"https:\/\/revistaepocadigital.com.ar\/wp-content\/uploads\/2024\/04\/bar-marin-dengue.jpg-11-300x169.jpg 300w, https:\/\/revistaepocadigital.com.ar\/wp-content\/uploads\/2024\/04\/bar-marin-dengue.jpg-11-768x432.jpg 768w, https:\/\/revistaepocadigital.com.ar\/wp-content\/uploads\/2024\/04\/bar-marin-dengue.jpg-11-696x392.jpg 696w, https:\/\/revistaepocadigital.com.ar\/wp-content\/uploads\/2024\/04\/bar-marin-dengue.jpg-11-1068x601.jpg 1068w, https:\/\/revistaepocadigital.com.ar\/wp-content\/uploads\/2024\/04\/bar-marin-dengue.jpg-11-746x420.jpg 746w, https:\/\/revistaepocadigital.com.ar\/wp-content\/uploads\/2024\/04\/bar-marin-dengue.jpg-11.jpg 1080w\" sizes=\"auto, (max-width: 300px) 100vw, 300px\" \/><\/div>\n<div dir=\"auto\"><\/div>\n<div class=\"x11i5rnm xat24cr x1mh8g0r x1vvkbs xtlvy1s x126k92a\">\n<div dir=\"auto\">Adem\u00e1s de la charla, hubo actividades recreativas y de concientizaci\u00f3n para los m\u00e1s chicos y operativos de salud. La jornada fue organizada por la Secretar\u00eda de Salud y Calidad de Vida, secretar\u00eda de Gobierno, la Direcci\u00f3n de Bromatolog\u00eda y Zoonosis, Salud Comunitaria de la Regi\u00f3n Sanitaria V y la coordinaci\u00f3n del \u00e1rea de Cultura del municipio.<\/div>\n<div dir=\"auto\"><\/div>\n<\/div>\n","protected":false},"excerpt":{"rendered":"<p>VECINOS FUERON INFORMADOS.<\/p>\n","protected":false},"author":3,"featured_media":24858,"comment_status":"open","ping_status":"open","sticky":false,"template":"","format":"standard","meta":{"footnotes":"","jetpack_publicize_message":"","jetpack_publicize_feature_enabled":true,"jetpack_social_post_already_shared":true,"jetpack_social_options":{"image_generator_settings":{"template":"highway","default_image_id":0,"font":"","enabled":false},"version":2}},"categories":[6],"tags":[625],"class_list":["post-24856","post","type-post","status-publish","format-standard","has-post-thumbnail","hentry","category-barrios","tag-dengue"],"jetpack_publicize_connections":[],"jetpack_featured_media_url":"https:\/\/revistaepocadigital.com.ar\/wp-content\/uploads\/2024\/04\/bar-marin-dengue.jpg","jetpack_likes_enabled":true,"_links":{"self":[{"href":"https:\/\/revistaepocadigital.com.ar\/index.php?rest_route=\/wp\/v2\/posts\/24856","targetHints":{"allow":["GET"]}}],"collection":[{"href":"https:\/\/revistaepocadigital.com.ar\/index.php?rest_route=\/wp\/v2\/posts"}],"about":[{"href":"https:\/\/revistaepocadigital.com.ar\/index.php?rest_route=\/wp\/v2\/types\/post"}],"author":[{"embeddable":true,"href":"https:\/\/revistaepocadigital.com.ar\/index.php?rest_route=\/wp\/v2\/users\/3"}],"replies":[{"embeddable":true,"href":"https:\/\/revistaepocadigital.com.ar\/index.php?rest_route=%2Fwp%2Fv2%2Fcomments&post=24856"}],"version-history":[{"count":0,"href":"https:\/\/revistaepocadigital.com.ar\/index.php?rest_route=\/wp\/v2\/posts\/24856\/revisions"}],"wp:featuredmedia":[{"embeddable":true,"href":"https:\/\/revistaepocadigital.com.ar\/index.php?rest_route=\/wp\/v2\/media\/24858"}],"wp:attachment":[{"href":"https:\/\/revistaepocadigital.com.ar\/index.php?rest_route=%2Fwp%2Fv2%2Fmedia&parent=24856"}],"wp:term":[{"taxonomy":"category","embeddable":true,"href":"https:\/\/revistaepocadigital.com.ar\/index.php?rest_route=%2Fwp%2Fv2%2Fcategories&post=24856"},{"taxonomy":"post_tag","embeddable":true,"href":"https:\/\/revistaepocadigital.com.ar\/index.php?rest_route=%2Fwp%2Fv2%2Ftags&post=24856"}],"curies":[{"name":"wp","href":"https:\/\/api.w.org\/{rel}","templated":true}]}}