{"id":24875,"date":"2024-05-01T13:10:09","date_gmt":"2024-05-01T16:10:09","guid":{"rendered":"https:\/\/revistaepocadigital.com.ar\/?p=24875"},"modified":"2024-05-01T22:53:16","modified_gmt":"2024-05-02T01:53:16","slug":"vamos-a-todos-los-trabajadores-argentinos-feliz-dia-del-trabajador","status":"publish","type":"post","link":"https:\/\/revistaepocadigital.com.ar\/?p=24875","title":{"rendered":"Vamos!. A todos los trabajadores argentinos feliz D\u00eda del Trabajador!"},"content":{"rendered":"<p><strong>UN D\u00cdA PARA REFLEXIONAR TAMBI\u00c9N.<\/strong><!--more--><\/p>\n<p>Como cada 1 de mayo, conmemoramos las luchas y sacrificios de los M\u00e1rtires de Chicago, quienes en 1886 lucharon por sus derechos y fueron ejecutados despu\u00e9s de hacer sus demandas, as\u00ed como desde ya la constante lucha de los trabajadores y jubilados argentinos.<\/p>\n<p>La pelea por por una jornada laboral de 8 horas diarias y 48 horas semanales, salarios decentes y justicia social, marc\u00f3 un antes y un despu\u00e9s en la historia del movimiento obrero. Honramos su memoria y reconocemos las luchas de los trabajadores maltratados y explotados. Reafirmamos nuestro compromiso con la solidaridad, unionizaci\u00f3n y defensa de los derechos de los trabajadores. Gracias por su arduo trabajo, dedicaci\u00f3n y perseverancia. Que este d\u00eda sea una celebraci\u00f3n de sus luchas y triunfos.<\/p>\n<p>&nbsp;<\/p>\n<p>&nbsp;<\/p>\n","protected":false},"excerpt":{"rendered":"<p>UN D\u00cdA PARA REFLEXIONAR TAMBI\u00c9N.<\/p>\n","protected":false},"author":4,"featured_media":24877,"comment_status":"open","ping_status":"open","sticky":false,"template":"","format":"standard","meta":{"footnotes":"","jetpack_publicize_message":"","jetpack_publicize_feature_enabled":true,"jetpack_social_post_already_shared":true,"jetpack_social_options":{"image_generator_settings":{"template":"highway","default_image_id":0,"font":"","enabled":false},"version":2}},"categories":[17],"tags":[2708],"class_list":["post-24875","post","type-post","status-publish","format-standard","has-post-thumbnail","hentry","category-politica","tag-dia-del-trabajador"],"jetpack_publicize_connections":[],"jetpack_featured_media_url":"https:\/\/revistaepocadigital.com.ar\/wp-content\/uploads\/2024\/05\/TRABAJADOR.jpg","jetpack_likes_enabled":true,"_links":{"self":[{"href":"https:\/\/revistaepocadigital.com.ar\/index.php?rest_route=\/wp\/v2\/posts\/24875","targetHints":{"allow":["GET"]}}],"collection":[{"href":"https:\/\/revistaepocadigital.com.ar\/index.php?rest_route=\/wp\/v2\/posts"}],"about":[{"href":"https:\/\/revistaepocadigital.com.ar\/index.php?rest_route=\/wp\/v2\/types\/post"}],"author":[{"embeddable":true,"href":"https:\/\/revistaepocadigital.com.ar\/index.php?rest_route=\/wp\/v2\/users\/4"}],"replies":[{"embeddable":true,"href":"https:\/\/revistaepocadigital.com.ar\/index.php?rest_route=%2Fwp%2Fv2%2Fcomments&post=24875"}],"version-history":[{"count":0,"href":"https:\/\/revistaepocadigital.com.ar\/index.php?rest_route=\/wp\/v2\/posts\/24875\/revisions"}],"wp:featuredmedia":[{"embeddable":true,"href":"https:\/\/revistaepocadigital.com.ar\/index.php?rest_route=\/wp\/v2\/media\/24877"}],"wp:attachment":[{"href":"https:\/\/revistaepocadigital.com.ar\/index.php?rest_route=%2Fwp%2Fv2%2Fmedia&parent=24875"}],"wp:term":[{"taxonomy":"category","embeddable":true,"href":"https:\/\/revistaepocadigital.com.ar\/index.php?rest_route=%2Fwp%2Fv2%2Fcategories&post=24875"},{"taxonomy":"post_tag","embeddable":true,"href":"https:\/\/revistaepocadigital.com.ar\/index.php?rest_route=%2Fwp%2Fv2%2Ftags&post=24875"}],"curies":[{"name":"wp","href":"https:\/\/api.w.org\/{rel}","templated":true}]}}