{"id":24879,"date":"2024-05-10T01:40:40","date_gmt":"2024-05-10T04:40:40","guid":{"rendered":"https:\/\/revistaepocadigital.com.ar\/?p=24879"},"modified":"2024-05-14T01:23:50","modified_gmt":"2024-05-14T04:23:50","slug":"el-conflicto-con-las-enfermeras-del-hospital-reclaman-aumentos-de-sueldo-solicitaron-el-70-y-solo-nos-ofrecieron-el-10pedimos-el-70","status":"publish","type":"post","link":"https:\/\/revistaepocadigital.com.ar\/?p=24879","title":{"rendered":"Las enfermeras del Hospital. Conflicto en v\u00edas de soluci\u00f3n, hubo recomposiciones salariales"},"content":{"rendered":"<p><strong>AL CABO DE LA REUNI\u00d3N ENTRE EL PERSONAL DE ENFERMER\u00cdA CON FUNCIONARIOS Y CONCEJALES.<\/strong><!--more--><\/p>\n<p>En la \u00faltima reuni\u00f3n que mantuvo el plantel de enfermer\u00eda del hospital, con funcionarios del municipio se arribaron a algunos acuerdos, seg\u00fan pudo saber EPOCA.<\/p>\n<p><em>&#8220;Nos dieron<\/em> (el municipio) u<em>n 65% de aumento, y por otro lado otorgaron pases de personal de monotributistas a personal a cobrar sus sueldos en forma quincenal&#8221;, <\/em>dijo una enfermera del plantel del hospital a este medio.<\/p>\n<p>El acuerdo abarc\u00f3 tambi\u00e9n, seg\u00fan lo comentado por otra mujer enfermera, a una recategorizaci\u00f3n de personal en todas las en todas las categor\u00edas de enfermer\u00eda, que se encuentran divididas en Auxiliares, Profesionales y Licenciadas.<\/p>\n<p><em>&#8220;El salario b\u00e1sico y la escala salarial, depende de las categor\u00edas del personal, es decir Auxiliares, Profesionales y Licenciadas. Ahora, con el aumento de sueldos que dieron, ni una Licenciada llega a cobrar 300 mil pesos mensuales&#8221;,<\/em> escuch\u00f3 decir EPOCA por parte de una enfermera m\u00e1s quien no ocult\u00f3 su disconformismo.<\/p>\n<div dir=\"ltr\">Agreg\u00f3 despu\u00e9s,<em> &#8220;se sum\u00f3 un aumento por t\u00edtulo, que no lo da la municipalidad porque lo otorga Naci\u00f3n, que ya estaba estipulado pero por ahora no sabemos de cuanto ser\u00e1 el incremento. A su vez, otorgaron otras bonificaciones por presentismo y recategorizaci\u00f3n cada tres a\u00f1os como debe ser, ya que ven\u00edan atrasados en la municipalidad en este sentido; hay compa\u00f1eras que llevan 10 a\u00f1os en la funci\u00f3n y segu\u00edan con la misma categor\u00eda; ellos (<\/em>el municipio)<em>, dicen que se aumenta por desempe\u00f1o algo que en otros hospitales no es as\u00ed&#8221;.<\/em><\/div>\n<div dir=\"ltr\"><\/div>\n<div dir=\"ltr\">Por otro lado, en el caso de s\u00f3lo siete enfermeras de las 20 monotributistas que hay trabajando, pasaron a recibir sueldos quincenales, <em>&#8220;no se en que se basaron porque pasaron a gente m\u00e1s nueva, y no a la que tiene m\u00e1s a\u00f1os trabajando en el hospital; parece que ellos pasan a quien quieren, y no como deber ser por antiguedad, esos pases los eligi\u00f3 la jefa de enfermeras, la licenciada Daiana Galante&#8221;<\/em><\/div>\n<div dir=\"ltr\"><\/div>\n<p>Los sueldos b\u00e1sicos anteriores y los incrementos han sido los siguientes de acuerdo a la propuesta de la Municipalidad:<\/p>\n<p>Auxiliar de 130.000 se incrementa a 232.000 pesos.<br \/>\nProfesional de 155.000 a 260.000 pesos.<br \/>\nLicenciada de 171.000 a 287.000 pesos.<\/p>\n<div dir=\"ltr\"><em>&#8220;Ahora vamos a esperar y ver los pagos a fin de mes y los recibos; despu\u00e9s veremos como seguimos porque nosotras no es que estamos conformes con la propuesta, es la que nos pueden dar nos dijo Luisma Mart\u00edn<\/em> (concejal por el oficialismo)<em>, y tambi\u00e9n nos dijo que el municipio va a usar un dinero que recibieron no se si de Provincia o Naci\u00f3n para arreglos en el hospital para poder pagarnos a nosotras<\/em>&#8220;, coincidieron en afirmar un grupo del personal de enfermer\u00eda.<\/div>\n<p>&nbsp;<\/p>\n<p style=\"text-align: center;\"><span style=\"color: #ff9900;\"><strong>&#8212;&#8212;&#8212;&#8212;&#8212;&#8212;&#8212;&#8212;&#8212;&#8212;&#8212;&#8212;&#8212;&#8212;&#8212;&#8212;&#8212;&#8212;&#8212;&#8211;<\/strong><\/span><\/p>\n<p>nota anterior<\/p>\n<p><strong>EL CONFLICTO<\/strong><\/p>\n<p>Los reclamos del personal de enfermer\u00eda del Hospital Municipal San Jos\u00e9, en conflicto con el municipio debido a los reclamos por aumentos de sueldos como la principal necesidad, tuvo otro episodio de peso.<\/p>\n<p><img loading=\"lazy\" decoding=\"async\" class=\"aligncenter size-full wp-image-24994\" src=\"https:\/\/revistaepocadigital.com.ar\/wp-content\/uploads\/2024\/05\/enfermeras-confl-hcd-24-1.jpg\" alt=\"\" width=\"400\" height=\"225\" srcset=\"https:\/\/revistaepocadigital.com.ar\/wp-content\/uploads\/2024\/05\/enfermeras-confl-hcd-24-1.jpg 400w, https:\/\/revistaepocadigital.com.ar\/wp-content\/uploads\/2024\/05\/enfermeras-confl-hcd-24-1-300x169.jpg 300w\" sizes=\"auto, (max-width: 400px) 100vw, 400px\" \/><\/p>\n<p>Enfermeras asistieron a la m\u00e1s reciente sesi\u00f3n del Concejo Deliberante, durante cuyo transcurso se vivieron momentos de tensi\u00f3n y, afloraron diferencias pol\u00edticas entre el bloque oficial y los opositores, en cada caso interpretando el problema de las enfermeas, seg\u00fan sus intereses.<\/p>\n<p>Las enfermeras en la sesi\u00f3n del HCD, mostraron carteles para patentizar el disconformismo ante el reclamo por aumentos salariales (hicieron saber como se mencion\u00f3 en nota anterior, que los sueldos actuales van de 120 mil a 170 mil pesos).<em> &#8220;El mal momento lo vivimos cuando los concejales tuvieron que votar sobre la investigaci\u00f3n de los ingresos al sistema de salud y al hospital (<\/em>planteado por enfermeras a este medio)<em>, y el resultado fue negativo para nosotras y para muchos. El bloque oficial vot\u00f3 todo en contra&#8221;<\/em>, dijo a EPOCA una enfermera que estuvo en HCD.<\/p>\n<p><strong><img loading=\"lazy\" decoding=\"async\" class=\"aligncenter size-full wp-image-24991\" src=\"https:\/\/revistaepocadigital.com.ar\/wp-content\/uploads\/2024\/05\/enfermeras-conflic-hdcc24.jpg\" alt=\"\" width=\"540\" height=\"298\" srcset=\"https:\/\/revistaepocadigital.com.ar\/wp-content\/uploads\/2024\/05\/enfermeras-conflic-hdcc24.jpg 540w, https:\/\/revistaepocadigital.com.ar\/wp-content\/uploads\/2024\/05\/enfermeras-conflic-hdcc24-300x166.jpg 300w\" sizes=\"auto, (max-width: 540px) 100vw, 540px\" \/><\/strong><\/p>\n<div dir=\"ltr\">Hicieron saber enfermeras que este viernes 10 a las 2 de la tarde, les comunicaron desde la municipalidad que volv\u00edan reunirse para continuar debatiendo la problem\u00e1tica en curso, sobre la cual en nota anterior se inform\u00f3.<\/div>\n<div dir=\"ltr\"><img loading=\"lazy\" decoding=\"async\" class=\"aligncenter size-full wp-image-24993\" src=\"https:\/\/revistaepocadigital.com.ar\/wp-content\/uploads\/2024\/05\/enferme-confli-plaza-24.jpg\" alt=\"\" width=\"384\" height=\"288\" srcset=\"https:\/\/revistaepocadigital.com.ar\/wp-content\/uploads\/2024\/05\/enferme-confli-plaza-24.jpg 384w, https:\/\/revistaepocadigital.com.ar\/wp-content\/uploads\/2024\/05\/enferme-confli-plaza-24-300x225.jpg 300w, https:\/\/revistaepocadigital.com.ar\/wp-content\/uploads\/2024\/05\/enferme-confli-plaza-24-80x60.jpg 80w, https:\/\/revistaepocadigital.com.ar\/wp-content\/uploads\/2024\/05\/enferme-confli-plaza-24-160x120.jpg 160w, https:\/\/revistaepocadigital.com.ar\/wp-content\/uploads\/2024\/05\/enferme-confli-plaza-24-265x198.jpg 265w\" sizes=\"auto, (max-width: 384px) 100vw, 384px\" \/><\/div>\n<div dir=\"ltr\"><em>&#8220;Nosotras vamos a seguir protestando hasta que nos den aumento de sueldos que tanto precisamos&#8221;,<\/em> sostuvo un grupo de enfermeras.<\/div>\n<div dir=\"ltr\"><\/div>\n<p>&nbsp;<\/p>\n<p>nota en desarrollo<\/p>\n<p style=\"text-align: center;\"><span style=\"color: #ff6600;\"><strong>&#8212;&#8212;&#8212;&#8212;&#8212;&#8212;&#8212;&#8212;&#8212;&#8212;&#8212;&#8212;&#8212;&#8212;&#8212;-<\/strong><\/span><\/p>\n<p>nota anterior<\/p>\n<p><strong>LOS RECLAMOS.\u00a0 SINO SE ARRIBA A UNA SOLUCI\u00d3N PODR\u00cdAN REALIZAR UN PARO.<\/strong><!--more--><\/p>\n<p>Solicitando aumentos salariales y otras mejoras por parte del plantel de <strong>enfermer\u00eda del Hospital Municipal San Jos\u00e9<\/strong> persisten, y se han profundizado. En el funcionamiento diario del principal centro asistencial de<strong> Capilla del Se\u00f1or <\/strong>y del partido de<strong> Exaltaci\u00f3n de la Cruz, <\/strong>sin dudas uno de los mejores de la regi\u00f3n, se ha venido notando el <strong>clima de malestar en el sector de enfermer\u00eda.<\/strong><\/p>\n<p>Pudo saberse que se produjeron reuniones entre enfermeras y funcionarios municipales, encabezados por el intendente interino Luis Mariano Mart\u00edn (el 2 de mayo se dijo que reasum\u00eda sus funciones el intendente Diego Nanni luego de sus vacaciones anuales.<\/p>\n<p>Con EPOCA habl\u00f3 una enfermera del hospital capillense, quien coment\u00f3 detalles acerca de la situaci\u00f3n preocupante que persist\u00eda. Aludi\u00f3 a la reuni\u00f3n producida en los \u00faltimos d\u00edas con funcionarios municipales, donde los fueron reiterados los reclamos que han venido efectuando, &#8220;<em>Hubo una reuni\u00f3n con todo el plantel de enfermer\u00eda, se plantearon los problemas y necesidades que tenemos pero, desgraciadamente, no se lleg\u00f3 a ning\u00fan acuerdo. Los representantes de la municipalidad solo nos ofrecieron un 10% de aumento en nuestros salarios, completamente insuficiente dado como todos sabemos y padecemos, la inflaci\u00f3n y los problemas que hay en todo sentido&#8221;.<\/em><\/p>\n<p><img loading=\"lazy\" decoding=\"async\" class=\"aligncenter size-full wp-image-24884\" src=\"https:\/\/revistaepocadigital.com.ar\/wp-content\/uploads\/2024\/05\/enfermee\u00bfra-24.jpg\" alt=\"\" width=\"323\" height=\"417\" srcset=\"https:\/\/revistaepocadigital.com.ar\/wp-content\/uploads\/2024\/05\/enfermee\u00bfra-24.jpg 323w, https:\/\/revistaepocadigital.com.ar\/wp-content\/uploads\/2024\/05\/enfermee\u00bfra-24-232x300.jpg 232w\" sizes=\"auto, (max-width: 323px) 100vw, 323px\" \/><\/p>\n<p>El sueldo b\u00e1sico de parte del plantel de enfermer\u00eda, pudo saber EPOCA, ascender\u00eda a los 120.000 pesos mientras que el tope salarial se encontrar\u00eda en los 170.000 pesos, <em>&#8220;es una verguenza que como personal de salud de nuestro querido hospital, recibamos ese b\u00e1sico que es totalmente insuficiente, creo que nadie podr\u00e1 decir lo contrario&#8221;,<\/em> sostuvo otra enfermera quien tambi\u00e9n habl\u00f3 con este medio.<\/p>\n<p>Los reclamos salariales comenzaron en el a\u00f1o 2021, y hasta el presente los profesionales en enfermer\u00eda no hab\u00edan encontrado eco en el municipio.<em> &#8220;Hemos venido haciendo reuniones desde el 2021, y \u00faltimamente ya presentamos tres notas a la municipalidad reclamando que nos actualicen los sueldos. La primera nota la presentamos el 16 de abril pasado y adem\u00e1s les solicitabamos una reuni\u00f3n, as\u00ed fue nos dieron fecha para el 30 de abril&#8221;,<\/em> apunt\u00f3 una enfermera m\u00e1s quien ampli\u00f3 detalles. <em>&#8220;Cuando se entreg\u00f3 la nota la semana anterior, quisieron quisieron hacer<\/em> (funcionarios de la comuna) <em>una reuni\u00f3n interna s\u00f3lo con algunas compa\u00f1eras a las que les iban a evaluar sus recibos de sueldo, cuando en la nota presentada se ped\u00eda una reuni\u00f3n general con todo el plantel de enfermer\u00eda&#8221;<\/em>.<br \/>\n.<br \/>\n\u00bfEn que consisti\u00f3 en pedido de recomposici\u00f3n salarial de la totalidad de las enfermeras?. Solicitaron una aumento de salarios <em>&#8220;acorde a a lo que se precisa para cubrir la canasta b\u00e1sica, adem\u00e1s la recategorizaci\u00f3n, el pase a planta permanente de personal que actualmente son monotributistas y en lo que tiene que ver con el sueldo, pedimos un 70% de aumento, porque sabemos que el 100% no nos van a dar&#8221;.<\/em><\/p>\n<p>En el Hospital San Jos\u00e9 se desempe\u00f1an 85 enfermeras divididas en diferentes turnos semanales, totalizando 120 si se suman las abocadas a trabajar en los CAP (centros de atenci\u00f3n primaria. &#8220;<em>Nosotras queremos que el problema que tanto nos angustia se haga p\u00fablico, sino todo queda dentro del hospital y la gente piensa que todo est\u00e1 bien cuando para nada es as\u00ed. Eso s\u00ed, seguimos realizando nuestro trabajo con la misma entrega y dedicaci\u00f3n de siempre&#8221;,<\/em> aseguraron dos de las enfermeras en conflicto quienes como las anteriores, solicitaron que no fueran mencionados sus nombres.<\/p>\n<p>El personal del sector de enfermer\u00eda -remarcaron- est\u00e1 dispuesto a continuar con sus reclamos, y no descartaron hacer un paro <em>&#8220;si fuera necesario&#8221;. &#8220;Todos creemos que saben que haciendo nuestro trabajo ponemos lo mejor de nosotras, pero nuestra vocaci\u00f3n no paga las cuentas&#8221;.<\/em><\/p>\n<p>En la \u00faltima reuni\u00f3n con las enfermeras, a la que se ha hecho menci\u00f3n, estuvieron presentes el intendente interino Luisma Mart\u00edn, Zahga, la concejal oficialista Norma Santill\u00e1n, Dramiscino y en la \u00faltima, Sebasti\u00e1n Bartes. Este \u00faltimo pas\u00f3 a desempe\u00f1arse en el Hospital, luego de cumplir durante el gobierno nacional anterior, importantes funciones en el PAMI, lo que le ha proporcionado, trascendi\u00f3, importante experiencia y conocimientos. Luego de esa reuni\u00f3n, enfermeras se manifestaron con carteles frente al Hospital.<\/p>\n<p>Durante el encuentro mantenido, seg\u00fan comentaron enfermeras, los funcionarios de la comuna habr\u00edan respondido que <em>&#8220;no tienen de donde sacar plata para pagarnos, es porque la gente no paga las tasas municipales, cuando todos saben que al hospital entra plata por las prestaciones que se dan, y por otros servicios que se brindan y tambi\u00e9n se cobran&#8221;.<\/em><\/p>\n","protected":false},"excerpt":{"rendered":"<p>AL CABO DE LA REUNI\u00d3N ENTRE EL PERSONAL DE ENFERMER\u00cdA CON FUNCIONARIOS Y CONCEJALES.<\/p>\n","protected":false},"author":4,"featured_media":24992,"comment_status":"open","ping_status":"open","sticky":false,"template":"","format":"standard","meta":{"footnotes":"","jetpack_publicize_message":"","jetpack_publicize_feature_enabled":true,"jetpack_social_post_already_shared":true,"jetpack_social_options":{"image_generator_settings":{"template":"highway","default_image_id":0,"font":"","enabled":false},"version":2}},"categories":[17],"tags":[759,509,133],"class_list":["post-24879","post","type-post","status-publish","format-standard","has-post-thumbnail","hentry","category-politica","tag-conflicto","tag-enfermeras","tag-hospital"],"jetpack_publicize_connections":[],"jetpack_featured_media_url":"https:\/\/revistaepocadigital.com.ar\/wp-content\/uploads\/2024\/05\/enferme-conflic-hcd-24.jpg","jetpack_likes_enabled":true,"_links":{"self":[{"href":"https:\/\/revistaepocadigital.com.ar\/index.php?rest_route=\/wp\/v2\/posts\/24879","targetHints":{"allow":["GET"]}}],"collection":[{"href":"https:\/\/revistaepocadigital.com.ar\/index.php?rest_route=\/wp\/v2\/posts"}],"about":[{"href":"https:\/\/revistaepocadigital.com.ar\/index.php?rest_route=\/wp\/v2\/types\/post"}],"author":[{"embeddable":true,"href":"https:\/\/revistaepocadigital.com.ar\/index.php?rest_route=\/wp\/v2\/users\/4"}],"replies":[{"embeddable":true,"href":"https:\/\/revistaepocadigital.com.ar\/index.php?rest_route=%2Fwp%2Fv2%2Fcomments&post=24879"}],"version-history":[{"count":0,"href":"https:\/\/revistaepocadigital.com.ar\/index.php?rest_route=\/wp\/v2\/posts\/24879\/revisions"}],"wp:featuredmedia":[{"embeddable":true,"href":"https:\/\/revistaepocadigital.com.ar\/index.php?rest_route=\/wp\/v2\/media\/24992"}],"wp:attachment":[{"href":"https:\/\/revistaepocadigital.com.ar\/index.php?rest_route=%2Fwp%2Fv2%2Fmedia&parent=24879"}],"wp:term":[{"taxonomy":"category","embeddable":true,"href":"https:\/\/revistaepocadigital.com.ar\/index.php?rest_route=%2Fwp%2Fv2%2Fcategories&post=24879"},{"taxonomy":"post_tag","embeddable":true,"href":"https:\/\/revistaepocadigital.com.ar\/index.php?rest_route=%2Fwp%2Fv2%2Ftags&post=24879"}],"curies":[{"name":"wp","href":"https:\/\/api.w.org\/{rel}","templated":true}]}}