{"id":24892,"date":"2024-05-03T22:26:46","date_gmt":"2024-05-04T01:26:46","guid":{"rendered":"https:\/\/revistaepocadigital.com.ar\/?p=24892"},"modified":"2024-05-04T00:25:50","modified_gmt":"2024-05-04T03:25:50","slug":"achique-el-gobierno-va-a-reducir-el-40-de-los-registros-del-automotor","status":"publish","type":"post","link":"https:\/\/revistaepocadigital.com.ar\/?p=24892","title":{"rendered":"Achique. El gobierno va a reducir el 40% de los Registros del Automotor"},"content":{"rendered":"<header class=\"article-header-wrapper\">\n<div class=\"article-header \">\n<h3 id=\"el-gobierno-anuncio-que-reducira-el-40percent-de-los-registros-del-automotor\" class=\"article-headline left \"><strong>Focos de cuestionamientos<\/strong>. S<strong>on 1554 en el pa\u00eds, muchos frutos de favores de pol\u00edticos a familiares, allegados y amigos.<!--more--><\/strong><\/h3>\n<\/div>\n<\/header>\n<article class=\"article\">\n<div class=\"sharebar-container\">\n<div class=\"share-bar-article-date-container share-bar-article-date-divider\"><\/div>\n<div class=\"sharebar-buttons-container\">\n<div class=\"sharebar-buttons button-share\" tabindex=\"0\" role=\"button\" aria-label=\"Compartir\"><\/div>\n<\/div>\n<\/div>\n<div class=\"body-article\">\n<div class=\"visual__image\"><img loading=\"lazy\" decoding=\"async\" class=\"\" src=\"https:\/\/www.infobae.com\/new-resizer\/jNTe1Cud_OpNcuDHnikO7qvHqpQ=\/420x236\/filters:format(webp):quality(85)\/cloudfront-us-east-1.images.arcpublishing.com\/infobae\/3AO4PPI4F5AGVBWIUCAVXEOKME.jpeg%20420w\" sizes=\"auto, (min-width: 1560px) 856px, (min-width: 1000px) calc(74.63vw - 293px), (min-width: 780px) calc(100vw - 376px), (min-width: 580px) calc(100vw - 32px), 100vw\" srcset=\"https:\/\/www.infobae.com\/new-resizer\/jNTe1Cud_OpNcuDHnikO7qvHqpQ=\/420x236\/filters:format(webp):quality(85)\/cloudfront-us-east-1.images.arcpublishing.com\/infobae\/3AO4PPI4F5AGVBWIUCAVXEOKME.jpeg 420w,https:\/\/www.infobae.com\/new-resizer\/xMtkIvaCEQy_NHgLPeSdnv5Tab0=\/768x432\/filters:format(webp):quality(85)\/cloudfront-us-east-1.images.arcpublishing.com\/infobae\/3AO4PPI4F5AGVBWIUCAVXEOKME.jpeg 768w,https:\/\/www.infobae.com\/new-resizer\/OHjMe036F7BM9YgakaaSCYoK06M=\/992x558\/filters:format(webp):quality(85)\/cloudfront-us-east-1.images.arcpublishing.com\/infobae\/3AO4PPI4F5AGVBWIUCAVXEOKME.jpeg 992w,https:\/\/www.infobae.com\/new-resizer\/FQrIHA0MPPFqj8DR9Lrma6H7VaI=\/1200x675\/filters:format(webp):quality(85)\/cloudfront-us-east-1.images.arcpublishing.com\/infobae\/3AO4PPI4F5AGVBWIUCAVXEOKME.jpeg 1200w,https:\/\/www.infobae.com\/new-resizer\/v4VBxDxXeBYjfsbVMxzggpcPlUs=\/1440x810\/filters:format(webp):quality(85)\/cloudfront-us-east-1.images.arcpublishing.com\/infobae\/3AO4PPI4F5AGVBWIUCAVXEOKME.jpeg 1440w\" alt=\"infobae\" width=\"1920\" height=\"1079\" data-src=\"https:\/\/www.infobae.com\/new-resizer\/jNTe1Cud_OpNcuDHnikO7qvHqpQ=\/420x236\/filters:format(webp):quality(85)\/cloudfront-us-east-1.images.arcpublishing.com\/infobae\/3AO4PPI4F5AGVBWIUCAVXEOKME.jpeg 420w\" \/><\/div>\n<p class=\"paragraph\" data-mrf-recirculation=\"Links inline\">Ac\u00e1 se replica la nota publicada por infobae.com relacionada con tan relevante tema que afecta a los argentinos usuarios de veh\u00edculos.<\/p>\n<p class=\"paragraph\" data-mrf-recirculation=\"Links inline\">-El gobierno de <b>Javier Milei\u00a0<\/b>hab\u00eda prometido la eliminaci\u00f3n de los\u00a0<b>registros automotores<\/b> y, cuando ya se hab\u00eda cumplido el plazo prometido para avanzar con la medida, sac\u00f3 un comunicado para anunciar que cumplir\u00e1 esa promesa.<\/p>\n<p class=\"paragraph\" data-mrf-recirculation=\"Links inline\">\u201cDe acuerdo al resultado de la primera etapa de la auditor\u00eda llevada a cabo en la DIRECCI\u00d3N NACIONAL DE LOS REGISTROS NACIONALES DE PROPIEDAD DEL AUTOMOTOR Y CR\u00c9DITOS PRENDARIOS (DNRPA), y con el objetivo de reducir costos y eliminar tr\u00e1mites burocr\u00e1ticos, se ejecutar\u00e1n las siguientes medidas\u201d, comienza el comunicado que se detalla a continuaci\u00f3n:<\/p>\n<div class=\"inline ad-wrapper\">\n<div class=\"dfpAd ad-inline\">\n<div id=\"infobae\/politica\/nota\/inline\" class=\"infobae\/politica\/nota\/inline arcad\" data-google-query-id=\"CNzfvpLn8oUDFQQfuQYdqfQIsA\">\n<div id=\"google_ads_iframe_\/1058609\/infobae\/politica\/nota\/inline_0__container__\"><\/div>\n<\/div>\n<\/div>\n<\/div>\n<p class=\"paragraph\" data-mrf-recirculation=\"Links inline\">\u2022\u00a0<b>Se cerrar\u00e1 el 40% de los Registros Automotores<\/b>, comenzando por aquellos que llevan intervenidos m\u00e1s de 2 a\u00f1os, y luego se proceder\u00e1 con el cierre de los restantes intervenidos.<\/p>\n<div class=\"news-module\" data-mrf-recirculation=\"IL_wv5lqF4aQ7G5etrMMyn62Q\" data-testid=\"text-html\" data-mrf-experience=\"IL_wv5lqF4aQ7G5etrMMyn62Q\">\n<div class=\"recommended-card__info\">\n<div class=\"recommended-card__info-button recommended-card__info-button--deportes\"><\/div>\n<\/div>\n<\/div>\n<p class=\"paragraph\" data-mrf-recirculation=\"Links inline\"><strong>\u2022\u00a0Se reducir\u00e1 el 30% del personal de la Direcci\u00f3n de Registros Automotor, en el marco de un plan de retiros voluntarios y jubilaciones anticipadas.<\/strong><\/p>\n<div class=\"inline_2_DSK ad-wrapper ad-desktop\">\n<div class=\"dfpAd ad-inline\">\n<div id=\"infobae\/politica\/nota\/inline_2_DSK\" class=\"infobae\/politica\/nota\/inline_2_DSK arcad\" data-google-query-id=\"CIjsn5Ln8oUDFUsEuQYd1w0LAg\">\n<div id=\"google_ads_iframe_\/1058609\/infobae\/politica\/nota\/inline_2_DSK_0__container__\"><\/div>\n<\/div>\n<\/div>\n<\/div>\n<p class=\"paragraph\" data-mrf-recirculation=\"Links inline\"><strong>\u2022 Se\u00a0elimin\u00f3 el Certificado de Transferencia Automotor (CETA)\u00a0que obligaba al ciudadano a reportar la venta de su veh\u00edculo a la AFIP.<\/strong><\/p>\n<p data-mrf-recirculation=\"Links inline\"><strong>CEDULA &#8220;AZUL&#8221;. NO VA M\u00c1S<\/strong><\/p>\n<div class=\"news-module\" data-mrf-recirculation=\"IL_JkB3GTBFTj2urpbOlzOORQ\" data-testid=\"text-html\" data-mrf-experience=\"IL_JkB3GTBFTj2urpbOlzOORQ\">\n<div class=\"recommended-card__info\">\n<div class=\"recommended-card__info-button recommended-card__info-button--deportes\"><strong>\u2022 Se eliminar\u00e1 la \u201cc\u00e9dula azul\u201d: a partir de mayo, cualquier persona podr\u00e1 circular dentro del territorio de la Rep\u00fablica Argentina con la sola exhibici\u00f3n -f\u00edsica o digital- de la c\u00e9dula verde del titular del autom\u00f3vil<\/strong>.<\/div>\n<\/div>\n<\/div>\n<p class=\"paragraph\" data-mrf-recirculation=\"Links inline\">\u2022 Se\u00a0<b>eliminar\u00e1\u00a0<\/b>el\u00a0<b>vencimiento\u00a0<\/b>de todas las \u201c<b>c\u00e9dulas verdes<\/b>\u201d.<\/p>\n<p class=\"paragraph\" data-mrf-recirculation=\"Links inline\">\u2022 Los titulares de los registros seccionales se har\u00e1n cargo del 100% de sus costos operativos, adecuando su ingreso a la tarea efectivamente desempe\u00f1ada y su productividad. El Ministerio de Justicia podr\u00e1 controlar, en todo momento, la estructura de costos de los Encargados de Registros.<\/p>\n<p class=\"paragraph\" data-mrf-recirculation=\"Links inline\">\u2022 Se digitalizar\u00e1n la totalidad de los legajos de los veh\u00edculos, en todos sus tipos, para constituir un registro digital \u00fanico y completo, permitiendo la eliminaci\u00f3n de los legajos f\u00edsicos.<\/p>\n<p class=\"paragraph\" data-mrf-recirculation=\"Links inline\">\u2022 Se propondr\u00e1 a las Provincias la adhesi\u00f3n al convenio de baja de impuestos de sellos y patentes provinciales,\u00a0<b>para reducir el costo de las operaciones registrales<\/b>, que asciende hasta el 70% del costo total de una transferencia.<\/p>\n<p class=\"paragraph\" data-mrf-recirculation=\"Links inline\"><em>\u2022 Se implementar\u00e1\u00a0<b>un R\u00e9gimen de Concursos transparentes<\/b>\u00a0para impedir la contrataci\u00f3n de personas que hayan tenido cargos pol\u00edticos durante los \u00faltimos 10 a\u00f1os, sus familiares y aquellas personas que no acrediten los requisitos de idoneidad y experiencia en la actividad privada para cumplir tal funci\u00f3n.<\/em><\/p>\n<p class=\"paragraph\" data-mrf-recirculation=\"Links inline\">\u2022 Se auditar\u00e1 el sistema de fiscalizaci\u00f3n de los registros seccionales por la Subsecretar\u00eda de Asuntos Registrales.<\/p>\n<p class=\"paragraph\" data-mrf-recirculation=\"Links inline\">\u2022 Se deroga el r\u00e9gimen que\u00a0<b>impone el monopolio de la Casa de la Moneda en la compra de insumos.<\/b>\u00a0Ello permitir\u00e1 la libre competencia de oferentes, lo que se traducir\u00e1 en una mejora de precios.<\/p>\n<p class=\"paragraph\" data-mrf-recirculation=\"Links inline\">\u2022 Se digitalizar\u00e1 la verificaci\u00f3n policial de veh\u00edculos, en una agenda conjunta con las autoridades provinciales y las fuerzas federales.<\/p>\n<p class=\"paragraph\" data-mrf-recirculation=\"Links inline\">\u2022 Se aumentar\u00e1 significativamente el importe que obliga al ciudadano a informar al Estado el origen de los fondos para adquirir un veh\u00edculo.<\/p>\n<div class=\"visual__image\"><img loading=\"lazy\" decoding=\"async\" class=\"\" src=\"https:\/\/www.infobae.com\/new-resizer\/OpqINvoyQvDmuyrQXPDE-111Ua0=\/420x236\/filters:format(webp):quality(85)\/cloudfront-us-east-1.images.arcpublishing.com\/infobae\/REZIYWKQJBBE5MKRENG62GKKIA.jpg%20420w\" sizes=\"auto, (min-width: 1560px) 856px, (min-width: 1000px) calc(74.63vw - 293px), (min-width: 780px) calc(100vw - 376px), (min-width: 580px) calc(100vw - 32px), 100vw\" srcset=\"https:\/\/www.infobae.com\/new-resizer\/OpqINvoyQvDmuyrQXPDE-111Ua0=\/420x236\/filters:format(webp):quality(85)\/cloudfront-us-east-1.images.arcpublishing.com\/infobae\/REZIYWKQJBBE5MKRENG62GKKIA.jpg 420w,https:\/\/www.infobae.com\/new-resizer\/-j8iEIjuEVidYzjqmqmHwdgJb1A=\/768x432\/filters:format(webp):quality(85)\/cloudfront-us-east-1.images.arcpublishing.com\/infobae\/REZIYWKQJBBE5MKRENG62GKKIA.jpg 768w,https:\/\/www.infobae.com\/new-resizer\/eiLr0H1nGGLkZaOUj8DIJjXr9T0=\/992x558\/filters:format(webp):quality(85)\/cloudfront-us-east-1.images.arcpublishing.com\/infobae\/REZIYWKQJBBE5MKRENG62GKKIA.jpg 992w,https:\/\/www.infobae.com\/new-resizer\/CCSSGj0y6Q7B8DbWiox_0xuecKc=\/1200x675\/filters:format(webp):quality(85)\/cloudfront-us-east-1.images.arcpublishing.com\/infobae\/REZIYWKQJBBE5MKRENG62GKKIA.jpg 1200w,https:\/\/www.infobae.com\/new-resizer\/Q1bVmSLaMU9id4fyIlSoCREEOH0=\/1440x810\/filters:format(webp):quality(85)\/cloudfront-us-east-1.images.arcpublishing.com\/infobae\/REZIYWKQJBBE5MKRENG62GKKIA.jpg 1440w\" alt=\" (Imagen Ilustrativa Infobae)\" width=\"1456\" height=\"816\" data-src=\"https:\/\/www.infobae.com\/new-resizer\/OpqINvoyQvDmuyrQXPDE-111Ua0=\/420x236\/filters:format(webp):quality(85)\/cloudfront-us-east-1.images.arcpublishing.com\/infobae\/REZIYWKQJBBE5MKRENG62GKKIA.jpg 420w\" \/>(Imagen Ilustrativa Infobae)<\/div>\n<p class=\"paragraph\" data-mrf-recirculation=\"Links inline\">El 21 de diciembre pasado, apenas 11 d\u00edas de haber asumido el gobierno de Milei, se hab\u00eda firmado el decreto que en su art\u00edculo 364 propon\u00eda la\u00a0<b>transformaci\u00f3n del sistema registral de automotores<\/b>\u00a0de la Rep\u00fablica Argentina. All\u00ed se instaba a que \u201clos Registros de la Propiedad Automotor se convirtieran en Registro Automotor digital de alcance nacional, con un plazo m\u00e1ximo de implementaci\u00f3n del 2 de mayo de 2024. El servicio de inscripci\u00f3n ser\u00e1\u00a0<b>remoto, abierto, accesible y estandarizado\u201d.<\/b><\/p>\n<p class=\"paragraph\" data-mrf-recirculation=\"Links inline\">Para la simplificaci\u00f3n de los tr\u00e1mites registrales el 25 de abril pasado se hab\u00eda publicado en el Bolet\u00edn Oficial la Resoluci\u00f3n General 5505\/2024, con la que la\u00a0<b>Administraci\u00f3n Federal de Ingresos P\u00fablicos (AFIP)<\/b>\u00a0derog\u00f3 el tr\u00e1mite que se necesitaba para obtener el Certificado de Transferencia de Automotores (CETA). Era el que hab\u00eda que pedir al momento de realizar la\u00a0<b>transferencia de titularidad de automotores y motoveh\u00edculos<\/b>\u00a0usados radicados en el pa\u00eds para los veh\u00edculos que superaran los $ 4.500.000.<\/p>\n<p class=\"paragraph\" data-mrf-recirculation=\"Links inline\">En Argentina existen\u00a0<b>1554 registros del automotor,\u00a0<\/b>con unas <strong>180.000 transferencias o inscripciones mensuales\u00a0y alrededor del 40% de los registros est\u00e1n manejados por interventores.<\/strong> Una de las inc\u00f3gnitas que se plantean para el sector es c\u00f3mo impactar\u00e1 el cierre de los organismos intervenidos.<\/p>\n<p class=\"paragraph\" data-mrf-recirculation=\"Links inline\">De acuerdo al comunicado del Ministerio de Justicia que comanda Mariano C\u00faneo Libarona \u201ca partir de este momento, se inicia la segunda etapa de la auditor\u00eda, que tendr\u00e1 por objetivo revisar el contrato general de administraci\u00f3n de los Registros Automotor, acelerar la digitalizaci\u00f3n y transformaci\u00f3n del proceso, y bajar fuertemente los costos de transferencias y\/o patentamientos\u201d.<\/p>\n<div class=\"undefined ad-wrapper\">\n<div class=\"dfpAd \">\n<div id=\"infobae\/politica\/nota\/undefined\" class=\"infobae\/politica\/nota\/undefined arcad\"><b>La auditor\u00eda se realiz\u00f3 sobre 41 registros que ya estaban intervenidos<\/b>. Aparecen en esa n\u00f3mina 42 registros que son de la provincia de Buenos Aires, 13 de la Ciudad Aut\u00f3noma de Buenos Aires, 10 de C\u00f3rdoba, 10 de Entre R\u00edos, 6 de Chaco, entre otros.<\/div>\n<\/div>\n<\/div>\n<p class=\"paragraph\" data-mrf-recirculation=\"Links inline\">Desde el Gobierno apuntaron con este control a descubrir gastos con sobreprecios, la revisi\u00f3n de las adjudicaciones sin concurso y la escasa rendici\u00f3n de cuentas de los fondos que se recaudan. Sostienen que las designaciones como titulares de muchos Registros recayeron en designaciones por favores pol\u00edticos, sobre todo en las en las \u00faltimas d\u00e9cadas. Y que por eso deben transparentar los procesos.<\/p>\n<p data-mrf-recirculation=\"Links inline\">Fotos: gentileza infobae.com<\/p>\n<div class=\"article-tags-container\" data-mrf-recirculation=\"Temas Relacionados\">\n<div class=\"trending-wrapper\" data-mrf-recirculation=\"IL_V9CRnzrQQe6_tjM5QzwxeA\" data-testid=\"text-html\" data-mrf-experience=\"IL_V9CRnzrQQe6_tjM5QzwxeA\">\n<div class=\"title-trending\"><\/div>\n<\/div>\n<\/div>\n<\/div>\n<\/article>\n","protected":false},"excerpt":{"rendered":"<p>Focos de cuestionamientos. Son 1554 en el pa\u00eds, muchos frutos de favores de pol\u00edticos a familiares, allegados y amigos.<\/p>\n","protected":false},"author":3,"featured_media":24894,"comment_status":"open","ping_status":"open","sticky":false,"template":"","format":"standard","meta":{"footnotes":"","jetpack_publicize_message":"","jetpack_publicize_feature_enabled":true,"jetpack_social_post_already_shared":true,"jetpack_social_options":{"image_generator_settings":{"template":"highway","default_image_id":0,"font":"","enabled":false},"version":2}},"categories":[17],"tags":[2681],"class_list":["post-24892","post","type-post","status-publish","format-standard","has-post-thumbnail","hentry","category-politica","tag-registros-automotor"],"jetpack_publicize_connections":[],"jetpack_featured_media_url":"https:\/\/revistaepocadigital.com.ar\/wp-content\/uploads\/2024\/05\/reg-automotor-1.jpeg","jetpack_likes_enabled":true,"_links":{"self":[{"href":"https:\/\/revistaepocadigital.com.ar\/index.php?rest_route=\/wp\/v2\/posts\/24892","targetHints":{"allow":["GET"]}}],"collection":[{"href":"https:\/\/revistaepocadigital.com.ar\/index.php?rest_route=\/wp\/v2\/posts"}],"about":[{"href":"https:\/\/revistaepocadigital.com.ar\/index.php?rest_route=\/wp\/v2\/types\/post"}],"author":[{"embeddable":true,"href":"https:\/\/revistaepocadigital.com.ar\/index.php?rest_route=\/wp\/v2\/users\/3"}],"replies":[{"embeddable":true,"href":"https:\/\/revistaepocadigital.com.ar\/index.php?rest_route=%2Fwp%2Fv2%2Fcomments&post=24892"}],"version-history":[{"count":0,"href":"https:\/\/revistaepocadigital.com.ar\/index.php?rest_route=\/wp\/v2\/posts\/24892\/revisions"}],"wp:featuredmedia":[{"embeddable":true,"href":"https:\/\/revistaepocadigital.com.ar\/index.php?rest_route=\/wp\/v2\/media\/24894"}],"wp:attachment":[{"href":"https:\/\/revistaepocadigital.com.ar\/index.php?rest_route=%2Fwp%2Fv2%2Fmedia&parent=24892"}],"wp:term":[{"taxonomy":"category","embeddable":true,"href":"https:\/\/revistaepocadigital.com.ar\/index.php?rest_route=%2Fwp%2Fv2%2Fcategories&post=24892"},{"taxonomy":"post_tag","embeddable":true,"href":"https:\/\/revistaepocadigital.com.ar\/index.php?rest_route=%2Fwp%2Fv2%2Ftags&post=24892"}],"curies":[{"name":"wp","href":"https:\/\/api.w.org\/{rel}","templated":true}]}}