{"id":24902,"date":"2024-05-03T23:37:44","date_gmt":"2024-05-04T02:37:44","guid":{"rendered":"https:\/\/revistaepocadigital.com.ar\/?p=24902"},"modified":"2024-05-04T00:09:39","modified_gmt":"2024-05-04T03:09:39","slug":"de-mal-en-peor-trenes-argentinos-suspendio-obras-para-solucionar-el-servicio-a-capilla","status":"publish","type":"post","link":"https:\/\/revistaepocadigital.com.ar\/?p=24902","title":{"rendered":"DE MAL EN PEOR. TRENES ARGENTINOS SUSPENDI\u00d3 OBRAS PARA SOLUCIONAR EL SERVICIO A CAPILLA"},"content":{"rendered":"<div class=\"post-content\">\n<p><strong>EL VITAL SERVICIO DE TRANSPORTE P\u00daBLICO EN EL DISTRITO, SUFRI\u00d3 UN GOLPE MUY DURO.<!--more--><\/strong><\/p>\n<p>El Ferrocarril B. Mitre ramal Victoria, que vino mostrando serias falencias en los \u00faltimos a\u00f1os, ten\u00eda asignadas obras de relevancia a modo de mejorar en forma considerable el servicio prestado en precarias condiciones con el l\u00f3gico perjuicio en particular, para los usuarios de Exaltaci\u00f3n de la Cruz.<\/p>\n<p>La interrupci\u00f3n dr\u00e1stica de la obra p\u00fablica resuelta por el gobierno nacional encabezado por Javier Milei a poco de comenzar su gesti\u00f3n, ha tenido una muy seria y perjudicial consecuencia para nuestro distrito. A la interrupci\u00f3n del proyecto que implicaba la reactivaci\u00f3n del servicio de trenes entre Capilla y Diego Gaynor, sumamente promocionada para benepl\u00e1cito de vecinos, se sum\u00f3 hace poco otro decisi\u00f3n muy perjudicial de Trenes Argentinos Operaciones.<\/p>\n<p>El organismo resolvi\u00f3 dejar sin efecto la licitaci\u00f3n puesta en marcha, destinada a las obras para la renovaci\u00f3n de v\u00edas entre Capilla y Los Cardales, tramo de muy larga data, utilizado por vecinos. Con anterioridad a conocerse lo resuelto, un conflicto sindical llev\u00f3 a que el servicio quedara suspendido. La medida, sumada al tan deficiente estado de las v\u00edas y otras instalaciones, ha puesto en serio riesgo la permanencia de trenes\u00a0 que arribaban a Capilla del Se\u00f1or, funcionamiento que adem\u00e1s se encontraba interrumpido entre Cardales y Capilla, al haberse fijado como punto de llegada y partida hacia Victoria a la estaci\u00f3n cardalense.<\/p>\n<div class=\"google-auto-placed ap_container\">\n<p>La licitaci\u00f3n comenzada en el a\u00f1o 2022, se encontraba en el paso de evaluaci\u00f3n de ofertas, habi\u00e9ndose presentada cinco grupos empresarios. El proyecto estipulado abarcaba la renovaci\u00f3n de 12,3 kil\u00f3metros de v\u00edas -11,6 kil\u00f3metros de la v\u00eda 1 y 700 metros de la v\u00eda 2- y cinco pasos a nivel. Adem\u00e1s en la estaci\u00f3n de Capilla estaba prevista la renovaci\u00f3n de v\u00edas, mejoramiento del equipamiento necesario y de desag\u00fces.a<\/p>\n<\/div>\n<p>A la dr\u00e1stica medida se sum\u00f3 tambi\u00e9n la interrupci\u00f3n de las obras de electrificaci\u00f3n y renovaci\u00f3n de v\u00edas entre Victoria y El Talar. Emprendimiento que contaba con financiaci\u00f3n del Banco Mundial. La medida no ha hecho m\u00e1s que agravar el panorama, y que se profundice la incertidumbre en torno al proyecto de modernizaci\u00f3n de la l\u00ednea Mitre, al parecer cada vez m\u00e1s lejano. Otro rev\u00e9s para la gente ha sido otra cancelaci\u00f3n, en este caso la licitaci\u00f3n para obras de mejoramiento de v\u00edas entre San Antonio de Areco y Arrecifes, que tambi\u00e9n fijaba inversiones en el tramo Capilla del Se\u00f1or-San Antonio de Areco. Pasos con trasfondo pol\u00edtico que, ampl\u00edan las dudas sobre la continuidad misma del servicio del ferrocarril B. Mitre, en l\u00ednea acaso con el &#8220;parate&#8221; del servicio entre Victoria y Capilla del Se\u00f1or ocurrido entre octubre de 2022 y noviembre de 2023, esa vez por las obras para la renovaci\u00f3n completa de las v\u00edas entre El Talar y Matheu.<\/p>\n<\/div>\n","protected":false},"excerpt":{"rendered":"<p>EL VITAL SERVICIO DE TRANSPORTE P\u00daBLICO EN EL DISTRITO, SUFRI\u00d3 UN GOLPE MUY DURO.<\/p>\n","protected":false},"author":3,"featured_media":24910,"comment_status":"open","ping_status":"open","sticky":false,"template":"","format":"standard","meta":{"footnotes":"","jetpack_publicize_message":"","jetpack_publicize_feature_enabled":true,"jetpack_social_post_already_shared":true,"jetpack_social_options":{"image_generator_settings":{"template":"highway","default_image_id":0,"font":"","enabled":false},"version":2}},"categories":[13],"tags":[1367,2710,1258],"class_list":["post-24902","post","type-post","status-publish","format-standard","has-post-thumbnail","hentry","category-interes-general","tag-licitacion","tag-suspension-2024","tag-trenes"],"jetpack_publicize_connections":[],"jetpack_featured_media_url":"https:\/\/revistaepocadigital.com.ar\/wp-content\/uploads\/2024\/05\/Estacion_de_capilla_del_Senor_del_F.G.B.M.jpg","jetpack_likes_enabled":true,"_links":{"self":[{"href":"https:\/\/revistaepocadigital.com.ar\/index.php?rest_route=\/wp\/v2\/posts\/24902","targetHints":{"allow":["GET"]}}],"collection":[{"href":"https:\/\/revistaepocadigital.com.ar\/index.php?rest_route=\/wp\/v2\/posts"}],"about":[{"href":"https:\/\/revistaepocadigital.com.ar\/index.php?rest_route=\/wp\/v2\/types\/post"}],"author":[{"embeddable":true,"href":"https:\/\/revistaepocadigital.com.ar\/index.php?rest_route=\/wp\/v2\/users\/3"}],"replies":[{"embeddable":true,"href":"https:\/\/revistaepocadigital.com.ar\/index.php?rest_route=%2Fwp%2Fv2%2Fcomments&post=24902"}],"version-history":[{"count":0,"href":"https:\/\/revistaepocadigital.com.ar\/index.php?rest_route=\/wp\/v2\/posts\/24902\/revisions"}],"wp:featuredmedia":[{"embeddable":true,"href":"https:\/\/revistaepocadigital.com.ar\/index.php?rest_route=\/wp\/v2\/media\/24910"}],"wp:attachment":[{"href":"https:\/\/revistaepocadigital.com.ar\/index.php?rest_route=%2Fwp%2Fv2%2Fmedia&parent=24902"}],"wp:term":[{"taxonomy":"category","embeddable":true,"href":"https:\/\/revistaepocadigital.com.ar\/index.php?rest_route=%2Fwp%2Fv2%2Fcategories&post=24902"},{"taxonomy":"post_tag","embeddable":true,"href":"https:\/\/revistaepocadigital.com.ar\/index.php?rest_route=%2Fwp%2Fv2%2Ftags&post=24902"}],"curies":[{"name":"wp","href":"https:\/\/api.w.org\/{rel}","templated":true}]}}